{"id":33053,"date":"2025-09-01T13:28:10","date_gmt":"2025-09-01T11:28:10","guid":{"rendered":"https:\/\/www.rajapack.de\/verpackungsnews\/?p=33053"},"modified":"2025-09-11T16:01:11","modified_gmt":"2025-09-11T14:01:11","slug":"made-in-europe","status":"publish","type":"post","link":"https:\/\/www.rajapack.de\/verpackungsnews\/made-in-europe","title":{"rendered":"Warum \u201eMade in Europe\u201c ein Kaufargument ist"},"content":{"rendered":"<h5>In Zeiten globalisierter Lieferketten stellt sich f\u00fcr viele Unternehmen die Frage: <strong>Woher stammen eigentlich unsere Verpackungen?<div class=\"su-spacer\" style=\"height:20px\"><\/div><\/strong><\/h5>\n<h5>Preis, Qualit\u00e4t und Nachhaltigkeit stehen in einem komplexen Spannungsfeld. Doch ein Faktor gewinnt zunehmend an Relevanz: Die Herkunft der Produkte.<br \/>\n<strong>\u201eMade in Europe\u201c<\/strong> ist dabei weit mehr als ein Label \u2013 es ist ein <strong>Kaufargument<\/strong>, das Vertrauen schafft, Wettbewerbsvorteile sichert und die eigene Nachhaltigkeitsstrategie unterst\u00fctzt.<strong><div class=\"su-spacer\" style=\"height:20px\"><\/div><\/strong><\/h5>\n<h5>RAJAPACK setzt seit Jahren auf <a href=\"\/made-in-europe_cms_000151.html\" target=\"_blank\" rel=\"noopener\">europ\u00e4ische Produktionsstandorte<\/a>. Doch warum ist das so entscheidend \u2013 und was bedeutet es konkret f\u00fcr Ihr Unternehmen?<\/h5>\n<div class=\"su-spacer\" style=\"height:20px\"><\/div><div class=\"su-divider su-divider-style-default\" style=\"margin:15px 0;border-width:3px;border-color:#999999\"><\/div><div class=\"su-spacer\" style=\"height:20px\"><\/div>\n<div id=\"ez-toc-container\" class=\"ez-toc-v2_0_67_1 counter-hierarchy ez-toc-counter ez-toc-grey ez-toc-container-direction\">\n<div class=\"ez-toc-title-container\">\n<p class=\"ez-toc-title \" >Direkt zu diesen Themen:<\/p>\n<span class=\"ez-toc-title-toggle\"><a href=\"#\" class=\"ez-toc-pull-right ez-toc-btn ez-toc-btn-xs ez-toc-btn-default ez-toc-toggle\" aria-label=\"Toggle Table of Content\"><span class=\"ez-toc-js-icon-con\"><span class=\"\"><span class=\"eztoc-hide\" style=\"display:none;\">Toggle<\/span><span class=\"ez-toc-icon-toggle-span\"><svg style=\"fill: #999;color:#999\" xmlns=\"http:\/\/www.w3.org\/2000\/svg\" class=\"list-377408\" width=\"20px\" height=\"20px\" viewBox=\"0 0 24 24\" fill=\"none\"><path d=\"M6 6H4v2h2V6zm14 0H8v2h12V6zM4 11h2v2H4v-2zm16 0H8v2h12v-2zM4 16h2v2H4v-2zm16 0H8v2h12v-2z\" fill=\"currentColor\"><\/path><\/svg><svg style=\"fill: #999;color:#999\" class=\"arrow-unsorted-368013\" xmlns=\"http:\/\/www.w3.org\/2000\/svg\" width=\"10px\" height=\"10px\" viewBox=\"0 0 24 24\" version=\"1.2\" baseProfile=\"tiny\"><path d=\"M18.2 9.3l-6.2-6.3-6.2 6.3c-.2.2-.3.4-.3.7s.1.5.3.7c.2.2.4.3.7.3h11c.3 0 .5-.1.7-.3.2-.2.3-.5.3-.7s-.1-.5-.3-.7zM5.8 14.7l6.2 6.3 6.2-6.3c.2-.2.3-.5.3-.7s-.1-.5-.3-.7c-.2-.2-.4-.3-.7-.3h-11c-.3 0-.5.1-.7.3-.2.2-.3.5-.3.7s.1.5.3.7z\"\/><\/svg><\/span><\/span><\/span><\/a><\/span><\/div>\n<nav><ul class='ez-toc-list ez-toc-list-level-1 ' ><li class='ez-toc-page-1 ez-toc-heading-level-2'><a class=\"ez-toc-link ez-toc-heading-1\" href=\"https:\/\/www.rajapack.de\/verpackungsnews\/made-in-europe\/#Qualitaet_und_Sicherheit_Vertrauen_durch_strenge_Normen\" title=\"Qualit\u00e4t und Sicherheit: Vertrauen durch strenge Normen\">Qualit\u00e4t und Sicherheit: Vertrauen durch strenge Normen<\/a><\/li><li class='ez-toc-page-1 ez-toc-heading-level-2'><a class=\"ez-toc-link ez-toc-heading-2\" href=\"https:\/\/www.rajapack.de\/verpackungsnews\/made-in-europe\/#Reaktionsgeschwindigkeit_Naehe_schafft_Flexibilitaet\" title=\"Reaktionsgeschwindigkeit: N\u00e4he schafft Flexibilit\u00e4t\">Reaktionsgeschwindigkeit: N\u00e4he schafft Flexibilit\u00e4t<\/a><\/li><li class='ez-toc-page-1 ez-toc-heading-level-2'><a class=\"ez-toc-link ez-toc-heading-3\" href=\"https:\/\/www.rajapack.de\/verpackungsnews\/made-in-europe\/#Nachhaltigkeit_Reduzierte_CO%E2%82%82-Bilanz_als_messbarer_Vorteil\" title=\"Nachhaltigkeit: Reduzierte CO\u2082-Bilanz als messbarer Vorteil\">Nachhaltigkeit: Reduzierte CO\u2082-Bilanz als messbarer Vorteil<\/a><\/li><li class='ez-toc-page-1 ez-toc-heading-level-2'><a class=\"ez-toc-link ez-toc-heading-4\" href=\"https:\/\/www.rajapack.de\/verpackungsnews\/made-in-europe\/#Wirtschaftliche_Verantwortung_Staerkung_der_europaeischen_Industrie\" title=\"Wirtschaftliche Verantwortung: St\u00e4rkung der europ\u00e4ischen Industrie\">Wirtschaftliche Verantwortung: St\u00e4rkung der europ\u00e4ischen Industrie<\/a><\/li><li class='ez-toc-page-1 ez-toc-heading-level-2'><a class=\"ez-toc-link ez-toc-heading-5\" href=\"https:\/\/www.rajapack.de\/verpackungsnews\/made-in-europe\/#Trends_im_Einkauf_Short_Supply_Chains_und_Nachhaltigkeit_als_Pflicht\" title=\"Trends im Einkauf: Short Supply Chains und Nachhaltigkeit als Pflicht\">Trends im Einkauf: Short Supply Chains und Nachhaltigkeit als Pflicht<\/a><\/li><li class='ez-toc-page-1 ez-toc-heading-level-2'><a class=\"ez-toc-link ez-toc-heading-6\" href=\"https:\/\/www.rajapack.de\/verpackungsnews\/made-in-europe\/#Nachhaltige_Verpackung_%E2%80%93_Konsumenten_und_Geschaeftspartner_fordern_sie\" title=\"Nachhaltige Verpackung \u2013 Konsumenten und Gesch\u00e4ftspartner fordern sie\">Nachhaltige Verpackung \u2013 Konsumenten und Gesch\u00e4ftspartner fordern sie<\/a><\/li><li class='ez-toc-page-1 ez-toc-heading-level-2'><a class=\"ez-toc-link ez-toc-heading-7\" href=\"https:\/\/www.rajapack.de\/verpackungsnews\/made-in-europe\/#Technologie_trifft_Region_Innovation_als_Standortfaktor\" title=\"Technologie trifft Region: Innovation als Standortfaktor\">Technologie trifft Region: Innovation als Standortfaktor<\/a><\/li><li class='ez-toc-page-1 ez-toc-heading-level-2'><a class=\"ez-toc-link ez-toc-heading-8\" href=\"https:\/\/www.rajapack.de\/verpackungsnews\/made-in-europe\/#Das_RAJAPACK-Versprechen_86_unserer_Produkte_werden_aus_Europa_bezogen\" title=\"Das RAJAPACK-Versprechen: 86 % unserer Produkte werden aus Europa bezogen\">Das RAJAPACK-Versprechen: 86 % unserer Produkte werden aus Europa bezogen<\/a><\/li><li class='ez-toc-page-1 ez-toc-heading-level-2'><a class=\"ez-toc-link ez-toc-heading-9\" href=\"https:\/\/www.rajapack.de\/verpackungsnews\/made-in-europe\/#Warum_Sie_%E2%80%9EMade_in_Europe%E2%80%9C_als_Kaufargument_nutzen_sollten\" title=\"Warum Sie \u201eMade in Europe\u201c als Kaufargument nutzen sollten\">Warum Sie \u201eMade in Europe\u201c als Kaufargument nutzen sollten<\/a><\/li><\/ul><\/nav><\/div>\n<h2><span class=\"ez-toc-section\" id=\"Qualitaet_und_Sicherheit_Vertrauen_durch_strenge_Normen\"><\/span>Qualit\u00e4t und Sicherheit: Vertrauen durch strenge Normen<span class=\"ez-toc-section-end\"><\/span><\/h2>\n<div class=\"su-spacer\" style=\"height:20px\"><\/div>\n<p data-start=\"1054\" data-end=\"1335\">Europa gilt weltweit als Benchmark, wenn es um <strong data-start=\"1101\" data-end=\"1140\">Qualit\u00e4ts- und Sicherheitsstandards<\/strong> geht.<br data-start=\"1146\" data-end=\"1149\" \/>Richtlinien wie <strong data-start=\"1165\" data-end=\"1174\">REACH<\/strong>, <strong data-start=\"1176\" data-end=\"1190\">ISO-Normen<\/strong> oder branchenspezifische Zertifizierungen sorgen daf\u00fcr, dass Produkte durchgehend gepr\u00fcft werden \u2013 von der Rohstoffauswahl bis zum Endprodukt.<\/p>\n<p data-start=\"1337\" data-end=\"1370\"><strong data-start=\"1337\" data-end=\"1368\">Ihre Vorteile im \u00dcberblick:<\/strong><\/p>\n<ul data-start=\"1371\" data-end=\"1744\">\n<li data-start=\"1371\" data-end=\"1464\">\n<p data-start=\"1373\" data-end=\"1464\"><strong data-start=\"1373\" data-end=\"1395\">Produktsicherheit:<\/strong> Keine b\u00f6sen \u00dcberraschungen, da Inhaltsstoffe klar deklariert sind.<\/p>\n<\/li>\n<li data-start=\"1465\" data-end=\"1606\">\n<p data-start=\"1467\" data-end=\"1606\"><strong data-start=\"1467\" data-end=\"1488\">Zertifizierungen:<\/strong> Garantierte Einhaltung gesetzlicher Vorgaben f\u00fcr sensible Einsatzbereiche (Lebensmittelkontakt, Gefahrgut, Chemie).<\/p>\n<\/li>\n<li data-start=\"1607\" data-end=\"1744\">\n<p data-start=\"1609\" data-end=\"1744\"><strong data-start=\"1609\" data-end=\"1645\">Transparente R\u00fcckverfolgbarkeit:<\/strong> Im Falle von Produktr\u00fcckrufen oder Qualit\u00e4tsfragen k\u00f6nnen Ursachen schnell identifiziert werden.<\/p>\n<\/li>\n<\/ul>\n<div class=\"su-pullquote su-pullquote-align-left\">&#8222;Made in Europe&#8220; bedeutet weniger Risiko in Ihren Prozessen und mehr Verl\u00e4sslichkeit gegen\u00fcber Ihren Kunden.<\/div>\n<div class=\"su-quote su-quote-style-default su-quote-has-cite\"><div class=\"su-quote-inner su-u-clearfix su-u-trim\">Die RAJA-Gruppe bezieht 86 % ihrer Produkte aus europ\u00e4ischer Herstellung und ist in 19 L\u00e4ndern vertreten.<span class=\"su-quote-cite\">RAJAPACK<\/span><\/div><\/div>\n<div class=\"su-spacer\" style=\"height:20px\"><\/div>\n<div class=\"su-image-carousel  su-image-carousel-columns-6 su-image-carousel-has-spacing su-image-carousel-adaptive su-image-carousel-slides-style-default su-image-carousel-controls-style-light su-image-carousel-align-center\" style=\"max-width:860px\" data-flickity-options='{\"groupCells\":true,\"cellSelector\":\".su-image-carousel-item\",\"adaptiveHeight\":true,\"cellAlign\":\"left\",\"prevNextButtons\":true,\"pageDots\":false,\"autoPlay\":false,\"imagesLoaded\":true,\"contain\":false,\"selectedAttraction\":0.007,\"friction\":0.25}' id=\"su_image_carousel_69f0eaa1ef034\"><div class=\"su-image-carousel-item\"><div class=\"su-image-carousel-item-content\"><a href=\"\" target=\"_blank\" rel=\"noopener noreferrer\" data-caption=\"\"><img loading=\"lazy\" decoding=\"async\" width=\"600\" height=\"600\" src=\"https:\/\/www.rajapack.de\/verpackungsnews\/wp-content\/uploads\/2025\/09\/sac-kraft-poignees.png\" class=\"\" alt=\"\" srcset=\"https:\/\/www.rajapack.de\/verpackungsnews\/wp-content\/uploads\/2025\/09\/sac-kraft-poignees.png 600w, https:\/\/www.rajapack.de\/verpackungsnews\/wp-content\/uploads\/2025\/09\/sac-kraft-poignees-430x430.png 430w, https:\/\/www.rajapack.de\/verpackungsnews\/wp-content\/uploads\/2025\/09\/sac-kraft-poignees-150x150.png 150w, https:\/\/www.rajapack.de\/verpackungsnews\/wp-content\/uploads\/2025\/09\/sac-kraft-poignees-120x120.png 120w\" sizes=\"(max-width: 600px) 100vw, 600px\" \/><span><\/span><\/a><\/div><\/div><div class=\"su-image-carousel-item\"><div class=\"su-image-carousel-item-content\"><a href=\"https:\/\/www.rajapack.de\/beutel-behaelter_C20.html\" target=\"_blank\" rel=\"noopener noreferrer\" data-caption=\"\"><img loading=\"lazy\" decoding=\"async\" width=\"600\" height=\"600\" src=\"https:\/\/www.rajapack.de\/verpackungsnews\/wp-content\/uploads\/2025\/09\/sachet-bulles-10-mm-fermeture-adhesive-60-recycle.jpg\" class=\"\" alt=\"Made in Europe - Beutel\" srcset=\"https:\/\/www.rajapack.de\/verpackungsnews\/wp-content\/uploads\/2025\/09\/sachet-bulles-10-mm-fermeture-adhesive-60-recycle.jpg 600w, https:\/\/www.rajapack.de\/verpackungsnews\/wp-content\/uploads\/2025\/09\/sachet-bulles-10-mm-fermeture-adhesive-60-recycle-430x430.jpg 430w, https:\/\/www.rajapack.de\/verpackungsnews\/wp-content\/uploads\/2025\/09\/sachet-bulles-10-mm-fermeture-adhesive-60-recycle-150x150.jpg 150w, https:\/\/www.rajapack.de\/verpackungsnews\/wp-content\/uploads\/2025\/09\/sachet-bulles-10-mm-fermeture-adhesive-60-recycle-120x120.jpg 120w\" sizes=\"(max-width: 600px) 100vw, 600px\" \/><span><\/span><\/a><\/div><\/div><div class=\"su-image-carousel-item\"><div class=\"su-image-carousel-item-content\"><a href=\"https:\/\/www.rajapack.de\/klebebaender-verschlussmittel\/packband\/papierklebeband_C301050.html\" target=\"_blank\" rel=\"noopener noreferrer\" data-caption=\"\"><img loading=\"lazy\" decoding=\"async\" width=\"410\" height=\"410\" src=\"https:\/\/www.rajapack.de\/verpackungsnews\/wp-content\/uploads\/2025\/09\/ruban-kraft.png\" class=\"\" alt=\"Made in Europe - Papierklebeband\" srcset=\"https:\/\/www.rajapack.de\/verpackungsnews\/wp-content\/uploads\/2025\/09\/ruban-kraft.png 410w, https:\/\/www.rajapack.de\/verpackungsnews\/wp-content\/uploads\/2025\/09\/ruban-kraft-150x150.png 150w, https:\/\/www.rajapack.de\/verpackungsnews\/wp-content\/uploads\/2025\/09\/ruban-kraft-120x120.png 120w\" sizes=\"(max-width: 410px) 100vw, 410px\" \/><span><\/span><\/a><\/div><\/div><div class=\"su-image-carousel-item\"><div class=\"su-image-carousel-item-content\"><a href=\"https:\/\/www.rajapack.de\/versandtaschen-umschlaege-versandrohre\/polsterumschlaege\/luftpolster-versandtaschen_C151410.html\" target=\"_blank\" rel=\"noopener noreferrer\" data-caption=\"\"><img loading=\"lazy\" decoding=\"async\" width=\"600\" height=\"600\" src=\"https:\/\/www.rajapack.de\/verpackungsnews\/wp-content\/uploads\/2025\/09\/pochette-matelassee-eco-bulles-blanche.jpg\" class=\"\" alt=\"Made in Europe - Versandtaschen\" srcset=\"https:\/\/www.rajapack.de\/verpackungsnews\/wp-content\/uploads\/2025\/09\/pochette-matelassee-eco-bulles-blanche.jpg 600w, https:\/\/www.rajapack.de\/verpackungsnews\/wp-content\/uploads\/2025\/09\/pochette-matelassee-eco-bulles-blanche-430x430.jpg 430w, https:\/\/www.rajapack.de\/verpackungsnews\/wp-content\/uploads\/2025\/09\/pochette-matelassee-eco-bulles-blanche-150x150.jpg 150w, https:\/\/www.rajapack.de\/verpackungsnews\/wp-content\/uploads\/2025\/09\/pochette-matelassee-eco-bulles-blanche-120x120.jpg 120w\" sizes=\"(max-width: 600px) 100vw, 600px\" \/><span><\/span><\/a><\/div><\/div><div class=\"su-image-carousel-item\"><div class=\"su-image-carousel-item-content\"><a href=\"https:\/\/www.rajapack.de\/polster-fuellmaterialien\/papierpolster\/knuellpapier\/spenderbox_OFF_DE_01655.html\" target=\"_blank\" rel=\"noopener noreferrer\" data-caption=\"\"><img loading=\"lazy\" decoding=\"async\" width=\"600\" height=\"600\" src=\"https:\/\/www.rajapack.de\/verpackungsnews\/wp-content\/uploads\/2025\/09\/papier-calage-recycle-boite-distributrice.jpg\" class=\"\" alt=\"Made in Europe - Kn\u00fcllpapier\" srcset=\"https:\/\/www.rajapack.de\/verpackungsnews\/wp-content\/uploads\/2025\/09\/papier-calage-recycle-boite-distributrice.jpg 600w, https:\/\/www.rajapack.de\/verpackungsnews\/wp-content\/uploads\/2025\/09\/papier-calage-recycle-boite-distributrice-430x430.jpg 430w, https:\/\/www.rajapack.de\/verpackungsnews\/wp-content\/uploads\/2025\/09\/papier-calage-recycle-boite-distributrice-150x150.jpg 150w, https:\/\/www.rajapack.de\/verpackungsnews\/wp-content\/uploads\/2025\/09\/papier-calage-recycle-boite-distributrice-120x120.jpg 120w\" sizes=\"(max-width: 600px) 100vw, 600px\" \/><span><\/span><\/a><\/div><\/div><div class=\"su-image-carousel-item\"><div class=\"su-image-carousel-item-content\"><a href=\"https:\/\/www.rajapack.de\/polster-fuellmaterialien\/papierpolster_C2540.html\" target=\"_blank\" rel=\"noopener noreferrer\" data-caption=\"\"><img loading=\"lazy\" decoding=\"async\" width=\"222\" height=\"186\" src=\"https:\/\/www.rajapack.de\/verpackungsnews\/wp-content\/uploads\/2025\/09\/image8-4.png\" class=\"\" alt=\"Made in Europe - Papierpolster\" \/><span><\/span><\/a><\/div><\/div><div class=\"su-image-carousel-item\"><div class=\"su-image-carousel-item-content\"><a href=\"https:\/\/www.rajapack.de\/polster-fuellmaterialien_C25.html\" target=\"_blank\" rel=\"noopener noreferrer\" data-caption=\"\"><img loading=\"lazy\" decoding=\"async\" width=\"433\" height=\"331\" src=\"https:\/\/www.rajapack.de\/verpackungsnews\/wp-content\/uploads\/2025\/09\/frisure-papier.png\" class=\"\" alt=\"Made in Europe - Polster - und F\u00fcllmaterial\" srcset=\"https:\/\/www.rajapack.de\/verpackungsnews\/wp-content\/uploads\/2025\/09\/frisure-papier.png 433w, https:\/\/www.rajapack.de\/verpackungsnews\/wp-content\/uploads\/2025\/09\/frisure-papier-430x329.png 430w\" sizes=\"(max-width: 433px) 100vw, 433px\" \/><span><\/span><\/a><\/div><\/div><div class=\"su-image-carousel-item\"><div class=\"su-image-carousel-item-content\"><a href=\"https:\/\/www.rajapack.de\/kartons-schachteln-container\/faltkartons-aus-wellpappe\/automatikboden-kartons_C101018.html\" target=\"_blank\" rel=\"noopener noreferrer\" data-caption=\"\"><img loading=\"lazy\" decoding=\"async\" width=\"600\" height=\"600\" src=\"https:\/\/www.rajapack.de\/verpackungsnews\/wp-content\/uploads\/2025\/09\/caisse-carton-standard-double-cannelure.jpg\" class=\"\" alt=\"Made in Europe - Automatikbodenkartons\" srcset=\"https:\/\/www.rajapack.de\/verpackungsnews\/wp-content\/uploads\/2025\/09\/caisse-carton-standard-double-cannelure.jpg 600w, https:\/\/www.rajapack.de\/verpackungsnews\/wp-content\/uploads\/2025\/09\/caisse-carton-standard-double-cannelure-430x430.jpg 430w, https:\/\/www.rajapack.de\/verpackungsnews\/wp-content\/uploads\/2025\/09\/caisse-carton-standard-double-cannelure-150x150.jpg 150w, https:\/\/www.rajapack.de\/verpackungsnews\/wp-content\/uploads\/2025\/09\/caisse-carton-standard-double-cannelure-120x120.jpg 120w\" sizes=\"(max-width: 600px) 100vw, 600px\" \/><span><\/span><\/a><\/div><\/div><div class=\"su-image-carousel-item\"><div class=\"su-image-carousel-item-content\"><a href=\"https:\/\/www.rajapack.de\/kartons-schachteln-container\/din-format-kartons_C1012.html\" target=\"_blank\" rel=\"noopener noreferrer\" data-caption=\"\"><img loading=\"lazy\" decoding=\"async\" width=\"1024\" height=\"890\" src=\"https:\/\/www.rajapack.de\/verpackungsnews\/wp-content\/uploads\/2025\/09\/caisse-bande-adhesive-1024x890-1.jpg\" class=\"\" alt=\"Made in Europe - DIN-Format Kartons\" srcset=\"https:\/\/www.rajapack.de\/verpackungsnews\/wp-content\/uploads\/2025\/09\/caisse-bande-adhesive-1024x890-1.jpg 1024w, https:\/\/www.rajapack.de\/verpackungsnews\/wp-content\/uploads\/2025\/09\/caisse-bande-adhesive-1024x890-1-430x374.jpg 430w, https:\/\/www.rajapack.de\/verpackungsnews\/wp-content\/uploads\/2025\/09\/caisse-bande-adhesive-1024x890-1-768x668.jpg 768w\" sizes=\"(max-width: 1024px) 100vw, 1024px\" \/><span><\/span><\/a><\/div><\/div><div class=\"su-image-carousel-item\"><div class=\"su-image-carousel-item-content\"><a href=\"https:\/\/www.rajapack.de\/kartons-schachteln-container\/deutschepost-und-dhlkartons_C1034.html\" target=\"_blank\" rel=\"noopener noreferrer\" data-caption=\"\"><img loading=\"lazy\" decoding=\"async\" width=\"600\" height=\"600\" src=\"https:\/\/www.rajapack.de\/verpackungsnews\/wp-content\/uploads\/2025\/09\/boite-postale-carton-brune-simple-cannelure.jpg\" class=\"\" alt=\"Made in Europe - Postkartons\" srcset=\"https:\/\/www.rajapack.de\/verpackungsnews\/wp-content\/uploads\/2025\/09\/boite-postale-carton-brune-simple-cannelure.jpg 600w, https:\/\/www.rajapack.de\/verpackungsnews\/wp-content\/uploads\/2025\/09\/boite-postale-carton-brune-simple-cannelure-430x430.jpg 430w, https:\/\/www.rajapack.de\/verpackungsnews\/wp-content\/uploads\/2025\/09\/boite-postale-carton-brune-simple-cannelure-150x150.jpg 150w, https:\/\/www.rajapack.de\/verpackungsnews\/wp-content\/uploads\/2025\/09\/boite-postale-carton-brune-simple-cannelure-120x120.jpg 120w\" sizes=\"(max-width: 600px) 100vw, 600px\" \/><span><\/span><\/a><\/div><\/div><div class=\"su-image-carousel-item\"><div class=\"su-image-carousel-item-content\"><a href=\"https:\/\/www.rajapack.de\/lagerung_C90.html\" target=\"_blank\" rel=\"noopener noreferrer\" data-caption=\"\"><img loading=\"lazy\" decoding=\"async\" width=\"600\" height=\"600\" src=\"https:\/\/www.rajapack.de\/verpackungsnews\/wp-content\/uploads\/2025\/09\/bac-navette-100-recycle.jpg\" class=\"\" alt=\"Made in Europe - Lagerung\" srcset=\"https:\/\/www.rajapack.de\/verpackungsnews\/wp-content\/uploads\/2025\/09\/bac-navette-100-recycle.jpg 600w, https:\/\/www.rajapack.de\/verpackungsnews\/wp-content\/uploads\/2025\/09\/bac-navette-100-recycle-430x430.jpg 430w, https:\/\/www.rajapack.de\/verpackungsnews\/wp-content\/uploads\/2025\/09\/bac-navette-100-recycle-150x150.jpg 150w, https:\/\/www.rajapack.de\/verpackungsnews\/wp-content\/uploads\/2025\/09\/bac-navette-100-recycle-120x120.jpg 120w\" sizes=\"(max-width: 600px) 100vw, 600px\" \/><span><\/span><\/a><\/div><\/div><\/div><script id=\"su_image_carousel_69f0eaa1ef034_script\">if(window.SUImageCarousel){setTimeout(function() {window.SUImageCarousel.initGallery(document.getElementById(\"su_image_carousel_69f0eaa1ef034\"))}, 0);}var su_image_carousel_69f0eaa1ef034_script=document.getElementById(\"su_image_carousel_69f0eaa1ef034_script\");if(su_image_carousel_69f0eaa1ef034_script){su_image_carousel_69f0eaa1ef034_script.parentNode.removeChild(su_image_carousel_69f0eaa1ef034_script);}<\/script>\n<h2 data-start=\"1837\" data-end=\"1896\"><span class=\"ez-toc-section\" id=\"Reaktionsgeschwindigkeit_Naehe_schafft_Flexibilitaet\"><\/span>Reaktionsgeschwindigkeit: N\u00e4he schafft Flexibilit\u00e4t<span class=\"ez-toc-section-end\"><\/span><\/h2>\n<div class=\"su-spacer\" style=\"height:20px\"><\/div>\n<p data-start=\"1897\" data-end=\"2035\">Globalisierte Lieferketten sind st\u00f6ranf\u00e4llig \u2013 versp\u00e4tete Container, Hafenstreiks oder steigende Transportkosten sind bekannte Probleme.<\/p>\n<p data-start=\"2037\" data-end=\"2126\">Europ\u00e4ische Produktionsstandorte bieten dagegen entscheidende <strong data-start=\"2099\" data-end=\"2123\">logistische Vorteile<\/strong>:<\/p>\n<ul data-start=\"2127\" data-end=\"2461\">\n<li data-start=\"2127\" data-end=\"2226\">\n<p data-start=\"2129\" data-end=\"2226\"><strong data-start=\"2129\" data-end=\"2157\">Schnellere Lieferzeiten:<\/strong> Waren erreichen Ihr Lager oft innerhalb weniger Tage statt Wochen. Bei RAJAPACK? <a href=\"\/services\/schnelle-lieferung_cms_000010.html\" target=\"_blank\" rel=\"noopener\">Lieferung innerhalb 24\/48 Stunden<\/a>!<\/p>\n<\/li>\n<li data-start=\"2227\" data-end=\"2342\">\n<p data-start=\"2229\" data-end=\"2342\"><strong data-start=\"2229\" data-end=\"2253\">Anpassungsf\u00e4higkeit:<\/strong> Bedarfsspitzen k\u00f6nnen kurzfristig bedient werden \u2013 ein wichtiger Faktor im E-Commerce.<\/p>\n<\/li>\n<li data-start=\"2343\" data-end=\"2461\">\n<p data-start=\"2345\" data-end=\"2461\"><strong data-start=\"2345\" data-end=\"2365\">Kostenkontrolle:<\/strong> K\u00fcrzere Wege senken nicht nur Transportkosten, sondern auch das Risiko volatiler Frachtraten.<\/p>\n<\/li>\n<\/ul>\n<div class=\"su-pullquote su-pullquote-align-left\">Gerade in einem wettbewerbsintensiven Markt, in dem Geschwindigkeit und Lieferf\u00e4higkeit \u00fcber Kundenzufriedenheit entscheiden, ist \u201eMade in Europe\u201c ein echtes Argument.<\/div>\n<div class=\"su-quote su-quote-style-default su-quote-has-cite\"><div class=\"su-quote-inner su-u-clearfix su-u-trim\">Die europ\u00e4ische Produktion garantiert R\u00fcckverfolgbarkeit und Sicherheit \u2013 entscheidend im Krisenfall.<span class=\"su-quote-cite\">RAJAPACK<\/span><\/div><\/div>\n<div class=\"su-spacer\" style=\"height:20px\"><\/div>\n<h2 data-start=\"2637\" data-end=\"2704\"><span class=\"ez-toc-section\" id=\"Nachhaltigkeit_Reduzierte_CO%E2%82%82-Bilanz_als_messbarer_Vorteil\"><\/span>Nachhaltigkeit: Reduzierte CO\u2082-Bilanz als messbarer Vorteil<span class=\"ez-toc-section-end\"><\/span><\/h2>\n<div class=\"su-spacer\" style=\"height:20px\"><\/div>\n<p data-start=\"2705\" data-end=\"2830\">Unternehmen stehen zunehmend unter Druck, ihre <strong data-start=\"2752\" data-end=\"2766\">Klimaziele<\/strong> zu erf\u00fcllen. Verpackungen aus Europa tragen messbar dazu bei:<\/p>\n<ul data-start=\"2832\" data-end=\"3245\">\n<li data-start=\"2832\" data-end=\"2943\">\n<p data-start=\"2834\" data-end=\"2943\"><strong data-start=\"2834\" data-end=\"2857\">Kurze Transportwege<\/strong> senken CO\u2082-Emissionen im Vergleich zu Importen aus Asien oder S\u00fcdamerika drastisch.<\/p>\n<\/li>\n<li data-start=\"2944\" data-end=\"3068\">\n<p data-start=\"2946\" data-end=\"3068\"><strong data-start=\"2946\" data-end=\"2979\">Weniger Sekund\u00e4rverpackungen:<\/strong> Beim Transport \u00fcber Land ist der Schutzbedarf geringer, was wiederum Abfall reduziert.<\/p>\n<\/li>\n<li data-start=\"3069\" data-end=\"3245\">\n<p data-start=\"3071\" data-end=\"3245\"><strong data-start=\"3071\" data-end=\"3095\">Kreislaufwirtschaft:<\/strong> In Europa entstehen zunehmend L\u00f6sungen, die auf <a href=\"\/umwelt\/5-verpackungsgrundsaetze\" target=\"_blank\" rel=\"noopener\">Recycling und Wiederverwendung<\/a> setzen \u2013 ein Pluspunkt f\u00fcr Ihre eigene Nachhaltigkeitskommunikation.<\/p>\n<\/li>\n<\/ul>\n<div class=\"su-pullquote su-pullquote-align-left\">Mit europ\u00e4ischen Verpackungen k\u00f6nnen Sie glaubhaft zeigen, dass Ihre Nachhaltigkeitsstrategie nicht nur auf dem Papier existiert, sondern messbare Ergebnisse liefert.<\/div>\n<div class=\"su-quote su-quote-style-default su-quote-has-cite\"><div class=\"su-quote-inner su-u-clearfix su-u-trim\">Produkte aus Europa reduzieren die CO\u2082-Bilanz sp\u00fcrbar, da lange Transportwege entfallen.<span class=\"su-quote-cite\">RAJAPACK<\/span><\/div><\/div>\n<div class=\"su-spacer\" style=\"height:20px\"><\/div>\n<p><img loading=\"lazy\" decoding=\"async\" class=\"size-medium wp-image-33069 alignnone\" src=\"https:\/\/www.rajapack.de\/verpackungsnews\/wp-content\/uploads\/2025\/09\/KatalogcoverDG0925_RAJAPACK-301x430.png\" alt=\"Made in Europe - aktueller Katalog\" width=\"301\" height=\"430\" srcset=\"https:\/\/www.rajapack.de\/verpackungsnews\/wp-content\/uploads\/2025\/09\/KatalogcoverDG0925_RAJAPACK-301x430.png 301w, https:\/\/www.rajapack.de\/verpackungsnews\/wp-content\/uploads\/2025\/09\/KatalogcoverDG0925_RAJAPACK-718x1024.png 718w, https:\/\/www.rajapack.de\/verpackungsnews\/wp-content\/uploads\/2025\/09\/KatalogcoverDG0925_RAJAPACK-768x1096.png 768w, https:\/\/www.rajapack.de\/verpackungsnews\/wp-content\/uploads\/2025\/09\/KatalogcoverDG0925_RAJAPACK.png 855w\" sizes=\"(max-width: 301px) 100vw, 301px\" \/><a href=\"https:\/\/www.rajapack.de\/made-in-europe_cms_000151.html\"><img loading=\"lazy\" decoding=\"async\" class=\"alignright wp-image-33082 size-medium\" src=\"https:\/\/www.rajapack.de\/verpackungsnews\/wp-content\/uploads\/2025\/09\/Made-in-Europe_WHITE-430x430.jpg\" alt=\"Hergestellt in Europa - Verpackung Kunst\" width=\"430\" height=\"430\" srcset=\"https:\/\/www.rajapack.de\/verpackungsnews\/wp-content\/uploads\/2025\/09\/Made-in-Europe_WHITE-430x430.jpg 430w, https:\/\/www.rajapack.de\/verpackungsnews\/wp-content\/uploads\/2025\/09\/Made-in-Europe_WHITE-150x150.jpg 150w, https:\/\/www.rajapack.de\/verpackungsnews\/wp-content\/uploads\/2025\/09\/Made-in-Europe_WHITE-768x768.jpg 768w, https:\/\/www.rajapack.de\/verpackungsnews\/wp-content\/uploads\/2025\/09\/Made-in-Europe_WHITE-800x800.jpg 800w, https:\/\/www.rajapack.de\/verpackungsnews\/wp-content\/uploads\/2025\/09\/Made-in-Europe_WHITE-120x120.jpg 120w, https:\/\/www.rajapack.de\/verpackungsnews\/wp-content\/uploads\/2025\/09\/Made-in-Europe_WHITE.jpg 1024w\" sizes=\"(max-width: 430px) 100vw, 430px\" \/><\/a><\/p>\n<h2 data-start=\"3434\" data-end=\"3508\"><span class=\"ez-toc-section\" id=\"Wirtschaftliche_Verantwortung_Staerkung_der_europaeischen_Industrie\"><\/span>Wirtschaftliche Verantwortung: St\u00e4rkung der europ\u00e4ischen Industrie<span class=\"ez-toc-section-end\"><\/span><\/h2>\n<div class=\"su-spacer\" style=\"height:20px\"><\/div>\n<p data-start=\"3509\" data-end=\"3609\">\u201e<a href=\"\/made-in-europe_cms_000151.html\" target=\"_blank\" rel=\"noopener\">Made in Europe<\/a>\u201c ist auch ein Bekenntnis zur <strong data-start=\"3554\" data-end=\"3582\">regionalen Wertsch\u00f6pfung<\/strong>. Jeder Kauf unterst\u00fctzt:<\/p>\n<ul data-start=\"3610\" data-end=\"3888\">\n<li data-start=\"3610\" data-end=\"3692\">\n<p data-start=\"3612\" data-end=\"3692\"><strong data-start=\"3612\" data-end=\"3630\">Arbeitspl\u00e4tze:<\/strong> Direkte Besch\u00e4ftigung in Produktion, Logistik und Vertrieb.<\/p>\n<\/li>\n<li data-start=\"3693\" data-end=\"3766\">\n<p data-start=\"3695\" data-end=\"3766\"><strong data-start=\"3695\" data-end=\"3715\">Know-how-Erhalt:<\/strong> Fachwissen im Bereich Verpackung bleibt vor Ort.<\/p>\n<\/li>\n<li data-start=\"3767\" data-end=\"3888\">\n<p data-start=\"3769\" data-end=\"3888\"><strong data-start=\"3769\" data-end=\"3804\">Investitionen in Infrastruktur:<\/strong> Hersteller k\u00f6nnen Produktionsanlagen modernisieren und Innovationen vorantreiben.<\/p>\n<\/li>\n<\/ul>\n<div class=\"su-pullquote su-pullquote-align-left\">Damit leisten Unternehmen, die europ\u00e4ische Verpackungen bevorzugen, einen aktiven Beitrag zur wirtschaftlichen Stabilit\u00e4t der Region.<\/div>\n<div class=\"su-quote su-quote-style-default su-quote-has-cite\"><div class=\"su-quote-inner su-u-clearfix su-u-trim\">Jeder Kauf von Made-in-Europe-Produkten st\u00e4rkt Arbeitspl\u00e4tze und Know-how in Europa.<span class=\"su-quote-cite\">RAJAPACK<\/span><\/div><\/div>\n<div class=\"su-spacer\" style=\"height:20px\"><\/div>\n<h2 data-start=\"4032\" data-end=\"4109\"><span class=\"ez-toc-section\" id=\"Trends_im_Einkauf_Short_Supply_Chains_und_Nachhaltigkeit_als_Pflicht\"><\/span>Trends im Einkauf: Short Supply Chains und Nachhaltigkeit als Pflicht<span class=\"ez-toc-section-end\"><\/span><\/h2>\n<div class=\"su-spacer\" style=\"height:20px\"><\/div>\n<p data-start=\"4110\" data-end=\"4569\">Infolge globaler Krisen \u2013 von Pandemien bis geopolitischen Spannungen \u2013 setzen Unternehmen zunehmend auf <strong data-start=\"4215\" data-end=\"4248\">kurze, regionale Lieferketten<\/strong>.<br data-start=\"4249\" data-end=\"4252\" \/>Studien belegen, dass Firmen nach der Pandemie verst\u00e4rkt auf <strong data-start=\"4313\" data-end=\"4328\">Nearshoring<\/strong> setzen, um ihre Versorgung sicherer und resilienter zu gestalten. Laut einer EU-Analyse sind gerade strategisch relevante Branchen bestrebt, ihre <strong data-start=\"4475\" data-end=\"4516\">Abh\u00e4ngigkeit von globalen Lieferungen<\/strong> zu reduzieren und <strong data-start=\"4535\" data-end=\"4555\">lokale Netzwerke<\/strong> aufzubauen.<\/p>\n<p data-start=\"4110\" data-end=\"4569\">Auch Nachhaltigkeit ist l\u00e4ngst kein \u201eNice-to-have\u201c mehr: Im <strong data-start=\"4631\" data-end=\"4695\">European Logistics &amp; Supply Chain Sustainability Report 2024<\/strong> gaben <strong data-start=\"4702\" data-end=\"4733\">ein Drittel der Unternehmen<\/strong> an, Nachhaltigkeitsziele als <strong data-start=\"4763\" data-end=\"4802\">verbindliche Lieferantenanforderung<\/strong> zu definieren \u2013 Tendenz steigend. Damit wird \u201eMade in Europe\u201c zunehmend zum Nachweis f\u00fcr verantwortungsvolle Lieferketten.<\/p>\n<p data-start=\"4110\" data-end=\"4569\"><div class=\"su-spacer\" style=\"height:20px\"><\/div>\n<h2 data-start=\"4932\" data-end=\"5009\"><span class=\"ez-toc-section\" id=\"Nachhaltige_Verpackung_%E2%80%93_Konsumenten_und_Geschaeftspartner_fordern_sie\"><\/span>Nachhaltige Verpackung \u2013 Konsumenten und Gesch\u00e4ftspartner fordern sie<span class=\"ez-toc-section-end\"><\/span><\/h2>\n<div class=\"su-spacer\" style=\"height:20px\"><\/div>\n<p data-start=\"5010\" data-end=\"5184\">Die Verpackungsindustrie erlebt derzeit eine klare Verschiebung: Der globale Markt f\u00fcr <strong data-start=\"5097\" data-end=\"5125\">nachhaltige Verpackungen<\/strong> wird bis 2027 auf <strong data-start=\"5144\" data-end=\"5171\">\u00fcber 467 Milliarden USD<\/strong> gesch\u00e4tzt.<\/p>\n<p data-start=\"5186\" data-end=\"5233\">Auch die Kundenseite zeigt klare Erwartungen:<\/p>\n<ul data-start=\"5234\" data-end=\"5568\">\n<li data-start=\"5234\" data-end=\"5333\">\n<p data-start=\"5236\" data-end=\"5333\"><strong data-start=\"5236\" data-end=\"5260\">70 % der Konsumenten<\/strong> sind bereit, f\u00fcr nachhaltigere Produkte <strong data-start=\"5301\" data-end=\"5320\">bis zu 5 % mehr<\/strong> zu zahlen.<\/p>\n<\/li>\n<li data-start=\"5334\" data-end=\"5430\">\n<p data-start=\"5336\" data-end=\"5430\">Unternehmen nutzen Herkunft und Nachhaltigkeit zunehmend aktiv in ihrer Markenkommunikation.<\/p>\n<\/li>\n<li data-start=\"5431\" data-end=\"5568\">\n<p data-start=\"5433\" data-end=\"5568\">Im B2B-Bereich spielt \u201eMade in Europe\u201c eine entscheidende Rolle, um <strong data-start=\"5501\" data-end=\"5542\">Corporate-Social-Responsibility-Ziele<\/strong> glaubw\u00fcrdig zu belegen.<\/p>\n<\/li>\n<\/ul>\n<div class=\"su-pullquote su-pullquote-align-left\">Verpackungen aus Europa erf\u00fcllen diese Anforderungen, da sie kurze Wege mit Recyclingkonzepten und klarer R\u00fcckverfolgbarkeit verbinden.<\/div>\n<div class=\"su-quote su-quote-style-default su-quote-has-cite\"><div class=\"su-quote-inner su-u-clearfix su-u-trim\">Produkte aus Europa reduzieren die CO\u2082-Bilanz sp\u00fcrbar, da lange Transportwege entfallen.<span class=\"su-quote-cite\">RAJAPACK<\/span><\/div><\/div>\n<div class=\"su-spacer\" style=\"height:20px\"><\/div>\n<h2 data-start=\"5712\" data-end=\"5776\"><span class=\"ez-toc-section\" id=\"Technologie_trifft_Region_Innovation_als_Standortfaktor\"><\/span>Technologie trifft Region: Innovation als Standortfaktor<span class=\"ez-toc-section-end\"><\/span><\/h2>\n<div class=\"su-spacer\" style=\"height:20px\"><\/div>\n<p data-start=\"5777\" data-end=\"5994\">\u201e<a href=\"\/made-in-europe_cms_000151.html\" target=\"_blank\" rel=\"noopener\">Made in Europe<\/a>\u201c bedeutet Fortschritt.<br data-start=\"5841\" data-end=\"5844\" \/>Die europ\u00e4ische Verpackungsindustrie investiert verst\u00e4rkt in <strong data-start=\"5905\" data-end=\"5944\">Cloud-basierte Supply-Chain-Systeme<\/strong>, <strong data-start=\"5946\" data-end=\"5967\">RFID-Technologien<\/strong> und <strong data-start=\"5972\" data-end=\"5991\">Automatisierung<\/strong>.<\/p>\n<ul data-start=\"5996\" data-end=\"6255\">\n<li data-start=\"5996\" data-end=\"6072\">\n<p data-start=\"5998\" data-end=\"6072\"><strong data-start=\"5998\" data-end=\"6033\">70 % der Verpackungsunternehmen<\/strong> nutzen bereits digitale SCM-Systeme.<\/p>\n<\/li>\n<li data-start=\"6073\" data-end=\"6135\">\n<p data-start=\"6075\" data-end=\"6135\">RFID verbessert die <strong data-start=\"6095\" data-end=\"6132\">Tracking-Genauigkeit um \u00fcber 60 %<\/strong>.<\/p>\n<\/li>\n<li data-start=\"6136\" data-end=\"6255\">\n<p data-start=\"6138\" data-end=\"6255\">Automatisierung und regionale Produktion sparen bis zu <strong data-start=\"6193\" data-end=\"6208\">25 % Kosten<\/strong>, erh\u00f6hen Flexibilit\u00e4t und reduzieren Fehler.<\/p>\n<\/li>\n<\/ul>\n<p data-start=\"6257\" data-end=\"6421\">Damit verbinden sich zwei entscheidende Faktoren: <strong data-start=\"6307\" data-end=\"6335\">technologische Effizienz<\/strong> und <strong data-start=\"6340\" data-end=\"6358\">r\u00e4umliche N\u00e4he<\/strong> \u2013 ein starkes Argument f\u00fcr die Wahl europ\u00e4ischer Verpackungen.<\/p>\n<p data-start=\"6257\" data-end=\"6421\"><div class=\"su-spacer\" style=\"height:20px\"><\/div>\n<h2 data-start=\"6428\" data-end=\"6502\"><span class=\"ez-toc-section\" id=\"Das_RAJAPACK-Versprechen_86_unserer_Produkte_werden_aus_Europa_bezogen\"><\/span>Das RAJAPACK-Versprechen: 86 % unserer Produkte werden aus Europa bezogen<span class=\"ez-toc-section-end\"><\/span><\/h2>\n<div class=\"su-spacer\" style=\"height:20px\"><\/div>\n<p data-start=\"6503\" data-end=\"6658\">Als f\u00fchrender Verpackungsgro\u00dfh\u00e4ndler hat RAJAPACK eine klare Entscheidung getroffen:<br data-start=\"6587\" data-end=\"6590\" \/><strong data-start=\"6590\" data-end=\"6656\">Rund 86 % unserer Produkte beziehen wir aus europ\u00e4ischer Produktion.<\/strong><\/p>\n<p data-start=\"6660\" data-end=\"6668\">Warum?<\/p>\n<ul data-start=\"6669\" data-end=\"6873\">\n<li data-start=\"6669\" data-end=\"6749\">\n<p data-start=\"6671\" data-end=\"6749\">Weil wir unsere Kunden zuverl\u00e4ssig beliefern wollen \u2013 auch in Spitzenzeiten.<\/p>\n<\/li>\n<li data-start=\"6750\" data-end=\"6806\">\n<p data-start=\"6752\" data-end=\"6806\">Weil wir Qualit\u00e4t und Sicherheit garantieren m\u00fcssen.<\/p>\n<\/li>\n<li data-start=\"6807\" data-end=\"6873\">\n<p data-start=\"6809\" data-end=\"6873\">Weil wir Verantwortung f\u00fcr Umwelt und Gesellschaft \u00fcbernehmen.<\/p>\n<\/li>\n<\/ul>\n<div class=\"su-pullquote su-pullquote-align-left\">Mit Standorten in 19 europ\u00e4ischen L\u00e4ndern sind wir nicht nur H\u00e4ndler, sondern auch ein Partner, der lokal denkt und global handelt.<\/div>\n<div class=\"su-quote su-quote-style-default su-quote-has-cite\"><div class=\"su-quote-inner su-u-clearfix su-u-trim\">F\u00fcr RAJAPACK ist klar: Die Herkunft unserer Produkte ist Teil unserer Unternehmensphilosophie. Und f\u00fcr Sie als Entscheider? Sie gewinnen Sicherheit, Planbarkeit und einen klaren Wettbewerbsvorteil.<span class=\"su-quote-cite\">RAJAPACK<\/span><\/div><\/div>\n<div class=\"su-spacer\" style=\"height:20px\"><\/div>\n<h2><span class=\"ez-toc-section\" id=\"Warum_Sie_%E2%80%9EMade_in_Europe%E2%80%9C_als_Kaufargument_nutzen_sollten\"><\/span>Warum Sie \u201eMade in Europe\u201c als Kaufargument nutzen sollten<span class=\"ez-toc-section-end\"><\/span><\/h2>\n<div class=\"su-spacer\" style=\"height:20px\"><\/div>\n<p data-start=\"7088\" data-end=\"7146\">\u201eMade in Europe\u201c ist mehr als ein Etikett. Es steht f\u00fcr:<\/p>\n<ul data-start=\"7147\" data-end=\"7480\">\n<li data-start=\"7147\" data-end=\"7195\">\n<p data-start=\"7149\" data-end=\"7195\"><strong data-start=\"7149\" data-end=\"7168\">h\u00f6here Qualit\u00e4t<\/strong> durch strenge Standards,<\/p>\n<\/li>\n<li data-start=\"7196\" data-end=\"7245\">\n<p data-start=\"7198\" data-end=\"7245\"><strong data-start=\"7198\" data-end=\"7225\">bessere Lieferf\u00e4higkeit<\/strong> dank kurzer Wege,<\/p>\n<\/li>\n<li data-start=\"7246\" data-end=\"7310\">\n<p data-start=\"7248\" data-end=\"7310\"><strong data-start=\"7248\" data-end=\"7277\">geringere Umweltbelastung<\/strong> durch reduzierten CO\u2082-Aussto\u00df,<\/p>\n<\/li>\n<li data-start=\"7311\" data-end=\"7390\">\n<p data-start=\"7313\" data-end=\"7390\"><strong data-start=\"7313\" data-end=\"7346\">wirtschaftliche Verantwortung<\/strong> f\u00fcr Arbeitspl\u00e4tze und Know-how in Europa,<\/p>\n<\/li>\n<li data-start=\"7391\" data-end=\"7480\">\n<p data-start=\"7393\" data-end=\"7480\"><strong data-start=\"7393\" data-end=\"7419\">strategische Resilienz<\/strong> durch Short Supply Chains und technologische Innovationen.<\/p>\n<\/li>\n<\/ul>\n<p>\ud83d\udc49 Entdecken Sie unser Sortiment an <strong data-start=\"7748\" data-end=\"7784\">europ\u00e4ischen Verpackungsl\u00f6sungen<\/strong> \u2013 nachhaltig, qualitativ hochwertig und sofort verf\u00fcgbar.<br data-start=\"7842\" data-end=\"7845\" \/><a class=\"decorated-link\" href=\"https:\/\/www.rajapack.de\" target=\"_blank\" rel=\"noopener\" data-start=\"7845\" data-end=\"7891\">Zum RAJAPACK-Shop \u00bb<\/a><\/p>\n","protected":false},"excerpt":{"rendered":"<p>In Zeiten globalisierter Lieferketten stellt sich f\u00fcr viele Unternehmen die Frage: Woher stammen eigentlich unsere Verpackungen? Preis, Qualit\u00e4t und Nachhaltigkeit stehen in einem komplexen Spannungsfeld. Doch ein Faktor gewinnt zunehmend [&#8230;]<\/p>\n","protected":false},"author":24,"featured_media":33067,"comment_status":"open","ping_status":"open","sticky":false,"template":"","format":"standard","meta":{"_acf_changed":false,"footnotes":""},"categories":[21],"tags":[719,16,506],"class_list":["post-33053","post","type-post","status-publish","format-standard","has-post-thumbnail","hentry","category-news-und-trends","tag-csr","tag-nachhaltigkeit","tag-retourenmanagement"],"acf":[],"yoast_head":"<!-- This site is optimized with the Yoast SEO plugin v23.0 - https:\/\/yoast.com\/wordpress\/plugins\/seo\/ -->\n<title>Warum \u201eMade in Europe\u201c ein Kaufargument ist - RAJAPACK Blog DE<\/title>\n<meta name=\"description\" content=\"Warum europ\u00e4ische Verpackungen w\u00e4hlen? Kurze Lieferketten, CO\u2082-Einsparung, Sicherheit &amp; Verl\u00e4sslichkeit mit RAJAPACK: Made in Europe\" \/>\n<meta name=\"robots\" content=\"index, follow, max-snippet:-1, max-image-preview:large, max-video-preview:-1\" \/>\n<link rel=\"canonical\" href=\"https:\/\/www.rajapack.de\/verpackungsnews\/made-in-europe\" \/>\n<meta property=\"og:locale\" content=\"de_DE\" \/>\n<meta property=\"og:type\" content=\"article\" \/>\n<meta property=\"og:title\" content=\"Warum \u201eMade in Europe\u201c ein Kaufargument ist - RAJAPACK Blog DE\" \/>\n<meta property=\"og:description\" content=\"Warum europ\u00e4ische Verpackungen w\u00e4hlen? Kurze Lieferketten, CO\u2082-Einsparung, Sicherheit &amp; Verl\u00e4sslichkeit mit RAJAPACK: Made in Europe\" \/>\n<meta property=\"og:url\" content=\"https:\/\/www.rajapack.de\/verpackungsnews\/made-in-europe\" \/>\n<meta property=\"og:site_name\" content=\"RAJAPACK Blog DE\" \/>\n<meta property=\"article:published_time\" content=\"2025-09-01T11:28:10+00:00\" \/>\n<meta property=\"article:modified_time\" content=\"2025-09-11T14:01:11+00:00\" \/>\n<meta property=\"og:image\" content=\"https:\/\/www.rajapack.de\/verpackungsnews\/wp-content\/uploads\/2025\/09\/made-in-europe-scaled-1.jpg\" \/>\n\t<meta property=\"og:image:width\" content=\"2560\" \/>\n\t<meta property=\"og:image:height\" content=\"1707\" \/>\n\t<meta property=\"og:image:type\" content=\"image\/jpeg\" \/>\n<meta name=\"author\" content=\"RAJAPACK\" \/>\n<meta name=\"twitter:card\" content=\"summary_large_image\" \/>\n<meta name=\"twitter:label1\" content=\"Verfasst von\" \/>\n\t<meta name=\"twitter:data1\" content=\"RAJAPACK\" \/>\n\t<meta name=\"twitter:label2\" content=\"Gesch\u00e4tzte Lesezeit\" \/>\n\t<meta name=\"twitter:data2\" content=\"6 Minuten\" \/>\n<script type=\"application\/ld+json\" class=\"yoast-schema-graph\">{\n\t    \"@context\": \"https:\/\/schema.org\",\n\t    \"@graph\": [\n\t        {\n\t            \"@type\": \"WebPage\",\n\t            \"@id\": \"https:\/\/www.rajapack.de\/verpackungsnews\/made-in-europe\",\n\t            \"url\": \"https:\/\/www.rajapack.de\/verpackungsnews\/made-in-europe\",\n\t            \"name\": \"Warum \u201eMade in Europe\u201c ein Kaufargument ist - RAJAPACK Blog DE\",\n\t            \"isPartOf\": {\n\t                \"@id\": \"https:\/\/www.rajapack.de\/verpackungsnews\/#website\"\n\t            },\n\t            \"primaryImageOfPage\": {\n\t                \"@id\": \"https:\/\/www.rajapack.de\/verpackungsnews\/made-in-europe#primaryimage\"\n\t            },\n\t            \"image\": {\n\t                \"@id\": \"https:\/\/www.rajapack.de\/verpackungsnews\/made-in-europe#primaryimage\"\n\t            },\n\t            \"thumbnailUrl\": \"https:\/\/www.rajapack.de\/verpackungsnews\/wp-content\/uploads\/2025\/09\/made-in-europe-scaled-1.jpg\",\n\t            \"datePublished\": \"2025-09-01T11:28:10+00:00\",\n\t            \"dateModified\": \"2025-09-11T14:01:11+00:00\",\n\t            \"author\": {\n\t                \"@id\": \"https:\/\/www.rajapack.de\/verpackungsnews\/#\/schema\/person\/c6abd9a6a6c07cf31072cda42444cbec\"\n\t            },\n\t            \"description\": \"Warum europ\u00e4ische Verpackungen w\u00e4hlen? Kurze Lieferketten, CO\u2082-Einsparung, Sicherheit & Verl\u00e4sslichkeit mit RAJAPACK: Made in Europe\",\n\t            \"inLanguage\": \"de-DE\",\n\t            \"potentialAction\": [\n\t                {\n\t                    \"@type\": \"ReadAction\",\n\t                    \"target\": [\n\t                        \"https:\/\/www.rajapack.de\/verpackungsnews\/made-in-europe\"\n\t                    ]\n\t                }\n\t            ]\n\t        },\n\t        {\n\t            \"@type\": \"ImageObject\",\n\t            \"inLanguage\": \"de-DE\",\n\t            \"@id\": \"https:\/\/www.rajapack.de\/verpackungsnews\/made-in-europe#primaryimage\",\n\t            \"url\": \"https:\/\/www.rajapack.de\/verpackungsnews\/wp-content\/uploads\/2025\/09\/made-in-europe-scaled-1.jpg\",\n\t            \"contentUrl\": \"https:\/\/www.rajapack.de\/verpackungsnews\/wp-content\/uploads\/2025\/09\/made-in-europe-scaled-1.jpg\",\n\t            \"width\": 2560,\n\t            \"height\": 1707,\n\t            \"caption\": \"Made in Europe - Qualit\u00e4tsmerkmal\"\n\t        },\n\t        {\n\t            \"@type\": \"WebSite\",\n\t            \"@id\": \"https:\/\/www.rajapack.de\/verpackungsnews\/#website\",\n\t            \"url\": \"https:\/\/www.rajapack.de\/verpackungsnews\/\",\n\t            \"name\": \"RAJAPACK Blog DE\",\n\t            \"description\": \"Verpackungsnews vom Experten\",\n\t            \"potentialAction\": [\n\t                {\n\t                    \"@type\": \"SearchAction\",\n\t                    \"target\": {\n\t                        \"@type\": \"EntryPoint\",\n\t                        \"urlTemplate\": \"https:\/\/www.rajapack.de\/verpackungsnews\/?s={search_term_string}\"\n\t                    },\n\t                    \"query-input\": \"required name=search_term_string\"\n\t                }\n\t            ],\n\t            \"inLanguage\": \"de-DE\"\n\t        },\n\t        {\n\t            \"@type\": \"Person\",\n\t            \"@id\": \"https:\/\/www.rajapack.de\/verpackungsnews\/#\/schema\/person\/c6abd9a6a6c07cf31072cda42444cbec\",\n\t            \"name\": \"RAJAPACK\",\n\t            \"image\": {\n\t                \"@type\": \"ImageObject\",\n\t                \"inLanguage\": \"de-DE\",\n\t                \"@id\": \"https:\/\/www.rajapack.de\/verpackungsnews\/#\/schema\/person\/image\/\",\n\t                \"url\": \"https:\/\/secure.gravatar.com\/avatar\/4c95834f3b6420b1fbe980903e066e22?s=96&d=mm&r=g\",\n\t                \"contentUrl\": \"https:\/\/secure.gravatar.com\/avatar\/4c95834f3b6420b1fbe980903e066e22?s=96&d=mm&r=g\",\n\t                \"caption\": \"RAJAPACK\"\n\t            },\n\t            \"url\": \"https:\/\/www.rajapack.de\/verpackungsnews\/author\/rajapack\"\n\t        }\n\t    ]\n\t}<\/script>\n<!-- \/ Yoast SEO plugin. -->","yoast_head_json":{"title":"Warum \u201eMade in Europe\u201c ein Kaufargument ist - RAJAPACK Blog DE","description":"Warum europ\u00e4ische Verpackungen w\u00e4hlen? Kurze Lieferketten, CO\u2082-Einsparung, Sicherheit & Verl\u00e4sslichkeit mit RAJAPACK: Made in Europe","robots":{"index":"index","follow":"follow","max-snippet":"max-snippet:-1","max-image-preview":"max-image-preview:large","max-video-preview":"max-video-preview:-1"},"canonical":"https:\/\/www.rajapack.de\/verpackungsnews\/made-in-europe","og_locale":"de_DE","og_type":"article","og_title":"Warum \u201eMade in Europe\u201c ein Kaufargument ist - RAJAPACK Blog DE","og_description":"Warum europ\u00e4ische Verpackungen w\u00e4hlen? Kurze Lieferketten, CO\u2082-Einsparung, Sicherheit & Verl\u00e4sslichkeit mit RAJAPACK: Made in Europe","og_url":"https:\/\/www.rajapack.de\/verpackungsnews\/made-in-europe","og_site_name":"RAJAPACK Blog DE","article_published_time":"2025-09-01T11:28:10+00:00","article_modified_time":"2025-09-11T14:01:11+00:00","og_image":[{"width":2560,"height":1707,"url":"https:\/\/www.rajapack.de\/verpackungsnews\/wp-content\/uploads\/2025\/09\/made-in-europe-scaled-1.jpg","type":"image\/jpeg"}],"author":"RAJAPACK","twitter_card":"summary_large_image","twitter_misc":{"Verfasst von":"RAJAPACK","Gesch\u00e4tzte Lesezeit":"6 Minuten"},"schema":{"@context":"https:\/\/schema.org","@graph":[{"@type":"WebPage","@id":"https:\/\/www.rajapack.de\/verpackungsnews\/made-in-europe","url":"https:\/\/www.rajapack.de\/verpackungsnews\/made-in-europe","name":"Warum \u201eMade in Europe\u201c ein Kaufargument ist - RAJAPACK Blog DE","isPartOf":{"@id":"https:\/\/www.rajapack.de\/verpackungsnews\/#website"},"primaryImageOfPage":{"@id":"https:\/\/www.rajapack.de\/verpackungsnews\/made-in-europe#primaryimage"},"image":{"@id":"https:\/\/www.rajapack.de\/verpackungsnews\/made-in-europe#primaryimage"},"thumbnailUrl":"https:\/\/www.rajapack.de\/verpackungsnews\/wp-content\/uploads\/2025\/09\/made-in-europe-scaled-1.jpg","datePublished":"2025-09-01T11:28:10+00:00","dateModified":"2025-09-11T14:01:11+00:00","author":{"@id":"https:\/\/www.rajapack.de\/verpackungsnews\/#\/schema\/person\/c6abd9a6a6c07cf31072cda42444cbec"},"description":"Warum europ\u00e4ische Verpackungen w\u00e4hlen? Kurze Lieferketten, CO\u2082-Einsparung, Sicherheit & Verl\u00e4sslichkeit mit RAJAPACK: Made in Europe","inLanguage":"de-DE","potentialAction":[{"@type":"ReadAction","target":["https:\/\/www.rajapack.de\/verpackungsnews\/made-in-europe"]}]},{"@type":"ImageObject","inLanguage":"de-DE","@id":"https:\/\/www.rajapack.de\/verpackungsnews\/made-in-europe#primaryimage","url":"https:\/\/www.rajapack.de\/verpackungsnews\/wp-content\/uploads\/2025\/09\/made-in-europe-scaled-1.jpg","contentUrl":"https:\/\/www.rajapack.de\/verpackungsnews\/wp-content\/uploads\/2025\/09\/made-in-europe-scaled-1.jpg","width":2560,"height":1707,"caption":"Made in Europe - Qualit\u00e4tsmerkmal"},{"@type":"WebSite","@id":"https:\/\/www.rajapack.de\/verpackungsnews\/#website","url":"https:\/\/www.rajapack.de\/verpackungsnews\/","name":"RAJAPACK Blog DE","description":"Verpackungsnews vom Experten","potentialAction":[{"@type":"SearchAction","target":{"@type":"EntryPoint","urlTemplate":"https:\/\/www.rajapack.de\/verpackungsnews\/?s={search_term_string}"},"query-input":"required name=search_term_string"}],"inLanguage":"de-DE"},{"@type":"Person","@id":"https:\/\/www.rajapack.de\/verpackungsnews\/#\/schema\/person\/c6abd9a6a6c07cf31072cda42444cbec","name":"RAJAPACK","image":{"@type":"ImageObject","inLanguage":"de-DE","@id":"https:\/\/www.rajapack.de\/verpackungsnews\/#\/schema\/person\/image\/","url":"https:\/\/secure.gravatar.com\/avatar\/4c95834f3b6420b1fbe980903e066e22?s=96&d=mm&r=g","contentUrl":"https:\/\/secure.gravatar.com\/avatar\/4c95834f3b6420b1fbe980903e066e22?s=96&d=mm&r=g","caption":"RAJAPACK"},"url":"https:\/\/www.rajapack.de\/verpackungsnews\/author\/rajapack"}]}},"_links":{"self":[{"href":"https:\/\/www.rajapack.de\/verpackungsnews\/wp-json\/wp\/v2\/posts\/33053"}],"collection":[{"href":"https:\/\/www.rajapack.de\/verpackungsnews\/wp-json\/wp\/v2\/posts"}],"about":[{"href":"https:\/\/www.rajapack.de\/verpackungsnews\/wp-json\/wp\/v2\/types\/post"}],"author":[{"embeddable":true,"href":"https:\/\/www.rajapack.de\/verpackungsnews\/wp-json\/wp\/v2\/users\/24"}],"replies":[{"embeddable":true,"href":"https:\/\/www.rajapack.de\/verpackungsnews\/wp-json\/wp\/v2\/comments?post=33053"}],"version-history":[{"count":22,"href":"https:\/\/www.rajapack.de\/verpackungsnews\/wp-json\/wp\/v2\/posts\/33053\/revisions"}],"predecessor-version":[{"id":33180,"href":"https:\/\/www.rajapack.de\/verpackungsnews\/wp-json\/wp\/v2\/posts\/33053\/revisions\/33180"}],"wp:featuredmedia":[{"embeddable":true,"href":"https:\/\/www.rajapack.de\/verpackungsnews\/wp-json\/wp\/v2\/media\/33067"}],"wp:attachment":[{"href":"https:\/\/www.rajapack.de\/verpackungsnews\/wp-json\/wp\/v2\/media?parent=33053"}],"wp:term":[{"taxonomy":"category","embeddable":true,"href":"https:\/\/www.rajapack.de\/verpackungsnews\/wp-json\/wp\/v2\/categories?post=33053"},{"taxonomy":"post_tag","embeddable":true,"href":"https:\/\/www.rajapack.de\/verpackungsnews\/wp-json\/wp\/v2\/tags?post=33053"}],"curies":[{"name":"wp","href":"https:\/\/api.w.org\/{rel}","templated":true}]}}