{"id":31932,"date":"2024-08-28T10:52:24","date_gmt":"2024-08-28T08:52:24","guid":{"rendered":"https:\/\/www.rajapack.de\/verpackungsnews\/?p=31932"},"modified":"2025-08-05T15:06:28","modified_gmt":"2025-08-05T13:06:28","slug":"ueber-infinitec","status":"publish","type":"post","link":"https:\/\/www.rajapack.de\/verpackungsnews\/kundenbericht-infinitec","title":{"rendered":"Kundenbericht: Verpackung von Autopflegeprodukten von Infinitec"},"content":{"rendered":"<h5>Die Infinitec GmbH, gegr\u00fcndet 2007 in Mandelbachtal, Deutschland, ist spezialisiert auf hochwertige Fahrzeugpflegeprodukte unter der Marke Nanolex Car Care sowie innovative Oberfl\u00e4chenbeschichtungen f\u00fcr den industriellen und kommerziellen Sektor mit Nano Surface Solutions. Das Unternehmen legt gro\u00dfen Wert auf Forschung und Entwicklung, Nachhaltigkeit und Qualit\u00e4t. Alle Produkte werden in Deutschland entwickelt, getestet und produziert. Infinitec bietet umfassende L\u00f6sungen f\u00fcr Private Label Kunden und stellt sicher, dass ihre Produkte den h\u00f6chsten Industriestandards entsprechen.<\/h5>\n<div class=\"su-spacer\" style=\"height:20px\"><\/div><div class=\"su-divider su-divider-style-default\" style=\"margin:15px 0;border-width:3px;border-color:#999999\"><\/div><div class=\"su-spacer\" style=\"height:20px\"><\/div>\n<div id=\"ez-toc-container\" class=\"ez-toc-v2_0_67_1 counter-hierarchy ez-toc-counter ez-toc-grey ez-toc-container-direction\">\n<div class=\"ez-toc-title-container\">\n<p class=\"ez-toc-title \" >Direkt zu diesen Themen:<\/p>\n<span class=\"ez-toc-title-toggle\"><a href=\"#\" class=\"ez-toc-pull-right ez-toc-btn ez-toc-btn-xs ez-toc-btn-default ez-toc-toggle\" aria-label=\"Toggle Table of Content\"><span class=\"ez-toc-js-icon-con\"><span class=\"\"><span class=\"eztoc-hide\" style=\"display:none;\">Toggle<\/span><span class=\"ez-toc-icon-toggle-span\"><svg style=\"fill: #999;color:#999\" xmlns=\"http:\/\/www.w3.org\/2000\/svg\" class=\"list-377408\" width=\"20px\" height=\"20px\" viewBox=\"0 0 24 24\" fill=\"none\"><path d=\"M6 6H4v2h2V6zm14 0H8v2h12V6zM4 11h2v2H4v-2zm16 0H8v2h12v-2zM4 16h2v2H4v-2zm16 0H8v2h12v-2z\" fill=\"currentColor\"><\/path><\/svg><svg style=\"fill: #999;color:#999\" class=\"arrow-unsorted-368013\" xmlns=\"http:\/\/www.w3.org\/2000\/svg\" width=\"10px\" height=\"10px\" viewBox=\"0 0 24 24\" version=\"1.2\" baseProfile=\"tiny\"><path d=\"M18.2 9.3l-6.2-6.3-6.2 6.3c-.2.2-.3.4-.3.7s.1.5.3.7c.2.2.4.3.7.3h11c.3 0 .5-.1.7-.3.2-.2.3-.5.3-.7s-.1-.5-.3-.7zM5.8 14.7l6.2 6.3 6.2-6.3c.2-.2.3-.5.3-.7s-.1-.5-.3-.7c-.2-.2-.4-.3-.7-.3h-11c-.3 0-.5.1-.7.3-.2.2-.3.5-.3.7s.1.5.3.7z\"\/><\/svg><\/span><\/span><\/span><\/a><\/span><\/div>\n<nav><ul class='ez-toc-list ez-toc-list-level-1 ' ><li class='ez-toc-page-1 ez-toc-heading-level-2'><a class=\"ez-toc-link ez-toc-heading-1\" href=\"https:\/\/www.rajapack.de\/verpackungsnews\/kundenbericht-infinitec\/#Die_klassische_Erfolgsgeschichte_Von_der_Garage%E2%80%A6\" title=\"Die klassische Erfolgsgeschichte: Von der Garage\u2026 \">Die klassische Erfolgsgeschichte: Von der Garage\u2026 <\/a><\/li><li class='ez-toc-page-1 ez-toc-heading-level-2'><a class=\"ez-toc-link ez-toc-heading-2\" href=\"https:\/\/www.rajapack.de\/verpackungsnews\/kundenbericht-infinitec\/#%E2%80%A6zur_internationalen_Marke_und_ganzen_Produktionshallen\" title=\"\u2026zur internationalen Marke und ganzen Produktionshallen\">\u2026zur internationalen Marke und ganzen Produktionshallen<\/a><\/li><li class='ez-toc-page-1 ez-toc-heading-level-2'><a class=\"ez-toc-link ez-toc-heading-3\" href=\"https:\/\/www.rajapack.de\/verpackungsnews\/kundenbericht-infinitec\/#Private_Label_Business\" title=\"Private Label Business\">Private Label Business<\/a><\/li><li class='ez-toc-page-1 ez-toc-heading-level-2'><a class=\"ez-toc-link ez-toc-heading-4\" href=\"https:\/\/www.rajapack.de\/verpackungsnews\/kundenbericht-infinitec\/#Die_Partnerschaft_mit_RAJAPACK\" title=\"Die Partnerschaft mit RAJAPACK\">Die Partnerschaft mit RAJAPACK<\/a><\/li><li class='ez-toc-page-1 ez-toc-heading-level-2'><a class=\"ez-toc-link ez-toc-heading-5\" href=\"https:\/\/www.rajapack.de\/verpackungsnews\/kundenbericht-infinitec\/#Nachhaltigkeit_in_allen_Belangen\" title=\"Nachhaltigkeit in allen Belangen\">Nachhaltigkeit in allen Belangen<\/a><ul class='ez-toc-list-level-3' ><li class='ez-toc-heading-level-3'><a class=\"ez-toc-link ez-toc-heading-6\" href=\"https:\/\/www.rajapack.de\/verpackungsnews\/kundenbericht-infinitec\/#Mitarbeiter_im_Fokus_%E2%80%93_Bestaendigkeit_die_sich_in_Produktqualitaet_widerspiegelt\" title=\"Mitarbeiter im Fokus \u2013 Best\u00e4ndigkeit die sich in Produktqualit\u00e4t widerspiegelt\">Mitarbeiter im Fokus \u2013 Best\u00e4ndigkeit die sich in Produktqualit\u00e4t widerspiegelt<\/a><\/li><li class='ez-toc-page-1 ez-toc-heading-level-3'><a class=\"ez-toc-link ez-toc-heading-7\" href=\"https:\/\/www.rajapack.de\/verpackungsnews\/kundenbericht-infinitec\/#Produktentwicklung_Produktverbesserung_und_Qualitaet\" title=\"Produktentwicklung, Produktverbesserung und Qualit\u00e4t \">Produktentwicklung, Produktverbesserung und Qualit\u00e4t <\/a><\/li><li class='ez-toc-page-1 ez-toc-heading-level-3'><a class=\"ez-toc-link ez-toc-heading-8\" href=\"https:\/\/www.rajapack.de\/verpackungsnews\/kundenbericht-infinitec\/#Verpackungsoptimierung\" title=\"Verpackungsoptimierung\">Verpackungsoptimierung<\/a><\/li><\/ul><\/li><li class='ez-toc-page-1 ez-toc-heading-level-2'><a class=\"ez-toc-link ez-toc-heading-9\" href=\"https:\/\/www.rajapack.de\/verpackungsnews\/kundenbericht-infinitec\/#Vom_Traum_der_beinahe_ins_Wasser_fiel\" title=\"Vom Traum, der beinahe ins Wasser fiel\">Vom Traum, der beinahe ins Wasser fiel<\/a><\/li><\/ul><\/nav><\/div>\n<h2><span class=\"ez-toc-section\" id=\"Die_klassische_Erfolgsgeschichte_Von_der_Garage%E2%80%A6\"><\/span><strong>Die klassische Erfolgsgeschichte: Von der Garage\u2026 <\/strong><span class=\"ez-toc-section-end\"><\/span><\/h2>\n<p>Die Infinitec GmbH hat sich seit 2007 von einer bescheidenen Garagenfirma zu einem bedeutenden Akteur im Bereich der Autopflegeprodukte entwickelt. Initiator dieser Erfolgsgeschichte ist Florian Kessler, der als junger BWL-Student und Autopflegeenthusiast das Potenzial erkannte, Glasversiegelungen f\u00fcr Autoscheiben anzuwenden. Mit viel Engagement und innovativen Ideen entwickelte er hochwertige, langlebige Produkte und setzte von Beginn an auf ein auff\u00e4lliges Design in Lila, das sich von der Konkurrenz abhob.<\/p>\n<h2><span class=\"ez-toc-section\" id=\"%E2%80%A6zur_internationalen_Marke_und_ganzen_Produktionshallen\"><\/span><strong>\u2026zur internationalen Marke und ganzen Produktionshallen<\/strong><span class=\"ez-toc-section-end\"><\/span><\/h2>\n<p>Heute, fast zwei Jahrzehnte sp\u00e4ter, ist Infinitec ein dynamisches Unternehmen mit fast 30 Mitarbeitern und einer Produktionsfl\u00e4che von etwa 5.000 Quadratmetern. Das Unternehmen stellt nun alle Produkte in Deutschland selbst her, von Shampoos bis hin zu Versiegelungen, und hat eine eigene Chemie- und Qualit\u00e4tsmanagementabteilung. Die enge Zusammenarbeit mit Chemikern erm\u00f6glicht es Infinitec, Produkte kontinuierlich zu verbessern und h\u00f6chste Qualit\u00e4tsstandards zu gew\u00e4hrleisten.<\/p>\n<h2><span class=\"ez-toc-section\" id=\"Private_Label_Business\"><\/span><strong>Private Label Business<\/strong><span class=\"ez-toc-section-end\"><\/span><\/h2>\n<p>Ein bemerkenswerter Aspekt von Infinitec ist das Angebot f\u00fcr Private Label Kunden. Diese k\u00f6nnen komplette Produktlinien, einschlie\u00dflich Qualit\u00e4tsmanagement und Marketingunterst\u00fctzung, bei Infinitec entwickeln lassen. Diese Flexibilit\u00e4t und das kundenorientierte Angebot heben Infinitec von der Konkurrenz ab. W\u00e4hrend gro\u00dfe Mitbewerber oft nur Gro\u00dfauftr\u00e4ge annehmen, bietet Infinitec auch kleineren Kunden die M\u00f6glichkeit, mit geringen Mengen zu starten und schrittweise zu wachsen.<img loading=\"lazy\" decoding=\"async\" class=\"alignright wp-image-31933 size-medium\" src=\"https:\/\/www.rajapack.de\/verpackungsnews\/wp-content\/uploads\/2024\/08\/CKessler_Infinitec_072024-288x300.jpg\" alt=\"Constanza Kessler Infinitec\" width=\"288\" height=\"300\" srcset=\"https:\/\/www.rajapack.de\/verpackungsnews\/wp-content\/uploads\/2024\/08\/CKessler_Infinitec_072024-288x300.jpg 288w, https:\/\/www.rajapack.de\/verpackungsnews\/wp-content\/uploads\/2024\/08\/CKessler_Infinitec_072024-985x1024.jpg 985w, https:\/\/www.rajapack.de\/verpackungsnews\/wp-content\/uploads\/2024\/08\/CKessler_Infinitec_072024-768x799.jpg 768w, https:\/\/www.rajapack.de\/verpackungsnews\/wp-content\/uploads\/2024\/08\/CKessler_Infinitec_072024-1477x1536.jpg 1477w, https:\/\/www.rajapack.de\/verpackungsnews\/wp-content\/uploads\/2024\/08\/CKessler_Infinitec_072024-1969x2048.jpg 1969w\" sizes=\"(max-width: 288px) 100vw, 288px\" \/><\/p>\n<div class=\"su-quote su-quote-style-default su-quote-has-cite\"><div class=\"su-quote-inner su-u-clearfix su-u-trim\">Viele Kunden fangen mit 200 Litern an oder haben mit uns mit 200 Litern angefangen. Und heute reden wir \u00fcber monatliche Abnahmen von 10.000 Litern. <span class=\"su-quote-cite\">Constanza Kessler - Infinitec<\/span><\/div><\/div>\n<h2><span class=\"ez-toc-section\" id=\"Die_Partnerschaft_mit_RAJAPACK\"><\/span><strong>Die Partnerschaft mit RAJAPACK<\/strong><span class=\"ez-toc-section-end\"><\/span><\/h2>\n<p>Diese Philosophie \u00e4hnelt der von RAJAPACK, einem langj\u00e4hrigen Partner von Infinitec. Seit 2015 bezieht Infinitec seine Verpackungen von RAJAPACK. Diese Partnerschaft begann mit einem kleinen Auftrag und entwickelte sich zu einer vertrauensvollen und stabilen Gesch\u00e4ftsbeziehung. Die Verf\u00fcgbarkeit und Schnelligkeit der Lieferungen von RAJAPACK sind f\u00fcr Infinitec von gr\u00f6\u00dfter Bedeutung:<\/p>\n<div class=\"su-quote su-quote-style-default su-quote-has-cite\"><div class=\"su-quote-inner su-u-clearfix su-u-trim\">Wir sind ein agiles und schnellwachsendes Unternehmen, und das k\u00f6nnen wir mit RAJAPACK gut stemmen. Unsere gesamte Entwicklung, unser gesamtes Wachstum wurde problemlos begleitet. Ich wei\u00df, auch wenn da jetzt ein gro\u00dfer Auftrag kommt, ich muss nur online gehen und in den n\u00e4chsten 48 Stunden ist das alles da! Das ist f\u00fcr mich, als Unternehmen, nat\u00fcrlich ein Traum! Bei mir kommt ein Auftrag und ich wei\u00df: Ich muss mir um Verpackung KEINE Sorgen machen! <span class=\"su-quote-cite\">Constanza Kessler - Infinitec<\/span><\/div><\/div>\n<h2><span class=\"ez-toc-section\" id=\"Nachhaltigkeit_in_allen_Belangen\"><\/span><strong>Nachhaltigkeit in allen Belangen<\/strong><span class=\"ez-toc-section-end\"><\/span><\/h2>\n<h3><span class=\"ez-toc-section\" id=\"Mitarbeiter_im_Fokus_%E2%80%93_Bestaendigkeit_die_sich_in_Produktqualitaet_widerspiegelt\"><\/span><strong>Mitarbeiter im Fokus \u2013 Best\u00e4ndigkeit die sich in Produktqualit\u00e4t widerspiegelt<\/strong><span class=\"ez-toc-section-end\"><\/span><\/h3>\n<p>Einer der wichtigsten Faktoren im Unternehmen ist die Mitarbeiterzufriedenheit. Durch die zahlreichen M\u00f6glichkeiten der pers\u00f6nlichen Weiterentwicklung innerhalb des Unternehmens und der im Alltag gelebten Philosophie, dass der Mitarbeiter im Zentrum allen Tuns steht, sind viele der aktuell 30 Mitarbeiter und Mitarbeiterinnen auch schon \u00fcber viele, viele Jahre im Unternehmen. Und damit auch ganz viel KnowHow und Erfahrung.<\/p>\n<h3><span class=\"ez-toc-section\" id=\"Produktentwicklung_Produktverbesserung_und_Qualitaet\"><\/span><strong>Produktentwicklung, Produktverbesserung und Qualit\u00e4t <\/strong><span class=\"ez-toc-section-end\"><\/span><\/h3>\n<p>So bietet Infinitec seinen Kunden gro\u00dfe Best\u00e4ndigkeit: \u201eWir haben Produkte im Sortiment, die gibt es seit 10 Jahren und mehr in gleichbleibender Qualit\u00e4t.\u201c Gleichzeitig wird stetig entwickelt, getestet und hergestellt, und zwar alles komplett in Deutschland. Infinitec stellt durch den stetigen Kontakt zu Rohstofflieferanten sicher, dass neue Rezepturen entwickelt und bestehende verbessert werden k\u00f6nnen. Konstanza Kessler: \u201eAktuell haben wir mit dem Launch der Linie GreenX \u00a0Produkte im Sortiment, die komplett kennzeichnungsfrei sind. Das ist uns ohnehin ein Anliegen: Wenn wir erfahren, dass Rohstoffe, die wir verwenden, unter Umst\u00e4nden nicht unbedenklich sind, stellen wir entweder das Produkt ein oder aber wir finden eine unbedenkliche Alternative f\u00fcr diese Rohstoffe.\u201c<\/p>\n<h3><span class=\"ez-toc-section\" id=\"Verpackungsoptimierung\"><\/span><strong>Verpackungsoptimierung<\/strong><span class=\"ez-toc-section-end\"><\/span><\/h3>\n<p><img loading=\"lazy\" decoding=\"async\" class=\"alignleft wp-image-31934 size-medium\" src=\"https:\/\/www.rajapack.de\/verpackungsnews\/wp-content\/uploads\/2024\/08\/Lager-1-300x169.jpg\" alt=\"Lager Infinitec\" width=\"300\" height=\"169\" srcset=\"https:\/\/www.rajapack.de\/verpackungsnews\/wp-content\/uploads\/2024\/08\/Lager-1-300x169.jpg 300w, https:\/\/www.rajapack.de\/verpackungsnews\/wp-content\/uploads\/2024\/08\/Lager-1-1024x576.jpg 1024w, https:\/\/www.rajapack.de\/verpackungsnews\/wp-content\/uploads\/2024\/08\/Lager-1-768x432.jpg 768w, https:\/\/www.rajapack.de\/verpackungsnews\/wp-content\/uploads\/2024\/08\/Lager-1-1536x864.jpg 1536w, https:\/\/www.rajapack.de\/verpackungsnews\/wp-content\/uploads\/2024\/08\/Lager-1.jpg 1920w\" sizes=\"(max-width: 300px) 100vw, 300px\" \/>Infinitec setzt beim Verpacken zum allergr\u00f6\u00dften Teil auf Papier und Karton. Und auf das Hinterfragen \u201ealthergebrachter Traditionen\u201c: Momentan wird in der Versandabteilung gerade der Einsatz von umweltschonendem Papier-Packband getestet. Constanza Kessler erkl\u00e4rt schmunzelnd: \u201eKlar, da gibt es bei uns auch Stimmen, die sagen, wir kaufen seit 2015 Tesa und das muss immer Tesa sein, aber man muss da schon auch offen sein f\u00fcr neue Wege, und wenn es dann noch umweltfreundlicher ist, umso besser!\u201c<\/p>\n<p>Auch die Verpackungseinheiten wurden optimiert, um F\u00fcllmaterial zu reduzieren und die Umweltbelastung zu minimieren. \u201eEine Kleinigkeit mit gro\u00dfer Wirkung bei der Verpackung war, dass wir unsere Verpackungseinheiten umgestellt haben. Wir hatten fr\u00fcher eine Verpackungseinheit von 12 Flaschen, und da ist dann immer relativ viel Luft mit drin gewesen. Wir sind auf 15 Flaschen umgestiegen, was weniger F\u00fcllmaterial und Transportkosten bedeutet,\u201c so Constanza Kessler.<\/p>\n<h2><span class=\"ez-toc-section\" id=\"Vom_Traum_der_beinahe_ins_Wasser_fiel\"><\/span><strong>Vom Traum, der beinahe ins Wasser fiel<\/strong><span class=\"ez-toc-section-end\"><\/span><\/h2>\n<p>Zum Thema Verpackung hat Constanza Kessler noch eine Anekdote aus der Gr\u00fcndungszeit von Infinitec zu erz\u00e4hlen: \u201eGanz zu Beginn, damals noch in der Garage, hat Florian [Kessler] Verpackungsmaterial gekauft, sein gesamtes Geld hatte er investiert f\u00fcr diese Verpackungen. Es hat sehr stark geregnet und es ist Wasser eingedrungen. Die gesamte Bestellung war unbrauchbar. Er dachte, hier ist mein Traum zu Ende, es ist alles nass! Aber er hat dann gottseidank dank weiteren Jobs neue Verpackungen kaufen k\u00f6nnen. Aber wir denken da immer noch dran, und sagen uns: Wie manchmal ein Traum auch an der Verpackung scheitern kann..!\u201c<\/p>\n<p>&nbsp;<\/p>\n","protected":false},"excerpt":{"rendered":"<p>Die Infinitec GmbH, gegr\u00fcndet 2007 in Mandelbachtal, Deutschland, ist spezialisiert auf hochwertige Fahrzeugpflegeprodukte unter der Marke Nanolex Car Care sowie innovative Oberfl\u00e4chenbeschichtungen f\u00fcr den industriellen und kommerziellen Sektor mit Nano [&#8230;]<\/p>\n","protected":false},"author":24,"featured_media":31935,"comment_status":"open","ping_status":"open","sticky":false,"template":"","format":"standard","meta":{"_acf_changed":false,"footnotes":""},"categories":[12],"tags":[724],"class_list":["post-31932","post","type-post","status-publish","format-standard","has-post-thumbnail","hentry","category-raja-insights","tag-referenz"],"acf":[],"yoast_head":"<!-- This site is optimized with the Yoast SEO plugin v23.0 - https:\/\/yoast.com\/wordpress\/plugins\/seo\/ -->\n<title>Infinitec und RAJA<\/title>\n<meta name=\"description\" content=\"Seit 2015 bezieht Infinitec seine Verpackungen von RAJA und sch\u00e4tzt die vertrauensvolle Partnerschaft und die stabile Gesch\u00e4ftsbeziehung.\" \/>\n<meta name=\"robots\" content=\"index, follow, max-snippet:-1, max-image-preview:large, max-video-preview:-1\" \/>\n<link rel=\"canonical\" href=\"https:\/\/www.rajapack.de\/verpackungsnews\/kundenbericht-infinitec\" \/>\n<meta property=\"og:locale\" content=\"de_DE\" \/>\n<meta property=\"og:type\" content=\"article\" \/>\n<meta property=\"og:title\" content=\"Infinitec und RAJA\" \/>\n<meta property=\"og:description\" content=\"Seit 2015 bezieht Infinitec seine Verpackungen von RAJA und sch\u00e4tzt die vertrauensvolle Partnerschaft und die stabile Gesch\u00e4ftsbeziehung.\" \/>\n<meta property=\"og:url\" content=\"https:\/\/www.rajapack.de\/verpackungsnews\/kundenbericht-infinitec\" \/>\n<meta property=\"og:site_name\" content=\"RAJAPACK Blog DE\" \/>\n<meta property=\"article:published_time\" content=\"2024-08-28T08:52:24+00:00\" \/>\n<meta property=\"article:modified_time\" content=\"2025-08-05T13:06:28+00:00\" \/>\n<meta property=\"og:image\" content=\"https:\/\/www.rajapack.de\/verpackungsnews\/wp-content\/uploads\/2024\/08\/Blogbild-Infinitec.png\" \/>\n\t<meta property=\"og:image:width\" content=\"810\" \/>\n\t<meta property=\"og:image:height\" content=\"420\" \/>\n\t<meta property=\"og:image:type\" content=\"image\/png\" \/>\n<meta name=\"author\" content=\"RAJAPACK\" \/>\n<meta name=\"twitter:card\" content=\"summary_large_image\" \/>\n<meta name=\"twitter:label1\" content=\"Verfasst von\" \/>\n\t<meta name=\"twitter:data1\" content=\"RAJAPACK\" \/>\n\t<meta name=\"twitter:label2\" content=\"Gesch\u00e4tzte Lesezeit\" \/>\n\t<meta name=\"twitter:data2\" content=\"6 Minuten\" \/>\n<script type=\"application\/ld+json\" class=\"yoast-schema-graph\">{\n\t    \"@context\": \"https:\/\/schema.org\",\n\t    \"@graph\": [\n\t        {\n\t            \"@type\": \"WebPage\",\n\t            \"@id\": \"https:\/\/www.rajapack.de\/verpackungsnews\/kundenbericht-infinitec\",\n\t            \"url\": \"https:\/\/www.rajapack.de\/verpackungsnews\/kundenbericht-infinitec\",\n\t            \"name\": \"Infinitec und RAJA\",\n\t            \"isPartOf\": {\n\t                \"@id\": \"https:\/\/www.rajapack.de\/verpackungsnews\/#website\"\n\t            },\n\t            \"primaryImageOfPage\": {\n\t                \"@id\": \"https:\/\/www.rajapack.de\/verpackungsnews\/kundenbericht-infinitec#primaryimage\"\n\t            },\n\t            \"image\": {\n\t                \"@id\": \"https:\/\/www.rajapack.de\/verpackungsnews\/kundenbericht-infinitec#primaryimage\"\n\t            },\n\t            \"thumbnailUrl\": \"https:\/\/www.rajapack.de\/verpackungsnews\/wp-content\/uploads\/2024\/08\/Blogbild-Infinitec.png\",\n\t            \"datePublished\": \"2024-08-28T08:52:24+00:00\",\n\t            \"dateModified\": \"2025-08-05T13:06:28+00:00\",\n\t            \"author\": {\n\t                \"@id\": \"https:\/\/www.rajapack.de\/verpackungsnews\/#\/schema\/person\/c6abd9a6a6c07cf31072cda42444cbec\"\n\t            },\n\t            \"description\": \"Seit 2015 bezieht Infinitec seine Verpackungen von RAJA und sch\u00e4tzt die vertrauensvolle Partnerschaft und die stabile Gesch\u00e4ftsbeziehung.\",\n\t            \"inLanguage\": \"de-DE\",\n\t            \"potentialAction\": [\n\t                {\n\t                    \"@type\": \"ReadAction\",\n\t                    \"target\": [\n\t                        \"https:\/\/www.rajapack.de\/verpackungsnews\/kundenbericht-infinitec\"\n\t                    ]\n\t                }\n\t            ]\n\t        },\n\t        {\n\t            \"@type\": \"ImageObject\",\n\t            \"inLanguage\": \"de-DE\",\n\t            \"@id\": \"https:\/\/www.rajapack.de\/verpackungsnews\/kundenbericht-infinitec#primaryimage\",\n\t            \"url\": \"https:\/\/www.rajapack.de\/verpackungsnews\/wp-content\/uploads\/2024\/08\/Blogbild-Infinitec.png\",\n\t            \"contentUrl\": \"https:\/\/www.rajapack.de\/verpackungsnews\/wp-content\/uploads\/2024\/08\/Blogbild-Infinitec.png\",\n\t            \"width\": 810,\n\t            \"height\": 420,\n\t            \"caption\": \"Infinitec und RAJA\"\n\t        },\n\t        {\n\t            \"@type\": \"WebSite\",\n\t            \"@id\": \"https:\/\/www.rajapack.de\/verpackungsnews\/#website\",\n\t            \"url\": \"https:\/\/www.rajapack.de\/verpackungsnews\/\",\n\t            \"name\": \"RAJAPACK Blog DE\",\n\t            \"description\": \"Verpackungsnews vom Experten\",\n\t            \"potentialAction\": [\n\t                {\n\t                    \"@type\": \"SearchAction\",\n\t                    \"target\": {\n\t                        \"@type\": \"EntryPoint\",\n\t                        \"urlTemplate\": \"https:\/\/www.rajapack.de\/verpackungsnews\/?s={search_term_string}\"\n\t                    },\n\t                    \"query-input\": \"required name=search_term_string\"\n\t                }\n\t            ],\n\t            \"inLanguage\": \"de-DE\"\n\t        },\n\t        {\n\t            \"@type\": \"Person\",\n\t            \"@id\": \"https:\/\/www.rajapack.de\/verpackungsnews\/#\/schema\/person\/c6abd9a6a6c07cf31072cda42444cbec\",\n\t            \"name\": \"RAJAPACK\",\n\t            \"image\": {\n\t                \"@type\": \"ImageObject\",\n\t                \"inLanguage\": \"de-DE\",\n\t                \"@id\": \"https:\/\/www.rajapack.de\/verpackungsnews\/#\/schema\/person\/image\/\",\n\t                \"url\": \"https:\/\/secure.gravatar.com\/avatar\/4c95834f3b6420b1fbe980903e066e22?s=96&d=mm&r=g\",\n\t                \"contentUrl\": \"https:\/\/secure.gravatar.com\/avatar\/4c95834f3b6420b1fbe980903e066e22?s=96&d=mm&r=g\",\n\t                \"caption\": \"RAJAPACK\"\n\t            },\n\t            \"url\": \"https:\/\/www.rajapack.de\/verpackungsnews\/author\/rajapack\"\n\t        }\n\t    ]\n\t}<\/script>\n<!-- \/ Yoast SEO plugin. -->","yoast_head_json":{"title":"Infinitec und RAJA","description":"Seit 2015 bezieht Infinitec seine Verpackungen von RAJA und sch\u00e4tzt die vertrauensvolle Partnerschaft und die stabile Gesch\u00e4ftsbeziehung.","robots":{"index":"index","follow":"follow","max-snippet":"max-snippet:-1","max-image-preview":"max-image-preview:large","max-video-preview":"max-video-preview:-1"},"canonical":"https:\/\/www.rajapack.de\/verpackungsnews\/kundenbericht-infinitec","og_locale":"de_DE","og_type":"article","og_title":"Infinitec und RAJA","og_description":"Seit 2015 bezieht Infinitec seine Verpackungen von RAJA und sch\u00e4tzt die vertrauensvolle Partnerschaft und die stabile Gesch\u00e4ftsbeziehung.","og_url":"https:\/\/www.rajapack.de\/verpackungsnews\/kundenbericht-infinitec","og_site_name":"RAJAPACK Blog DE","article_published_time":"2024-08-28T08:52:24+00:00","article_modified_time":"2025-08-05T13:06:28+00:00","og_image":[{"width":810,"height":420,"url":"https:\/\/www.rajapack.de\/verpackungsnews\/wp-content\/uploads\/2024\/08\/Blogbild-Infinitec.png","type":"image\/png"}],"author":"RAJAPACK","twitter_card":"summary_large_image","twitter_misc":{"Verfasst von":"RAJAPACK","Gesch\u00e4tzte Lesezeit":"6 Minuten"},"schema":{"@context":"https:\/\/schema.org","@graph":[{"@type":"WebPage","@id":"https:\/\/www.rajapack.de\/verpackungsnews\/kundenbericht-infinitec","url":"https:\/\/www.rajapack.de\/verpackungsnews\/kundenbericht-infinitec","name":"Infinitec und RAJA","isPartOf":{"@id":"https:\/\/www.rajapack.de\/verpackungsnews\/#website"},"primaryImageOfPage":{"@id":"https:\/\/www.rajapack.de\/verpackungsnews\/kundenbericht-infinitec#primaryimage"},"image":{"@id":"https:\/\/www.rajapack.de\/verpackungsnews\/kundenbericht-infinitec#primaryimage"},"thumbnailUrl":"https:\/\/www.rajapack.de\/verpackungsnews\/wp-content\/uploads\/2024\/08\/Blogbild-Infinitec.png","datePublished":"2024-08-28T08:52:24+00:00","dateModified":"2025-08-05T13:06:28+00:00","author":{"@id":"https:\/\/www.rajapack.de\/verpackungsnews\/#\/schema\/person\/c6abd9a6a6c07cf31072cda42444cbec"},"description":"Seit 2015 bezieht Infinitec seine Verpackungen von RAJA und sch\u00e4tzt die vertrauensvolle Partnerschaft und die stabile Gesch\u00e4ftsbeziehung.","inLanguage":"de-DE","potentialAction":[{"@type":"ReadAction","target":["https:\/\/www.rajapack.de\/verpackungsnews\/kundenbericht-infinitec"]}]},{"@type":"ImageObject","inLanguage":"de-DE","@id":"https:\/\/www.rajapack.de\/verpackungsnews\/kundenbericht-infinitec#primaryimage","url":"https:\/\/www.rajapack.de\/verpackungsnews\/wp-content\/uploads\/2024\/08\/Blogbild-Infinitec.png","contentUrl":"https:\/\/www.rajapack.de\/verpackungsnews\/wp-content\/uploads\/2024\/08\/Blogbild-Infinitec.png","width":810,"height":420,"caption":"Infinitec und RAJA"},{"@type":"WebSite","@id":"https:\/\/www.rajapack.de\/verpackungsnews\/#website","url":"https:\/\/www.rajapack.de\/verpackungsnews\/","name":"RAJAPACK Blog DE","description":"Verpackungsnews vom Experten","potentialAction":[{"@type":"SearchAction","target":{"@type":"EntryPoint","urlTemplate":"https:\/\/www.rajapack.de\/verpackungsnews\/?s={search_term_string}"},"query-input":"required name=search_term_string"}],"inLanguage":"de-DE"},{"@type":"Person","@id":"https:\/\/www.rajapack.de\/verpackungsnews\/#\/schema\/person\/c6abd9a6a6c07cf31072cda42444cbec","name":"RAJAPACK","image":{"@type":"ImageObject","inLanguage":"de-DE","@id":"https:\/\/www.rajapack.de\/verpackungsnews\/#\/schema\/person\/image\/","url":"https:\/\/secure.gravatar.com\/avatar\/4c95834f3b6420b1fbe980903e066e22?s=96&d=mm&r=g","contentUrl":"https:\/\/secure.gravatar.com\/avatar\/4c95834f3b6420b1fbe980903e066e22?s=96&d=mm&r=g","caption":"RAJAPACK"},"url":"https:\/\/www.rajapack.de\/verpackungsnews\/author\/rajapack"}]}},"_links":{"self":[{"href":"https:\/\/www.rajapack.de\/verpackungsnews\/wp-json\/wp\/v2\/posts\/31932"}],"collection":[{"href":"https:\/\/www.rajapack.de\/verpackungsnews\/wp-json\/wp\/v2\/posts"}],"about":[{"href":"https:\/\/www.rajapack.de\/verpackungsnews\/wp-json\/wp\/v2\/types\/post"}],"author":[{"embeddable":true,"href":"https:\/\/www.rajapack.de\/verpackungsnews\/wp-json\/wp\/v2\/users\/24"}],"replies":[{"embeddable":true,"href":"https:\/\/www.rajapack.de\/verpackungsnews\/wp-json\/wp\/v2\/comments?post=31932"}],"version-history":[{"count":4,"href":"https:\/\/www.rajapack.de\/verpackungsnews\/wp-json\/wp\/v2\/posts\/31932\/revisions"}],"predecessor-version":[{"id":32984,"href":"https:\/\/www.rajapack.de\/verpackungsnews\/wp-json\/wp\/v2\/posts\/31932\/revisions\/32984"}],"wp:featuredmedia":[{"embeddable":true,"href":"https:\/\/www.rajapack.de\/verpackungsnews\/wp-json\/wp\/v2\/media\/31935"}],"wp:attachment":[{"href":"https:\/\/www.rajapack.de\/verpackungsnews\/wp-json\/wp\/v2\/media?parent=31932"}],"wp:term":[{"taxonomy":"category","embeddable":true,"href":"https:\/\/www.rajapack.de\/verpackungsnews\/wp-json\/wp\/v2\/categories?post=31932"},{"taxonomy":"post_tag","embeddable":true,"href":"https:\/\/www.rajapack.de\/verpackungsnews\/wp-json\/wp\/v2\/tags?post=31932"}],"curies":[{"name":"wp","href":"https:\/\/api.w.org\/{rel}","templated":true}]}}