{"id":27890,"date":"2025-02-23T12:02:53","date_gmt":"2025-02-23T11:02:53","guid":{"rendered":"https:\/\/blog-staging-de.raja-group.com\/verpackungsnews\/?p=27890"},"modified":"2026-03-02T12:31:23","modified_gmt":"2026-03-02T11:31:23","slug":"perspektiven-fuer-frauen","status":"publish","type":"post","link":"https:\/\/www.rajapack.de\/verpackungsnews\/perspektiven-fuer-frauen","title":{"rendered":"Perspektiven f\u00fcr Frauen"},"content":{"rendered":"<h5>Zwei starke Frauen haben 1954 RAJA gegr\u00fcndet. Das Bewusstsein f\u00fcr Gleichberechtigung und starke Frauen ist seitdem in den Grundwerten des Unternehmens verankert. Ziel ist es, Frauen zu bef\u00e4higen, f\u00fcr sich selbst einzutreten, ein selbst bestimmtes und gew\u00e4hltes Leben zu f\u00fchren &#8211; ihnen die POWER zu verleihen, stark durchs Leben zu gehen. RAJAPACK, genau wie RAJA, macht sich stark f\u00fcr Frauen! F\u00fcr ihre Chancengleicheit im Beruf. F\u00fcr ihren Schutz vor Obdachlosigkeit und Gewalt. Und gegen jede Form von Ausgrenzung oder Diskriminierung. Machen Sie mit, denn gemeinsam sind wir st\u00e4rker.<\/h5>\n<div class=\"su-divider su-divider-style-default\" style=\"margin:15px 0;border-width:3px;border-color:#999999\"><\/div><div class=\"su-spacer\" style=\"height:30px\"><\/div>\n<p style=\"text-align: center;\"><div class=\"su-note\"  style=\"border-color:#89b9ca;border-radius:3px;-moz-border-radius:3px;-webkit-border-radius:3px;\"><div class=\"su-note-inner su-u-clearfix su-u-trim\" style=\"background-color:#a3d3e4;border-color:#ffffff;color:#333333;border-radius:3px;-moz-border-radius:3px;-webkit-border-radius:3px;\"><img loading=\"lazy\" decoding=\"async\" class=\"size-medium wp-image-27894 aligncenter\" src=\"https:\/\/www.rajapack.de\/verpackungsnews\/wp-content\/uploads\/2023\/01\/Logo-AFE-DE-ohnebox-1-300x123.png\" alt=\"Perspektiven f\u00fcr Frauen Logo\" width=\"300\" height=\"123\" srcset=\"https:\/\/www.rajapack.de\/verpackungsnews\/wp-content\/uploads\/2023\/01\/Logo-AFE-DE-ohnebox-1-300x123.png 300w, https:\/\/www.rajapack.de\/verpackungsnews\/wp-content\/uploads\/2023\/01\/Logo-AFE-DE-ohnebox-1-768x314.png 768w, https:\/\/www.rajapack.de\/verpackungsnews\/wp-content\/uploads\/2023\/01\/Logo-AFE-DE-ohnebox-1-1024x418.png 1024w, https:\/\/www.rajapack.de\/verpackungsnews\/wp-content\/uploads\/2023\/01\/Logo-AFE-DE-ohnebox-1.png 1207w\" sizes=\"(max-width: 300px) 100vw, 300px\" \/><\/p>\n<h2 style=\"text-align: center;\">EMPOWER<\/h2>\n<h4 style=\"text-align: center;\">KAUFEN HILFT!<\/h4>\n<p style=\"text-align: center;\">Durch den Kauf unserer Aktionsprodukte unterst\u00fctzen Sie das RAJAPACK-Engagement f\u00fcr Frauen. Je Verpackungseinheit spenden wir 1 \u20ac f\u00fcr die unterst\u00fctzten Projekte.<\/p>\n<div class=\"su-button-center\"><a href=\"\/verpackungsnews\/perspektiven-fuer-frauen\/#Aktionsprodukte\" class=\"su-button su-button-style-default\" style=\"color:#FFFFFF;background-color:#222ca0;border-color:#1c2480;border-radius:6px\" target=\"_self\" id=\"Blog intern\"><span style=\"color:#FFFFFF;padding:6px 18px;font-size:14px;line-height:21px;border-color:#656cbd;border-radius:6px;text-shadow:none\"><i class=\"sui sui-chevron-down\" style=\"font-size:14px;color:#FFFFFF\"><\/i> Zu den Produkten<\/span><\/a><\/div><\/div><\/div>\n<h2>Anschauen, \u00fcberzeugen, mitmachen!<\/h2>\n<div class=\"su-spacer\" style=\"height:30px\"><\/div> Wir von RAJAPACK finden, eine moderne, lebenswerte Gesellschaft sollte allen Menschen gleicherma\u00dfen Chancen und Perspektiven bieten. Unser Engagement f\u00fcr Frauen ist ein Appell f\u00fcr mehr Gemeinsinn, Zusammenhalt und Solidarit\u00e4t. Aus Leidenschaft f\u00fcr ein gleichberechtigtes Miteinander. <div class=\"su-youtube su-u-responsive-media-yes\"><iframe loading=\"lazy\" width=\"600\" height=\"400\" src=\"https:\/\/www.youtube.com\/embed\/zYh03ab_Eew?autohide=2&amp;autoplay=0&amp;mute=0&amp;controls=1&amp;fs=1&amp;loop=0&amp;modestbranding=0&amp;rel=1&amp;showinfo=1&amp;theme=dark&amp;wmode=&amp;playsinline=0\" frameborder=\"0\" allowfullscreen allow=\"autoplay; encrypted-media; picture-in-picture\" title=\"Perspektiven f\u00fcr Frauen - Aktionsprogramm f\u00fcr Gleichberechtigung | RAJA\"><\/iframe><\/div> <div class=\"su-row\"><div class=\"su-column su-column-size-1-2\"><div class=\"su-column-inner su-u-clearfix su-u-trim\"><div class=\"su-custom-gallery su-custom-gallery-align-left su-custom-gallery-title-never\"><div class=\"su-custom-gallery-slide\" style=\"width:400px;height:360px\"><a><img loading=\"lazy\" decoding=\"async\" src=\"https:\/\/www.rajapack.de\/verpackungsnews\/wp-content\/uploads\/2023\/01\/perspektiven-fuer-frauen-scaled-1-400x360.jpg\" alt=\"perspektiven-fuer-frauen-scaled\" width=\"400\" height=\"360\" \/><span class=\"su-custom-gallery-title\">perspektiven-fuer-frauen-scaled<\/span><\/a><\/div><div class=\"su-clear\"><\/div><\/div><\/div><\/div> <div class=\"su-column su-column-size-1-2\"><div class=\"su-column-inner su-u-clearfix su-u-trim\"> <div class=\"su-spacer\" style=\"height:30px\"><\/div>\n<h2>So einfach geht\u2019s: Kaufen hilft!<\/h2>\n<div class=\"su-spacer\" style=\"height:30px\"><\/div>\n<ol>\n<li>Achten Sie auf unsere Aktionsprodukte.<\/li>\n<li>Legen Sie diese mit gutem Gef\u00fchl in den Warenkorb.<\/li>\n<li>Schlie\u00dfen Sie Ihren Bestell- und Bezahlvorgang ab.<\/li>\n<li>Freuen Sie sich \u00fcber eine Spende von 1 \u20ac je Verpackungseinheit.<\/li>\n<\/ol>\n<\/div><\/div> <\/div> <div class=\"su-note\"  style=\"border-color:#89b9ca;border-radius:3px;-moz-border-radius:3px;-webkit-border-radius:3px;\"><div class=\"su-note-inner su-u-clearfix su-u-trim\" style=\"background-color:#a3d3e4;border-color:#ffffff;color:#333333;border-radius:3px;-moz-border-radius:3px;-webkit-border-radius:3px;\">\n<h2 id=\"Aktionsprodukte\" style=\"text-align: center;\">Bestseller werden zu Bestspendern:<\/h2>\n<h2 style=\"text-align: center;\">Unsere umweltfreundlichen Aktionsprodukte<\/h2>\n<div class=\"su-image-carousel  su-image-carousel-columns-3 su-image-carousel-has-spacing su-image-carousel-crop su-image-carousel-crop-1-1 su-image-carousel-has-outline su-image-carousel-adaptive su-image-carousel-slides-style-default su-image-carousel-controls-style-dark su-image-carousel-align-center\" style=\"\" data-flickity-options='{\"groupCells\":true,\"cellSelector\":\".su-image-carousel-item\",\"adaptiveHeight\":false,\"cellAlign\":\"left\",\"prevNextButtons\":true,\"pageDots\":false,\"autoPlay\":5000,\"imagesLoaded\":true,\"contain\":true,\"selectedAttraction\":0.025,\"friction\":0.28}' id=\"su_image_carousel_69f2b8e7c2776\"><div class=\"su-image-carousel-item\"><div class=\"su-image-carousel-item-content\"><a href=\"https:\/\/www.rajapack.de\/buerobedarf\/papier\/kopierpapier\/kopierpapier-evercopy-plus_OFF_DE_1235.html\" target=\"_blank\" rel=\"noopener noreferrer\" data-caption=\"Kopierpapier Evercopy Plus, 100% recycelt\"><img loading=\"lazy\" decoding=\"async\" width=\"400\" height=\"400\" src=\"https:\/\/www.rajapack.de\/verpackungsnews\/wp-content\/uploads\/2026\/02\/Kopierpapier-Evercopy-Plus-100-recycelt.jpg\" class=\"\" alt=\"Kopierpapier Evercopy Plus, 100% recycelt\" srcset=\"https:\/\/www.rajapack.de\/verpackungsnews\/wp-content\/uploads\/2026\/02\/Kopierpapier-Evercopy-Plus-100-recycelt.jpg 400w, https:\/\/www.rajapack.de\/verpackungsnews\/wp-content\/uploads\/2026\/02\/Kopierpapier-Evercopy-Plus-100-recycelt-150x150.jpg 150w, https:\/\/www.rajapack.de\/verpackungsnews\/wp-content\/uploads\/2026\/02\/Kopierpapier-Evercopy-Plus-100-recycelt-120x120.jpg 120w\" sizes=\"(max-width: 400px) 100vw, 400px\" \/><span>Kopierpapier Evercopy Plus, 100% recycelt<\/span><\/a><\/div><\/div><div class=\"su-image-carousel-item\"><div class=\"su-image-carousel-item-content\"><a href=\"https:\/\/www.rajapack.de\/tragetaschen-geschenkverpackung\/dekoratives-fuellmaterial\/seidenpapier\/seidenpapier-weiss_OFF_DE_0378.html\" target=\"_blank\" rel=\"noopener noreferrer\" data-caption=\"Seidenpapier wei\u00df im Bogen RAJA\"><img loading=\"lazy\" decoding=\"async\" width=\"400\" height=\"400\" src=\"https:\/\/www.rajapack.de\/verpackungsnews\/wp-content\/uploads\/2026\/02\/Seidenpapier-weiss-im-Bogen-RAJA.jpg\" class=\"\" alt=\"Seidenpapier wei\u00df im Bogen RAJA\" srcset=\"https:\/\/www.rajapack.de\/verpackungsnews\/wp-content\/uploads\/2026\/02\/Seidenpapier-weiss-im-Bogen-RAJA.jpg 400w, https:\/\/www.rajapack.de\/verpackungsnews\/wp-content\/uploads\/2026\/02\/Seidenpapier-weiss-im-Bogen-RAJA-150x150.jpg 150w, https:\/\/www.rajapack.de\/verpackungsnews\/wp-content\/uploads\/2026\/02\/Seidenpapier-weiss-im-Bogen-RAJA-120x120.jpg 120w\" sizes=\"(max-width: 400px) 100vw, 400px\" \/><span>Seidenpapier wei\u00df im Bogen RAJA<\/span><\/a><\/div><\/div><div class=\"su-image-carousel-item\"><div class=\"su-image-carousel-item-content\"><a href=\"https:\/\/www.rajapack.de\/klebebaender-verschlussmittel\/packband\/nassklebeband\/nassklebebaender-standard_OFF_DE_01608.html\" target=\"_blank\" rel=\"noopener noreferrer\" data-caption=\"Nassklebeb\u00e4nder Standard RAJA\"><img loading=\"lazy\" decoding=\"async\" width=\"400\" height=\"400\" src=\"https:\/\/www.rajapack.de\/verpackungsnews\/wp-content\/uploads\/2026\/02\/Nassklebebaender-Standard-RAJA.jpg\" class=\"\" alt=\"Nassklebeb\u00e4nder Standard RAJA\" srcset=\"https:\/\/www.rajapack.de\/verpackungsnews\/wp-content\/uploads\/2026\/02\/Nassklebebaender-Standard-RAJA.jpg 400w, https:\/\/www.rajapack.de\/verpackungsnews\/wp-content\/uploads\/2026\/02\/Nassklebebaender-Standard-RAJA-150x150.jpg 150w, https:\/\/www.rajapack.de\/verpackungsnews\/wp-content\/uploads\/2026\/02\/Nassklebebaender-Standard-RAJA-120x120.jpg 120w\" sizes=\"(max-width: 400px) 100vw, 400px\" \/><span>Nassklebeb\u00e4nder Standard RAJA<\/span><\/a><\/div><\/div><div class=\"su-image-carousel-item\"><div class=\"su-image-carousel-item-content\"><a href=\"https:\/\/www.rajapack.de\/dokumententaschen-etiketten-kennzeichnung\/lieferscheintaschen\/transparent\/dokumententaschen-papier-transparent_OFF_DE_01885.html\" target=\"_blank\" rel=\"noopener noreferrer\" data-caption=\"Dokumententaschen aus Papier RAJA, transparent\"><img loading=\"lazy\" decoding=\"async\" width=\"400\" height=\"400\" src=\"https:\/\/www.rajapack.de\/verpackungsnews\/wp-content\/uploads\/2024\/02\/OFF_DE_01885_Dokumententasche-aus-Papier-RAJA-transparent.jpg\" class=\"\" alt=\"Dokumententaschen aus Papier RAJA, transparent\" srcset=\"https:\/\/www.rajapack.de\/verpackungsnews\/wp-content\/uploads\/2024\/02\/OFF_DE_01885_Dokumententasche-aus-Papier-RAJA-transparent.jpg 400w, https:\/\/www.rajapack.de\/verpackungsnews\/wp-content\/uploads\/2024\/02\/OFF_DE_01885_Dokumententasche-aus-Papier-RAJA-transparent-300x300.jpg 300w, https:\/\/www.rajapack.de\/verpackungsnews\/wp-content\/uploads\/2024\/02\/OFF_DE_01885_Dokumententasche-aus-Papier-RAJA-transparent-150x150.jpg 150w, https:\/\/www.rajapack.de\/verpackungsnews\/wp-content\/uploads\/2024\/02\/OFF_DE_01885_Dokumententasche-aus-Papier-RAJA-transparent-120x120.jpg 120w\" sizes=\"(max-width: 400px) 100vw, 400px\" \/><span>Dokumententaschen aus Papier RAJA, transparent<\/span><\/a><\/div><\/div><div class=\"su-image-carousel-item\"><div class=\"su-image-carousel-item-content\"><a href=\"https:\/\/www.rajapack.de\/polster-fuellmaterialien\/luftpolster\/luftpolsterpapier\/luftpolsterpapier_OFF_DE_02018.html\" target=\"_blank\" rel=\"noopener noreferrer\" data-caption=\"Luftpolsterpapier RAJA\"><img loading=\"lazy\" decoding=\"async\" width=\"200\" height=\"200\" src=\"https:\/\/www.rajapack.de\/verpackungsnews\/wp-content\/uploads\/2025\/03\/luftpolsterpapier-raja_OFF_DE_02018.jpg\" class=\"\" alt=\"Luftpolsterpapier RAJA\" srcset=\"https:\/\/www.rajapack.de\/verpackungsnews\/wp-content\/uploads\/2025\/03\/luftpolsterpapier-raja_OFF_DE_02018.jpg 200w, https:\/\/www.rajapack.de\/verpackungsnews\/wp-content\/uploads\/2025\/03\/luftpolsterpapier-raja_OFF_DE_02018-150x150.jpg 150w, https:\/\/www.rajapack.de\/verpackungsnews\/wp-content\/uploads\/2025\/03\/luftpolsterpapier-raja_OFF_DE_02018-120x120.jpg 120w\" sizes=\"(max-width: 200px) 100vw, 200px\" \/><span>Luftpolsterpapier RAJA<\/span><\/a><\/div><\/div><div class=\"su-image-carousel-item\"><div class=\"su-image-carousel-item-content\"><a href=\"https:\/\/www.rajapack.de\/tragetaschen-geschenkverpackung\/dekoratives-fuellmaterial\/seidenpapier\/packseide-im-bogen\/recycelt_OFF_DE_02565.html\" target=\"_blank\" rel=\"noopener noreferrer\" data-caption=\"Packseide im Bogen\"><img loading=\"lazy\" decoding=\"async\" width=\"400\" height=\"400\" src=\"https:\/\/www.rajapack.de\/verpackungsnews\/wp-content\/uploads\/2026\/02\/M_PAMKR_PAMB_G_FR-e1770652613192.jpg\" class=\"\" alt=\"Packseide im Bogen\" \/><span>Packseide im Bogen<\/span><\/a><\/div><\/div><div class=\"su-image-carousel-item\"><div class=\"su-image-carousel-item-content\"><a href=\"https:\/\/www.rajapack.de\/arbeitsschutz-hygiene\/wischtuecher\/papierwischtuch-rollen\/reinigungstuecher-eco-rosa_OFF_DE_02654.html\" target=\"_blank\" rel=\"noopener noreferrer\" data-caption=\"Wischt\u00fccher Eco rosa RAJA\"><img loading=\"lazy\" decoding=\"async\" width=\"200\" height=\"200\" src=\"https:\/\/www.rajapack.de\/verpackungsnews\/wp-content\/uploads\/2025\/03\/wischtuecher-eco-rosa-raja_OFF_DE_02654.jpg\" class=\"\" alt=\"Wischt\u00fccher Eco rosa RAJA\" srcset=\"https:\/\/www.rajapack.de\/verpackungsnews\/wp-content\/uploads\/2025\/03\/wischtuecher-eco-rosa-raja_OFF_DE_02654.jpg 200w, https:\/\/www.rajapack.de\/verpackungsnews\/wp-content\/uploads\/2025\/03\/wischtuecher-eco-rosa-raja_OFF_DE_02654-150x150.jpg 150w, https:\/\/www.rajapack.de\/verpackungsnews\/wp-content\/uploads\/2025\/03\/wischtuecher-eco-rosa-raja_OFF_DE_02654-120x120.jpg 120w\" sizes=\"(max-width: 200px) 100vw, 200px\" \/><span>Wischt\u00fccher Eco rosa RAJA<\/span><\/a><\/div><\/div><div class=\"su-image-carousel-item\"><div class=\"su-image-carousel-item-content\"><a href=\"https:\/\/www.rajapack.de\/tragetaschen-geschenkverpackung\/dekoratives-fuellmaterial\/seidenpapier\/packseide_OFF_DE_0380.html\" target=\"_blank\" rel=\"noopener noreferrer\" data-caption=\"Packseide farbig RAJA\"><img loading=\"lazy\" decoding=\"async\" width=\"400\" height=\"400\" src=\"https:\/\/www.rajapack.de\/verpackungsnews\/wp-content\/uploads\/2026\/02\/Packseide-farbig-RAJA.jpg\" class=\"\" alt=\"Packseide farbig RAJA\" srcset=\"https:\/\/www.rajapack.de\/verpackungsnews\/wp-content\/uploads\/2026\/02\/Packseide-farbig-RAJA.jpg 400w, https:\/\/www.rajapack.de\/verpackungsnews\/wp-content\/uploads\/2026\/02\/Packseide-farbig-RAJA-150x150.jpg 150w, https:\/\/www.rajapack.de\/verpackungsnews\/wp-content\/uploads\/2026\/02\/Packseide-farbig-RAJA-120x120.jpg 120w\" sizes=\"(max-width: 400px) 100vw, 400px\" \/><span>Packseide farbig RAJA<\/span><\/a><\/div><\/div><div class=\"su-image-carousel-item\"><div class=\"su-image-carousel-item-content\"><a href=\"https:\/\/www.rajapack.de\/versandtaschen-umschlaege-versandrohre\/polsterumschlaege\/luftpolster-versandtaschen\/luftpolster-versandtaschen-rajabul-braun_OFF_DE_0268.html\" target=\"_blank\" rel=\"noopener noreferrer\" data-caption=\"Luftpolster-Versandtaschen RAJA Eco, braun\"><img loading=\"lazy\" decoding=\"async\" width=\"200\" height=\"200\" src=\"https:\/\/www.rajapack.de\/verpackungsnews\/wp-content\/uploads\/2026\/02\/Luftpolsterversandtasche-RAJA-e1770650502385.jpg\" class=\"\" alt=\"Luftpolster-Versandtaschen RAJA Eco, braun\" \/><span>Luftpolster-Versandtaschen RAJA Eco, braun<\/span><\/a><\/div><\/div><div class=\"su-image-carousel-item\"><div class=\"su-image-carousel-item-content\"><a href=\"https:\/\/www.rajapack.de\/kartons-schachteln-container\/sonderformat-kartonagen\/hoehenvariable-kartons\/blitzboden-aufrichtekarton-varia-1-wellig_PDT01532.html\" target=\"_blank\" rel=\"noopener noreferrer\" data-caption=\"Blitzboden-Aufrichtekarton Varia Standard, 1-wellig RAJA\"><img loading=\"lazy\" decoding=\"async\" width=\"400\" height=\"400\" src=\"https:\/\/www.rajapack.de\/verpackungsnews\/wp-content\/uploads\/2024\/02\/PDT01532_Blitzboden-Aufrichtekarton-Varia-Standard-1-wellig-RAJA.jpg\" class=\"\" alt=\"Blitzboden-Aufrichtekarton Varia Standard, 1-wellig RAJA\" srcset=\"https:\/\/www.rajapack.de\/verpackungsnews\/wp-content\/uploads\/2024\/02\/PDT01532_Blitzboden-Aufrichtekarton-Varia-Standard-1-wellig-RAJA.jpg 400w, https:\/\/www.rajapack.de\/verpackungsnews\/wp-content\/uploads\/2024\/02\/PDT01532_Blitzboden-Aufrichtekarton-Varia-Standard-1-wellig-RAJA-300x300.jpg 300w, https:\/\/www.rajapack.de\/verpackungsnews\/wp-content\/uploads\/2024\/02\/PDT01532_Blitzboden-Aufrichtekarton-Varia-Standard-1-wellig-RAJA-150x150.jpg 150w, https:\/\/www.rajapack.de\/verpackungsnews\/wp-content\/uploads\/2024\/02\/PDT01532_Blitzboden-Aufrichtekarton-Varia-Standard-1-wellig-RAJA-120x120.jpg 120w\" sizes=\"(max-width: 400px) 100vw, 400px\" \/><span>Blitzboden-Aufrichtekarton Varia Standard, 1-wellig RAJA<\/span><\/a><\/div><\/div><div class=\"su-image-carousel-item\"><div class=\"su-image-carousel-item-content\"><a href=\"https:\/\/www.rajapack.de\/lagerung-handling\/lagerboxen-kaesten\/regal-sichtlagerkaesten\/faltbare-karton-regalkaesten_OFF_DE_0425.html\" target=\"_blank\" rel=\"noopener noreferrer\" data-caption=\"Faltbare Karton-Regalk\u00e4sten RAJA\"><img loading=\"lazy\" decoding=\"async\" width=\"300\" height=\"300\" src=\"https:\/\/www.rajapack.de\/verpackungsnews\/wp-content\/uploads\/2023\/01\/faltbare-karton-regalkasten-raja_OFF_DE_0425.jpg\" class=\"\" alt=\"Regalk\u00e4sten Karton\" srcset=\"https:\/\/www.rajapack.de\/verpackungsnews\/wp-content\/uploads\/2023\/01\/faltbare-karton-regalkasten-raja_OFF_DE_0425.jpg 300w, https:\/\/www.rajapack.de\/verpackungsnews\/wp-content\/uploads\/2023\/01\/faltbare-karton-regalkasten-raja_OFF_DE_0425-150x150.jpg 150w, https:\/\/www.rajapack.de\/verpackungsnews\/wp-content\/uploads\/2023\/01\/faltbare-karton-regalkasten-raja_OFF_DE_0425-120x120.jpg 120w\" sizes=\"(max-width: 300px) 100vw, 300px\" \/><span>Faltbare Karton-Regalk\u00e4sten RAJA<\/span><\/a><\/div><\/div><div class=\"su-image-carousel-item\"><div class=\"su-image-carousel-item-content\"><a href=\"https:\/\/www.rajapack.de\/kartons-schachteln-container\/versandkartons-postverpackungen\/postkartons\/automatikboden-recycelt_OFF_47821.html\" target=\"_blank\" rel=\"noopener noreferrer\" data-caption=\"Postkarton-mit-Automatikboden,-100%-recycelt\"><img loading=\"lazy\" decoding=\"async\" width=\"400\" height=\"400\" src=\"https:\/\/www.rajapack.de\/verpackungsnews\/wp-content\/uploads\/2026\/02\/Postkarton-mit-Automatikboden-100-recycelt.jpg\" class=\"\" alt=\"Postkarton-mit-Automatikboden,-100%-recycelt\" srcset=\"https:\/\/www.rajapack.de\/verpackungsnews\/wp-content\/uploads\/2026\/02\/Postkarton-mit-Automatikboden-100-recycelt.jpg 400w, https:\/\/www.rajapack.de\/verpackungsnews\/wp-content\/uploads\/2026\/02\/Postkarton-mit-Automatikboden-100-recycelt-150x150.jpg 150w, https:\/\/www.rajapack.de\/verpackungsnews\/wp-content\/uploads\/2026\/02\/Postkarton-mit-Automatikboden-100-recycelt-120x120.jpg 120w\" sizes=\"(max-width: 400px) 100vw, 400px\" \/><span>Postkarton-mit-Automatikboden,-100%-recycelt<\/span><\/a><\/div><\/div><div class=\"su-image-carousel-item\"><div class=\"su-image-carousel-item-content\"><a href=\"https:\/\/www.rajapack.de\/beutel-behaelter\/papierbeutel\/fuer-industrie-handel\/pergamin-flachbeutel_OFF_DE_02031.html\" target=\"_blank\" rel=\"noopener noreferrer\" data-caption=\"Pergamin Flachbeutel\"><img loading=\"lazy\" decoding=\"async\" width=\"200\" height=\"200\" src=\"https:\/\/www.rajapack.de\/verpackungsnews\/wp-content\/uploads\/2025\/03\/pergamin-flachbeutel_OFF_DE_02031.jpg\" class=\"\" alt=\"Pergamin Flachbeutel\" srcset=\"https:\/\/www.rajapack.de\/verpackungsnews\/wp-content\/uploads\/2025\/03\/pergamin-flachbeutel_OFF_DE_02031.jpg 200w, https:\/\/www.rajapack.de\/verpackungsnews\/wp-content\/uploads\/2025\/03\/pergamin-flachbeutel_OFF_DE_02031-150x150.jpg 150w, https:\/\/www.rajapack.de\/verpackungsnews\/wp-content\/uploads\/2025\/03\/pergamin-flachbeutel_OFF_DE_02031-120x120.jpg 120w\" sizes=\"(max-width: 200px) 100vw, 200px\" \/><span>Pergamin Flachbeutel<\/span><\/a><\/div><\/div><div class=\"su-image-carousel-item\"><div class=\"su-image-carousel-item-content\"><a href=\"https:\/\/www.rajapack.de\/arbeitsschutz-hygiene\/wischtuecher\/papierwischtuch-rollen\/reinigungstuecher-eco_OFF_DE_0859.html\" target=\"_blank\" rel=\"noopener noreferrer\" data-caption=\"Wischt\u00fccher Eco wei\u00df RAJA\"><img loading=\"lazy\" decoding=\"async\" width=\"400\" height=\"400\" src=\"https:\/\/www.rajapack.de\/verpackungsnews\/wp-content\/uploads\/2026\/02\/Wischtuecher-Eco-weiss-RAJA-1.jpg\" class=\"\" alt=\"Wischt\u00fccher Eco wei\u00df RAJA\" srcset=\"https:\/\/www.rajapack.de\/verpackungsnews\/wp-content\/uploads\/2026\/02\/Wischtuecher-Eco-weiss-RAJA-1.jpg 400w, https:\/\/www.rajapack.de\/verpackungsnews\/wp-content\/uploads\/2026\/02\/Wischtuecher-Eco-weiss-RAJA-1-150x150.jpg 150w, https:\/\/www.rajapack.de\/verpackungsnews\/wp-content\/uploads\/2026\/02\/Wischtuecher-Eco-weiss-RAJA-1-120x120.jpg 120w\" sizes=\"(max-width: 400px) 100vw, 400px\" \/><span>Wischt\u00fccher Eco wei\u00df RAJA<\/span><\/a><\/div><\/div><div class=\"su-image-carousel-item\"><div class=\"su-image-carousel-item-content\"><a href=\"https:\/\/www.rajapack.de\/dokumententaschen-etiketten-kennzeichnung\/lieferscheintaschen\/bedruckt\/dokumententaschen-papier_OFF_DE_01658.html\" target=\"_blank\" rel=\"noopener noreferrer\" data-caption=\"Lieferscheintaschen aus Papier RAJA, bedruckt\"><img loading=\"lazy\" decoding=\"async\" width=\"400\" height=\"400\" src=\"https:\/\/www.rajapack.de\/verpackungsnews\/wp-content\/uploads\/2024\/02\/OFF_DE_01658_Lieferscheintasche-aus-Papier-RAJA-bedruckt.jpg\" class=\"\" alt=\"Lieferscheintaschen aus Papier RAJA, bedruckt\" srcset=\"https:\/\/www.rajapack.de\/verpackungsnews\/wp-content\/uploads\/2024\/02\/OFF_DE_01658_Lieferscheintasche-aus-Papier-RAJA-bedruckt.jpg 400w, https:\/\/www.rajapack.de\/verpackungsnews\/wp-content\/uploads\/2024\/02\/OFF_DE_01658_Lieferscheintasche-aus-Papier-RAJA-bedruckt-300x300.jpg 300w, https:\/\/www.rajapack.de\/verpackungsnews\/wp-content\/uploads\/2024\/02\/OFF_DE_01658_Lieferscheintasche-aus-Papier-RAJA-bedruckt-150x150.jpg 150w, https:\/\/www.rajapack.de\/verpackungsnews\/wp-content\/uploads\/2024\/02\/OFF_DE_01658_Lieferscheintasche-aus-Papier-RAJA-bedruckt-120x120.jpg 120w\" sizes=\"(max-width: 400px) 100vw, 400px\" \/><span>Lieferscheintaschen aus Papier RAJA, bedruckt<\/span><\/a><\/div><\/div><div class=\"su-image-carousel-item\"><div class=\"su-image-carousel-item-content\"><a href=\"https:\/\/www.rajapack.de\/tragetaschen-geschenkverpackung\/tragetaschen\/papiertragetaschen\/papier-tragetaschen-papierhenkel_OFF_DE_01824.html\" target=\"_blank\" rel=\"noopener noreferrer\" data-caption=\"Wei\u00dfe und braune Papier-Tragetaschen mit Papierhenkel RAJA\"><img loading=\"lazy\" decoding=\"async\" width=\"617\" height=\"484\" src=\"https:\/\/www.rajapack.de\/verpackungsnews\/wp-content\/uploads\/2026\/02\/Screenshot-OFF_DE_01824.png\" class=\"\" alt=\"Wei\u00dfe und braune Papier-Tragetaschen mit Papierhenkel RAJA\" srcset=\"https:\/\/www.rajapack.de\/verpackungsnews\/wp-content\/uploads\/2026\/02\/Screenshot-OFF_DE_01824.png 617w, https:\/\/www.rajapack.de\/verpackungsnews\/wp-content\/uploads\/2026\/02\/Screenshot-OFF_DE_01824-430x337.png 430w\" sizes=\"(max-width: 617px) 100vw, 617px\" \/><span>Wei\u00dfe und braune Papier-Tragetaschen mit Papierhenkel RAJA<\/span><\/a><\/div><\/div><\/div><script id=\"su_image_carousel_69f2b8e7c2776_script\">if(window.SUImageCarousel){setTimeout(function() {window.SUImageCarousel.initGallery(document.getElementById(\"su_image_carousel_69f2b8e7c2776\"))}, 0);}var su_image_carousel_69f2b8e7c2776_script=document.getElementById(\"su_image_carousel_69f2b8e7c2776_script\");if(su_image_carousel_69f2b8e7c2776_script){su_image_carousel_69f2b8e7c2776_script.parentNode.removeChild(su_image_carousel_69f2b8e7c2776_script);}<\/script> \u00a0 \u00a0 <\/div><\/div> <div class=\"su-divider su-divider-style-dotted\" style=\"margin:15px 0;border-width:3px;border-color:#999999\"><\/div>\n<p>&nbsp;<\/p>\n<p style=\"text-align: center;\"><div class=\"su-row\"><div class=\"su-column su-column-size-1-3\"><div class=\"su-column-inner su-u-clearfix su-u-trim\"><span style=\"text-align: center;\"><div class=\"su-box su-box-style-default\" id=\"\" style=\"border-color:#0039b6;border-radius:3px\"><div class=\"su-box-title\" style=\"background-color:#1a6ce9;color:#FFFFFF;border-top-left-radius:1px;border-top-right-radius:1px\">2016<\/div><div class=\"su-box-content su-u-clearfix su-u-trim\" style=\"border-bottom-left-radius:1px;border-bottom-right-radius:1px\"><\/span><\/p>\n<p style=\"text-align: center;\"><span style=\"text-align: center;\">wurde das Programm \u201cPerspektiven f\u00fcr Frauen\u201d ins Leben gerufen und w\u00e4chst kontinuierlich.<\/div><\/div><\/span><\/div><\/div>\n<p style=\"text-align: center;\"><div class=\"su-column su-column-size-1-3\"><div class=\"su-column-inner su-u-clearfix su-u-trim\"><span style=\"text-align: center;\"><div class=\"su-box su-box-style-default\" id=\"\" style=\"border-color:#b66400;border-radius:3px\"><div class=\"su-box-title\" style=\"background-color:#e9971a;color:#FFFFFF;border-top-left-radius:1px;border-top-right-radius:1px\">3<\/div><div class=\"su-box-content su-u-clearfix su-u-trim\" style=\"border-bottom-left-radius:1px;border-bottom-right-radius:1px\"><\/span><\/p>\n<p style=\"text-align: center;\">Organisationen sind das Ziel unserer Hilfe. Wir unterst\u00fctzen diese nachhaltig und konsequent.<\/div><\/div><\/div><\/div>\n<p style=\"text-align: center;\"><div class=\"su-column su-column-size-1-3\"><div class=\"su-column-inner su-u-clearfix su-u-trim\"><span style=\"text-align: center;\"><div class=\"su-box su-box-style-default\" id=\"\" style=\"border-color:#001ab6;border-radius:3px\"><div class=\"su-box-title\" style=\"background-color:#1a4de9;color:#FFFFFF;border-top-left-radius:1px;border-top-right-radius:1px\">Bereits 612.000 \u20ac<\/div><div class=\"su-box-content su-u-clearfix su-u-trim\" style=\"border-bottom-left-radius:1px;border-bottom-right-radius:1px\"><\/span><\/p>\n<p style=\"text-align: center;\">an Spenden\u00a0konnten wir bislang durch Ihre Unterst\u00fctzung sammeln. Danke!<\/div><\/div><\/div><\/div><\/div>\n<div class=\"su-divider su-divider-style-dotted\" style=\"margin:15px 0;border-width:3px;border-color:#999999\"><\/div> <div class=\"su-row\"><div class=\"su-column su-column-size-1-2\"><div class=\"su-column-inner su-u-clearfix su-u-trim\"><div class=\"su-custom-gallery su-custom-gallery-align-left su-custom-gallery-title-never\"><div class=\"su-custom-gallery-slide\" style=\"width:300px;height:270px\"><a><img loading=\"lazy\" decoding=\"async\" src=\"https:\/\/www.rajapack.de\/verpackungsnews\/wp-content\/uploads\/2023\/01\/DSC_5674-scaled-1-300x270.jpg\" alt=\"Frau mit Kind\" width=\"300\" height=\"270\" \/><span class=\"su-custom-gallery-title\">Frau mit Kind<\/span><\/a><\/div><div class=\"su-clear\"><\/div><\/div><\/div><\/div> <div class=\"su-column su-column-size-1-2\"><div class=\"su-column-inner su-u-clearfix su-u-trim\">\n<h2>Starke Unterst\u00fctzung macht Frauen stark.<\/h2>\n<p>Mit dem Programm \u201ePerspektiven f\u00fcr Frauen\u201d engagiert sich RAJAPACK f\u00fcr starke Frauen. Denn auch im 21. Jahrhundert sind noch immer viele durch Gewalt, berufliche Benachteiligung und Ausgrenzung in ihrer pers\u00f6nlichen Lebensgestaltung eingeschr\u00e4nkt. Gemeinsam k\u00f6nnen wir mehr bewegen!<\/div><\/div><\/div> <div class=\"su-divider su-divider-style-dotted\" style=\"margin:15px 0;border-width:3px;border-color:#999999\"><\/div> <span style=\"font-size: 16px;\"><div class=\"su-row\"><div class=\"su-column su-column-size-1-2\"><div class=\"su-column-inner su-u-clearfix su-u-trim\"><\/span><\/p>\n<h2>Stark f\u00fcr Chancengleichheit!<\/h2>\n<p>RAJAPACK macht sich stark f\u00fcr die beruflichen Perspektiven von Frauen, besonders von jungen Migrantinnen. F\u00fcr den Abbau kultureller Barrieren, die ein selbst bestimmtes Leben in Deutschland verhindern. F\u00fcr eine Zukunft ohne Ausgrenzung und Vorurteile in einer starken Gemeinschaft. <span style=\"font-size: 16px;\"><\/div><\/div> <div class=\"su-column su-column-size-1-2\"><div class=\"su-column-inner su-u-clearfix su-u-trim\"><div class=\"su-custom-gallery su-custom-gallery-align-left su-custom-gallery-title-never\"><div class=\"su-custom-gallery-slide\" style=\"width:300px;height:270px\"><a><img loading=\"lazy\" decoding=\"async\" src=\"https:\/\/www.rajapack.de\/verpackungsnews\/wp-content\/uploads\/2023\/01\/Stark-fuer1-300x270.jpg\" alt=\"Frau spielt mit Kind\" width=\"300\" height=\"270\" \/><span class=\"su-custom-gallery-title\">Frau spielt mit Kind<\/span><\/a><\/div><div class=\"su-clear\"><\/div><\/div><\/span><\/div><\/div><\/div> <div class=\"su-divider su-divider-style-dotted\" style=\"margin:15px 0;border-width:3px;border-color:#999999\"><\/div> <div class=\"su-row\"><div class=\"su-column su-column-size-1-2\"><div class=\"su-column-inner su-u-clearfix su-u-trim\"><div class=\"su-custom-gallery su-custom-gallery-align-left su-custom-gallery-title-never\"><div class=\"su-custom-gallery-slide\" style=\"width:300px;height:270px\"><a><img loading=\"lazy\" decoding=\"async\" src=\"https:\/\/www.rajapack.de\/verpackungsnews\/wp-content\/uploads\/2023\/01\/2016-icon-box-300x270.jpg\" alt=\"Frauen im Beruf\" width=\"300\" height=\"270\" \/><span class=\"su-custom-gallery-title\">Frauen im Beruf<\/span><\/a><\/div><div class=\"su-clear\"><\/div><\/div><\/div><\/div> <div class=\"su-column su-column-size-1-2\"><div class=\"su-column-inner su-u-clearfix su-u-trim\">\n<h2>Stark f\u00fcr Integration!<\/h2>\n<p>RAJAPACK macht sich stark f\u00fcr die Integration von Frauen und M\u00e4dchen. F\u00fcr den Einstieg und Wiedereinstieg ins Berufsleben. F\u00fcr die Koordination mit Kindern, gerade, wenn diese noch klein sind. F\u00fcr Karrierechancen und eine faire Bezahlung. Und damit nicht zuletzt f\u00fcr das Miteinander.<\/div><\/div><\/div> <div class=\"su-divider su-divider-style-dotted\" style=\"margin:15px 0;border-width:3px;border-color:#999999\"><\/div> <span style=\"font-size: 16px;\"><div class=\"su-row\"><div class=\"su-column su-column-size-1-2\"><div class=\"su-column-inner su-u-clearfix su-u-trim\"><\/span><\/p>\n<h2>Stark gegen Gewalt!<\/h2>\n<div class=\"su-spacer\" style=\"height:30px\"><\/div> <span style=\"font-size: 16px;\">RAJAPACK macht sich stark f\u00fcr den Schutz von Frauen vor k\u00f6rperlicher und psychischer Gewalt, durch Partner, Expartner und andere Familienangeh\u00f6rige \u2013 besonders in Trennungssituationen. F\u00fcr ein neues Zuhause, das Sicherheit bietet. F\u00fcr die Sicherung des Arbeitsplatzes. F\u00fcr ein Leben mit Perspektiven.<\/span><\/div><\/div> <div class=\"su-column su-column-size-1-2\"><div class=\"su-column-inner su-u-clearfix su-u-trim\"><div class=\"su-custom-gallery su-custom-gallery-align-left su-custom-gallery-title-never\"><div class=\"su-custom-gallery-slide\" style=\"width:300px;height:270px\"><a><img loading=\"lazy\" decoding=\"async\" src=\"https:\/\/www.rajapack.de\/verpackungsnews\/wp-content\/uploads\/2023\/01\/Stark-gegen1-300x270.jpg\" alt=\"Gemeinsam\" width=\"300\" height=\"270\" \/><span class=\"su-custom-gallery-title\">Gemeinsam<\/span><\/a><\/div><div class=\"su-clear\"><\/div><\/div><\/div><\/div><\/div> <div class=\"su-divider su-divider-style-dotted\" style=\"margin:15px 0;border-width:3px;border-color:#999999\"><\/div>\n<h2>Unser Engagement gr\u00fcndet auf unserer Gr\u00fcndungshistorie.<\/h2>\n<div class=\"su-spacer\" style=\"height:30px\"><\/div> <img loading=\"lazy\" decoding=\"async\" class=\"size-medium wp-image-27936 alignleft\" src=\"https:\/\/www.rajapack.de\/verpackungsnews\/wp-content\/uploads\/2023\/01\/rachel-marcovici-3-289x300.jpg\" alt=\"Rachel Marcovici\" width=\"289\" height=\"300\" srcset=\"https:\/\/www.rajapack.de\/verpackungsnews\/wp-content\/uploads\/2023\/01\/rachel-marcovici-3-289x300.jpg 289w, https:\/\/www.rajapack.de\/verpackungsnews\/wp-content\/uploads\/2023\/01\/rachel-marcovici-3.jpg 402w\" sizes=\"(max-width: 289px) 100vw, 289px\" \/>Als Rachel Marcovici und Janine Rocher RAJA (RAchel\/JAnine) im Jahr 1954 gegr\u00fcndet haben, war das eine kleine Sensation. Zu einer Zeit, in der die Gleichberechtigung von Frau und Mann noch in den Kinderschuhen steckte, hatten die beiden den Mut, ihren eigenen Weg zu gehen. Gegen alle Konventionen. Mit einer genialen Idee: Sie verkauften Gebrauchtkartons, die sie g\u00fcnstiger anbieten konnten als neue \u2013 der Beginn einer faszinierenden Erfolgsgeschichte. Unser Engagement f\u00fcr Frauen ist nicht zuletzt auch eine respektvolle Verneigung vor der Leistung von Rachel und Janine.<\/p>\n<div class=\"column mcb-column one column_column\">\n<div class=\"column_attr clearfix align_center\">\n<h2>Starke Partner, die wir langfristig unterst\u00fctzen.<\/h2>\n<div class=\"su-spacer\" style=\"height:30px\"><\/div> Damit unser Engagement f\u00fcr starke Frauen gr\u00f6\u00dftm\u00f6gliche Wirkung entfalten kann, arbeiten wir mit den drei ausgew\u00e4hlten Organisationen bzw. Vereinen zusammen. Die Unterst\u00fctzung ist langfristig und nachhaltig, die Partnerschaften sind eng und vertrauensvoll. Die jeweiligen Webseiten geben Ihnen mehr Informationen: <div class=\"su-row\"><div class=\"su-column su-column-size-1-3\"><div class=\"su-column-inner su-u-clearfix su-u-trim\"><a href=\"https:\/\/www.horizont-muenchen.org\/\" target=\"_blank\" rel=\"noopener\"><img loading=\"lazy\" decoding=\"async\" class=\"wp-image-27934 size-medium aligncenter\" src=\"https:\/\/www.rajapack.de\/verpackungsnews\/wp-content\/uploads\/2023\/01\/logo_horizont_100mm_rgb_ab-Jul-2020-300x300.jpg\" alt=\"Logo Horizont\" width=\"300\" height=\"300\" srcset=\"https:\/\/www.rajapack.de\/verpackungsnews\/wp-content\/uploads\/2023\/01\/logo_horizont_100mm_rgb_ab-Jul-2020-300x300.jpg 300w, https:\/\/www.rajapack.de\/verpackungsnews\/wp-content\/uploads\/2023\/01\/logo_horizont_100mm_rgb_ab-Jul-2020-150x150.jpg 150w, https:\/\/www.rajapack.de\/verpackungsnews\/wp-content\/uploads\/2023\/01\/logo_horizont_100mm_rgb_ab-Jul-2020-120x120.jpg 120w, https:\/\/www.rajapack.de\/verpackungsnews\/wp-content\/uploads\/2023\/01\/logo_horizont_100mm_rgb_ab-Jul-2020.jpg 567w\" sizes=\"(max-width: 300px) 100vw, 300px\" \/><\/a><\/p>\n<h2 style=\"text-align: center;\"><a href=\"\/verpackungsnews\/raja-fuer-horizont\" target=\"_blank\" rel=\"noopener\">RAJAPACK f\u00fcr HORIZONT<\/a><\/h2>\n<p style=\"text-align: center;\">Horizont e. V. begleitet obdachlose Kinder und ihre M\u00fctter in ein eigenverantwortliches Leben. Das Horizont &#8211; Haus bietet ihnen ein Zuhause auf Zeit, psychologische Hilfe und Beratung. <a href=\"https:\/\/www.horizont-muenchen.org\/\" target=\"_blank\" rel=\"noopener\">https:\/\/www.horizont-muenchen.org\/<\/a><\/div><\/div> <div class=\"su-column su-column-size-1-3\"><div class=\"su-column-inner su-u-clearfix su-u-trim\"><a href=\"https:\/\/papatya.org\/\" target=\"_blank\" rel=\"noopener\"><img loading=\"lazy\" decoding=\"async\" class=\"aligncenter wp-image-27935 size-medium\" src=\"https:\/\/www.rajapack.de\/verpackungsnews\/wp-content\/uploads\/2023\/01\/Papatya-1-300x300.jpg\" alt=\"Logo Papatya\" width=\"300\" height=\"300\" srcset=\"https:\/\/www.rajapack.de\/verpackungsnews\/wp-content\/uploads\/2023\/01\/Papatya-1-300x300.jpg 300w, https:\/\/www.rajapack.de\/verpackungsnews\/wp-content\/uploads\/2023\/01\/Papatya-1-150x150.jpg 150w, https:\/\/www.rajapack.de\/verpackungsnews\/wp-content\/uploads\/2023\/01\/Papatya-1-120x120.jpg 120w, https:\/\/www.rajapack.de\/verpackungsnews\/wp-content\/uploads\/2023\/01\/Papatya-1.jpg 567w\" sizes=\"(max-width: 300px) 100vw, 300px\" \/><\/a><\/p>\n<h2 style=\"text-align: center;\"><a href=\"\/verpackungsnews\/raja-fuer-papatya\" target=\"_blank\" rel=\"noopener\">RAJAPACK f\u00fcr papatya<\/a><\/h2>\n<p style=\"text-align: center;\">Papatya ist eine Kriseneinrichtung, in der bedrohte M\u00e4dchen und junge Frauen Schutz vor k\u00f6rperlicher, seelischer und psychischer Gewalt finden. 2.000 von ihnen konnte bereits geholfen werden. <a href=\"https:\/\/papatya.org\/\" target=\"_blank\" rel=\"noopener\">https:\/\/papatya.org\/<\/a><\/div><\/div> <div class=\"su-column su-column-size-1-3\"><div class=\"su-column-inner su-u-clearfix su-u-trim\"><img loading=\"lazy\" decoding=\"async\" class=\"size-medium wp-image-27939 aligncenter\" src=\"https:\/\/www.rajapack.de\/verpackungsnews\/wp-content\/uploads\/2023\/01\/VbFF-1-1-300x300.jpg\" alt=\"Logo VbFF\" width=\"300\" height=\"300\" srcset=\"https:\/\/www.rajapack.de\/verpackungsnews\/wp-content\/uploads\/2023\/01\/VbFF-1-1-300x300.jpg 300w, https:\/\/www.rajapack.de\/verpackungsnews\/wp-content\/uploads\/2023\/01\/VbFF-1-1-150x150.jpg 150w, https:\/\/www.rajapack.de\/verpackungsnews\/wp-content\/uploads\/2023\/01\/VbFF-1-1-120x120.jpg 120w, https:\/\/www.rajapack.de\/verpackungsnews\/wp-content\/uploads\/2023\/01\/VbFF-1-1.jpg 567w\" sizes=\"(max-width: 300px) 100vw, 300px\" \/><\/p>\n<h2 style=\"text-align: center;\"><a href=\"\/verpackungsnews\/raja-fuer-vbff\" target=\"_blank\" rel=\"noopener\">RAJAPACK f\u00fcr VbFF e.V.<\/a><\/h2>\n<p style=\"text-align: center;\">Der VbFF e.V. setzt sich f\u00fcr Frauen auf ihrem Weg in die berufliche Integration ein. Im Mittelpunkt stehen Beratung, Berufsvorbereitung, Ausbildung und Unterst\u00fctzung beim Wiedereinstieg. <a href=\"https:\/\/www.vbff-ffm.de\/\" target=\"_blank\" rel=\"noopener\">https:\/\/www.vbff-ffm.de\/<\/a><\/div><\/div><\/div>\n<\/div>\n<\/div>\n<div class=\"su-image-carousel  su-image-carousel-columns-2 su-image-carousel-has-spacing su-image-carousel-adaptive su-image-carousel-slides-style-default su-image-carousel-controls-style-light su-image-carousel-align-center\" style=\"max-width:800px\" data-flickity-options='{\"groupCells\":true,\"cellSelector\":\".su-image-carousel-item\",\"adaptiveHeight\":true,\"cellAlign\":\"left\",\"prevNextButtons\":true,\"pageDots\":false,\"autoPlay\":4000,\"imagesLoaded\":true,\"contain\":false,\"selectedAttraction\":0.025,\"friction\":0.28}' id=\"su_image_carousel_69f2b8e7c626a\"><div class=\"su-image-carousel-item\"><div class=\"su-image-carousel-item-content\"><a href=\"https:\/\/www.rajapack.de\/polster-fuellmaterialien\/papierpolster\/rollenwellpappe\/wellpappe_PDT05560.html\" target=\"_blank\" rel=\"noopener noreferrer\" data-caption=\"Wellpappe Rolle, 100% recycelt RAJA\"><img loading=\"lazy\" decoding=\"async\" width=\"300\" height=\"300\" src=\"https:\/\/www.rajapack.de\/verpackungsnews\/wp-content\/uploads\/2024\/02\/PDT05560_Wellpappe-Rolle-100-recycelt-RAJA-300x300.jpg\" class=\"\" alt=\"Wellpappe Rolle, 100% recycelt RAJA\" srcset=\"https:\/\/www.rajapack.de\/verpackungsnews\/wp-content\/uploads\/2024\/02\/PDT05560_Wellpappe-Rolle-100-recycelt-RAJA-300x300.jpg 300w, https:\/\/www.rajapack.de\/verpackungsnews\/wp-content\/uploads\/2024\/02\/PDT05560_Wellpappe-Rolle-100-recycelt-RAJA-150x150.jpg 150w, https:\/\/www.rajapack.de\/verpackungsnews\/wp-content\/uploads\/2024\/02\/PDT05560_Wellpappe-Rolle-100-recycelt-RAJA-120x120.jpg 120w, https:\/\/www.rajapack.de\/verpackungsnews\/wp-content\/uploads\/2024\/02\/PDT05560_Wellpappe-Rolle-100-recycelt-RAJA.jpg 400w\" sizes=\"(max-width: 300px) 100vw, 300px\" \/><\/a><\/div><\/div><div class=\"su-image-carousel-item\"><div class=\"su-image-carousel-item-content\"><a href=\"https:\/\/www.rajapack.de\/kartons-schachteln-container\/sonderformat-kartonagen\/hoehenvariable-kartons\/blitzboden-aufrichtekarton-varia-1-wellig_PDT01532.html\" target=\"_blank\" rel=\"noopener noreferrer\" data-caption=\"Blitzboden-Aufrichtekarton Varia Standard, 1-wellig RAJA\"><img loading=\"lazy\" decoding=\"async\" width=\"300\" height=\"300\" src=\"https:\/\/www.rajapack.de\/verpackungsnews\/wp-content\/uploads\/2024\/02\/PDT01532_Blitzboden-Aufrichtekarton-Varia-Standard-1-wellig-RAJA-300x300.jpg\" class=\"\" alt=\"Blitzboden-Aufrichtekarton Varia Standard, 1-wellig RAJA\" srcset=\"https:\/\/www.rajapack.de\/verpackungsnews\/wp-content\/uploads\/2024\/02\/PDT01532_Blitzboden-Aufrichtekarton-Varia-Standard-1-wellig-RAJA-300x300.jpg 300w, https:\/\/www.rajapack.de\/verpackungsnews\/wp-content\/uploads\/2024\/02\/PDT01532_Blitzboden-Aufrichtekarton-Varia-Standard-1-wellig-RAJA-150x150.jpg 150w, https:\/\/www.rajapack.de\/verpackungsnews\/wp-content\/uploads\/2024\/02\/PDT01532_Blitzboden-Aufrichtekarton-Varia-Standard-1-wellig-RAJA-120x120.jpg 120w, https:\/\/www.rajapack.de\/verpackungsnews\/wp-content\/uploads\/2024\/02\/PDT01532_Blitzboden-Aufrichtekarton-Varia-Standard-1-wellig-RAJA.jpg 400w\" sizes=\"(max-width: 300px) 100vw, 300px\" \/><\/a><\/div><\/div><div class=\"su-image-carousel-item\"><div class=\"su-image-carousel-item-content\"><a href=\"https:\/\/www.rajapack.de\/klebebaender-verschlussmittel\/packband\/papierklebeband\/papier-warnbaender-standardaufdruck_OFF_DE_01594.html\" target=\"_blank\" rel=\"noopener noreferrer\" data-caption=\"Papier-Warnb\u00e4nder mit Standardaufdruck RAJA\"><img loading=\"lazy\" decoding=\"async\" width=\"300\" height=\"300\" src=\"https:\/\/www.rajapack.de\/verpackungsnews\/wp-content\/uploads\/2024\/09\/Papier-Warnbaender-mit-Standardaufdruck-RAJA-400x400-1-300x300.png\" class=\"\" alt=\"Papier-Warnb\u00e4nder mit Standardaufdruck RAJA\" srcset=\"https:\/\/www.rajapack.de\/verpackungsnews\/wp-content\/uploads\/2024\/09\/Papier-Warnbaender-mit-Standardaufdruck-RAJA-400x400-1-300x300.png 300w, https:\/\/www.rajapack.de\/verpackungsnews\/wp-content\/uploads\/2024\/09\/Papier-Warnbaender-mit-Standardaufdruck-RAJA-400x400-1-150x150.png 150w, https:\/\/www.rajapack.de\/verpackungsnews\/wp-content\/uploads\/2024\/09\/Papier-Warnbaender-mit-Standardaufdruck-RAJA-400x400-1-120x120.png 120w, https:\/\/www.rajapack.de\/verpackungsnews\/wp-content\/uploads\/2024\/09\/Papier-Warnbaender-mit-Standardaufdruck-RAJA-400x400-1.png 400w\" sizes=\"(max-width: 300px) 100vw, 300px\" \/><\/a><\/div><\/div><div class=\"su-image-carousel-item\"><div class=\"su-image-carousel-item-content\"><a href=\"https:\/\/www.rajapack.de\/tragetaschen-geschenkverpackung\/papiertragetaschen\/tragetaschen-mit-papierkordel\/recycling-papiertaschen-100-recycelt_OFF_DE_02305.html\" target=\"_blank\" rel=\"noopener noreferrer\" data-caption=\"Recycling-Papiertaschen 100% recycelt\"><img loading=\"lazy\" decoding=\"async\" width=\"300\" height=\"300\" src=\"https:\/\/www.rajapack.de\/verpackungsnews\/wp-content\/uploads\/2024\/02\/OFF_DE_02305_Recycling-Papiertaschen-100-recycelt-300x300.jpg\" class=\"\" alt=\"Recycling-Papiertaschen 100% recycelt\" srcset=\"https:\/\/www.rajapack.de\/verpackungsnews\/wp-content\/uploads\/2024\/02\/OFF_DE_02305_Recycling-Papiertaschen-100-recycelt-300x300.jpg 300w, https:\/\/www.rajapack.de\/verpackungsnews\/wp-content\/uploads\/2024\/02\/OFF_DE_02305_Recycling-Papiertaschen-100-recycelt-150x150.jpg 150w, https:\/\/www.rajapack.de\/verpackungsnews\/wp-content\/uploads\/2024\/02\/OFF_DE_02305_Recycling-Papiertaschen-100-recycelt-120x120.jpg 120w, https:\/\/www.rajapack.de\/verpackungsnews\/wp-content\/uploads\/2024\/02\/OFF_DE_02305_Recycling-Papiertaschen-100-recycelt.jpg 400w\" sizes=\"(max-width: 300px) 100vw, 300px\" \/><\/a><\/div><\/div><div class=\"su-image-carousel-item\"><div class=\"su-image-carousel-item-content\"><a href=\"https:\/\/www.rajapack.de\/arbeitsschutz-hygiene\/catering\/take-away-verpackungen\/pappbecher_OFF_DE_02236.html\" target=\"_blank\" rel=\"noopener noreferrer\" data-caption=\"Pappbecher braun\"><img loading=\"lazy\" decoding=\"async\" width=\"300\" height=\"300\" src=\"https:\/\/www.rajapack.de\/verpackungsnews\/wp-content\/uploads\/2024\/02\/OFF_DE_02236_Pappbecher-braun-300x300.jpg\" class=\"\" alt=\"Pappbecher braun\" srcset=\"https:\/\/www.rajapack.de\/verpackungsnews\/wp-content\/uploads\/2024\/02\/OFF_DE_02236_Pappbecher-braun-300x300.jpg 300w, https:\/\/www.rajapack.de\/verpackungsnews\/wp-content\/uploads\/2024\/02\/OFF_DE_02236_Pappbecher-braun-150x150.jpg 150w, https:\/\/www.rajapack.de\/verpackungsnews\/wp-content\/uploads\/2024\/02\/OFF_DE_02236_Pappbecher-braun-120x120.jpg 120w, https:\/\/www.rajapack.de\/verpackungsnews\/wp-content\/uploads\/2024\/02\/OFF_DE_02236_Pappbecher-braun.jpg 400w\" sizes=\"(max-width: 300px) 100vw, 300px\" \/><\/a><\/div><\/div><div class=\"su-image-carousel-item\"><div class=\"su-image-carousel-item-content\"><a href=\"https:\/\/www.rajapack.de\/klebebaender-verschlussmittel\/packband\/papierklebeband\/fadenverstaerktes-papier-warnklebeband_OFF_DE_02214.html\" target=\"_blank\" rel=\"noopener noreferrer\" data-caption=\"Papier-Warnband naturfadenverst\u00e4rkt\"><img loading=\"lazy\" decoding=\"async\" width=\"300\" height=\"300\" src=\"https:\/\/www.rajapack.de\/verpackungsnews\/wp-content\/uploads\/2024\/02\/OFF_DE_02214_Papier-Warnband-naturfadenverstaerkt-300x300.jpg\" class=\"\" alt=\"Papier-Warnband naturfadenverst\u00e4rkt\" srcset=\"https:\/\/www.rajapack.de\/verpackungsnews\/wp-content\/uploads\/2024\/02\/OFF_DE_02214_Papier-Warnband-naturfadenverstaerkt-300x300.jpg 300w, https:\/\/www.rajapack.de\/verpackungsnews\/wp-content\/uploads\/2024\/02\/OFF_DE_02214_Papier-Warnband-naturfadenverstaerkt-150x150.jpg 150w, https:\/\/www.rajapack.de\/verpackungsnews\/wp-content\/uploads\/2024\/02\/OFF_DE_02214_Papier-Warnband-naturfadenverstaerkt-120x120.jpg 120w, https:\/\/www.rajapack.de\/verpackungsnews\/wp-content\/uploads\/2024\/02\/OFF_DE_02214_Papier-Warnband-naturfadenverstaerkt.jpg 400w\" sizes=\"(max-width: 300px) 100vw, 300px\" \/><\/a><\/div><\/div><div class=\"su-image-carousel-item\"><div class=\"su-image-carousel-item-content\"><a href=\"https:\/\/www.rajapack.de\/versandtaschen-umschlaege-versandrohre\/versandbeutel\/papier-versandtaschen\/papier-versandtasche-30-recycelt_OFF_DE_02048.html\" target=\"_blank\" rel=\"noopener noreferrer\" data-caption=\"Papier-Versandtasche 30 % recycelt RAJA\"><img loading=\"lazy\" decoding=\"async\" width=\"300\" height=\"300\" src=\"https:\/\/www.rajapack.de\/verpackungsnews\/wp-content\/uploads\/2024\/02\/OFF_DE_02048_Papier-Versandtasche-30-recycelt-RAJA-300x300.jpg\" class=\"\" alt=\"Papier-Versandtasche 30 % recycelt RAJA\" srcset=\"https:\/\/www.rajapack.de\/verpackungsnews\/wp-content\/uploads\/2024\/02\/OFF_DE_02048_Papier-Versandtasche-30-recycelt-RAJA-300x300.jpg 300w, https:\/\/www.rajapack.de\/verpackungsnews\/wp-content\/uploads\/2024\/02\/OFF_DE_02048_Papier-Versandtasche-30-recycelt-RAJA-150x150.jpg 150w, https:\/\/www.rajapack.de\/verpackungsnews\/wp-content\/uploads\/2024\/02\/OFF_DE_02048_Papier-Versandtasche-30-recycelt-RAJA-120x120.jpg 120w, https:\/\/www.rajapack.de\/verpackungsnews\/wp-content\/uploads\/2024\/02\/OFF_DE_02048_Papier-Versandtasche-30-recycelt-RAJA.jpg 400w\" sizes=\"(max-width: 300px) 100vw, 300px\" \/><\/a><\/div><\/div><div class=\"su-image-carousel-item\"><div class=\"su-image-carousel-item-content\"><a href=\"https:\/\/www.rajapack.de\/dokumententaschen-etiketten-kennzeichnung\/lieferscheintaschen\/transparent\/dokumententaschen-papier-transparent_OFF_DE_01885.html\" target=\"_blank\" rel=\"noopener noreferrer\" data-caption=\"Dokumententaschen aus Papier RAJA, transparent\"><img loading=\"lazy\" decoding=\"async\" width=\"300\" height=\"300\" src=\"https:\/\/www.rajapack.de\/verpackungsnews\/wp-content\/uploads\/2024\/02\/OFF_DE_01885_Dokumententasche-aus-Papier-RAJA-transparent-300x300.jpg\" class=\"\" alt=\"Dokumententaschen aus Papier RAJA, transparent\" srcset=\"https:\/\/www.rajapack.de\/verpackungsnews\/wp-content\/uploads\/2024\/02\/OFF_DE_01885_Dokumententasche-aus-Papier-RAJA-transparent-300x300.jpg 300w, https:\/\/www.rajapack.de\/verpackungsnews\/wp-content\/uploads\/2024\/02\/OFF_DE_01885_Dokumententasche-aus-Papier-RAJA-transparent-150x150.jpg 150w, https:\/\/www.rajapack.de\/verpackungsnews\/wp-content\/uploads\/2024\/02\/OFF_DE_01885_Dokumententasche-aus-Papier-RAJA-transparent-120x120.jpg 120w, https:\/\/www.rajapack.de\/verpackungsnews\/wp-content\/uploads\/2024\/02\/OFF_DE_01885_Dokumententasche-aus-Papier-RAJA-transparent.jpg 400w\" sizes=\"(max-width: 300px) 100vw, 300px\" \/><\/a><\/div><\/div><div class=\"su-image-carousel-item\"><div class=\"su-image-carousel-item-content\"><a href=\"https:\/\/www.rajapack.de\/buerobedarf\/papier\/kopierpapier\/kopierpapier-raja-recycelt_OFF_DE_01859.html\" target=\"_blank\" rel=\"noopener noreferrer\" data-caption=\"Recycling-Kopierpapier RAJA\"><img loading=\"lazy\" decoding=\"async\" width=\"300\" height=\"300\" src=\"https:\/\/www.rajapack.de\/verpackungsnews\/wp-content\/uploads\/2024\/02\/OFF_DE_01859_Recycling-Kopierpapier-RAJA-300x300.jpg\" class=\"\" alt=\"Recycling-Kopierpapier RAJA\" srcset=\"https:\/\/www.rajapack.de\/verpackungsnews\/wp-content\/uploads\/2024\/02\/OFF_DE_01859_Recycling-Kopierpapier-RAJA-300x300.jpg 300w, https:\/\/www.rajapack.de\/verpackungsnews\/wp-content\/uploads\/2024\/02\/OFF_DE_01859_Recycling-Kopierpapier-RAJA-150x150.jpg 150w, https:\/\/www.rajapack.de\/verpackungsnews\/wp-content\/uploads\/2024\/02\/OFF_DE_01859_Recycling-Kopierpapier-RAJA-120x120.jpg 120w, https:\/\/www.rajapack.de\/verpackungsnews\/wp-content\/uploads\/2024\/02\/OFF_DE_01859_Recycling-Kopierpapier-RAJA.jpg 400w\" sizes=\"(max-width: 300px) 100vw, 300px\" \/><\/a><\/div><\/div><div class=\"su-image-carousel-item\"><div class=\"su-image-carousel-item-content\"><a href=\"https:\/\/www.rajapack.de\/dokumententaschen-etiketten-kennzeichnung\/lieferscheintaschen\/bedruckt\/dokumententaschen-papier_OFF_DE_01658.html\" target=\"_blank\" rel=\"noopener noreferrer\" data-caption=\"Lieferscheintaschen aus Papier RAJA, bedruckt\"><img loading=\"lazy\" decoding=\"async\" width=\"300\" height=\"300\" src=\"https:\/\/www.rajapack.de\/verpackungsnews\/wp-content\/uploads\/2024\/02\/OFF_DE_01658_Lieferscheintasche-aus-Papier-RAJA-bedruckt-300x300.jpg\" class=\"\" alt=\"Lieferscheintaschen aus Papier RAJA, bedruckt\" srcset=\"https:\/\/www.rajapack.de\/verpackungsnews\/wp-content\/uploads\/2024\/02\/OFF_DE_01658_Lieferscheintasche-aus-Papier-RAJA-bedruckt-300x300.jpg 300w, https:\/\/www.rajapack.de\/verpackungsnews\/wp-content\/uploads\/2024\/02\/OFF_DE_01658_Lieferscheintasche-aus-Papier-RAJA-bedruckt-150x150.jpg 150w, https:\/\/www.rajapack.de\/verpackungsnews\/wp-content\/uploads\/2024\/02\/OFF_DE_01658_Lieferscheintasche-aus-Papier-RAJA-bedruckt-120x120.jpg 120w, https:\/\/www.rajapack.de\/verpackungsnews\/wp-content\/uploads\/2024\/02\/OFF_DE_01658_Lieferscheintasche-aus-Papier-RAJA-bedruckt.jpg 400w\" sizes=\"(max-width: 300px) 100vw, 300px\" \/><\/a><\/div><\/div><div class=\"su-image-carousel-item\"><div class=\"su-image-carousel-item-content\"><a href=\"https:\/\/www.rajapack.de\/kartons-schachteln-container\/versandkartons-postverpackungen\/postkartons\/verstaerkter-verschluss-weisse-innenseite_OFF_DE_1371.html\" target=\"_blank\" rel=\"noopener noreferrer\" data-caption=\"Postkartons mit verst\u00e4rktem Verschluss und wei\u00dfer Innenseite\"><img loading=\"lazy\" decoding=\"async\" width=\"300\" height=\"300\" src=\"https:\/\/www.rajapack.de\/verpackungsnews\/wp-content\/uploads\/2024\/02\/OFF_DE_1371_Postkartons-mit-verstaerktem-Verschluss-und-weisser-Innenseite-300x300.jpg\" class=\"\" alt=\"Postkartons mit verst\u00e4rktem Verschluss und wei\u00dfer Innenseite\" srcset=\"https:\/\/www.rajapack.de\/verpackungsnews\/wp-content\/uploads\/2024\/02\/OFF_DE_1371_Postkartons-mit-verstaerktem-Verschluss-und-weisser-Innenseite-300x300.jpg 300w, https:\/\/www.rajapack.de\/verpackungsnews\/wp-content\/uploads\/2024\/02\/OFF_DE_1371_Postkartons-mit-verstaerktem-Verschluss-und-weisser-Innenseite-150x150.jpg 150w, https:\/\/www.rajapack.de\/verpackungsnews\/wp-content\/uploads\/2024\/02\/OFF_DE_1371_Postkartons-mit-verstaerktem-Verschluss-und-weisser-Innenseite-120x120.jpg 120w, https:\/\/www.rajapack.de\/verpackungsnews\/wp-content\/uploads\/2024\/02\/OFF_DE_1371_Postkartons-mit-verstaerktem-Verschluss-und-weisser-Innenseite.jpg 400w\" sizes=\"(max-width: 300px) 100vw, 300px\" \/><\/a><\/div><\/div><div class=\"su-image-carousel-item\"><div class=\"su-image-carousel-item-content\"><a href=\"https:\/\/www.rajapack.de\/versandtaschen-umschlaege-versandrohre\/briefumschlaege-papier-versandtaschen\/faltenversandtaschen\/papierbeutel-recycelt_OFF_DE_0572.html\" target=\"_blank\" rel=\"noopener noreferrer\" data-caption=\"Papierbeutel recycelt\"><img loading=\"lazy\" decoding=\"async\" width=\"300\" height=\"300\" src=\"https:\/\/www.rajapack.de\/verpackungsnews\/wp-content\/uploads\/2024\/02\/OFF_DE_0572_Papierbeutel-recycelt-300x300.jpg\" class=\"\" alt=\"Papierbeutel recycelt\" srcset=\"https:\/\/www.rajapack.de\/verpackungsnews\/wp-content\/uploads\/2024\/02\/OFF_DE_0572_Papierbeutel-recycelt-300x300.jpg 300w, https:\/\/www.rajapack.de\/verpackungsnews\/wp-content\/uploads\/2024\/02\/OFF_DE_0572_Papierbeutel-recycelt-150x150.jpg 150w, https:\/\/www.rajapack.de\/verpackungsnews\/wp-content\/uploads\/2024\/02\/OFF_DE_0572_Papierbeutel-recycelt-120x120.jpg 120w, https:\/\/www.rajapack.de\/verpackungsnews\/wp-content\/uploads\/2024\/02\/OFF_DE_0572_Papierbeutel-recycelt.jpg 400w\" sizes=\"(max-width: 300px) 100vw, 300px\" \/><\/a><\/div><\/div><div class=\"su-image-carousel-item\"><div class=\"su-image-carousel-item-content\"><a href=\"https:\/\/www.rajapack.de\/lagerung-handling\/lagerboxen-kaesten\/regal-sichtlagerkaesten\/faltbare-karton-regalkaesten_OFF_DE_0425.html\" target=\"_blank\" rel=\"noopener noreferrer\" data-caption=\"Faltbare Karton-Regalk\u00e4sten RAJA\"><img loading=\"lazy\" decoding=\"async\" width=\"300\" height=\"300\" src=\"https:\/\/www.rajapack.de\/verpackungsnews\/wp-content\/uploads\/2023\/01\/faltbare-karton-regalkasten-raja_OFF_DE_0425.jpg\" class=\"\" alt=\"Regalk\u00e4sten Karton\" srcset=\"https:\/\/www.rajapack.de\/verpackungsnews\/wp-content\/uploads\/2023\/01\/faltbare-karton-regalkasten-raja_OFF_DE_0425.jpg 300w, https:\/\/www.rajapack.de\/verpackungsnews\/wp-content\/uploads\/2023\/01\/faltbare-karton-regalkasten-raja_OFF_DE_0425-150x150.jpg 150w, https:\/\/www.rajapack.de\/verpackungsnews\/wp-content\/uploads\/2023\/01\/faltbare-karton-regalkasten-raja_OFF_DE_0425-120x120.jpg 120w\" sizes=\"(max-width: 300px) 100vw, 300px\" \/><\/a><\/div><\/div><div class=\"su-image-carousel-item\"><div class=\"su-image-carousel-item-content\"><a href=\"https:\/\/www.rajapack.de\/kartons-schachteln-container\/sonderformat-kartonagen\/hoehenvariable-kartons\/blitzboden-aufrichtekarton-varia-2-wellig_PDT01835.html\" target=\"_blank\" rel=\"noopener noreferrer\" data-caption=\"Blitzboden Aufrichtekarton Varia, 2-wellig RAJA\"><img loading=\"lazy\" decoding=\"async\" width=\"300\" height=\"300\" src=\"https:\/\/www.rajapack.de\/verpackungsnews\/wp-content\/uploads\/2024\/09\/PDT01835-Varia-2wellig-400x400-1-300x300.png\" class=\"\" alt=\"Blitzboden Aufrichtekarton Varia, 2-wellig RAJA\" srcset=\"https:\/\/www.rajapack.de\/verpackungsnews\/wp-content\/uploads\/2024\/09\/PDT01835-Varia-2wellig-400x400-1-300x300.png 300w, https:\/\/www.rajapack.de\/verpackungsnews\/wp-content\/uploads\/2024\/09\/PDT01835-Varia-2wellig-400x400-1-150x150.png 150w, https:\/\/www.rajapack.de\/verpackungsnews\/wp-content\/uploads\/2024\/09\/PDT01835-Varia-2wellig-400x400-1-120x120.png 120w, https:\/\/www.rajapack.de\/verpackungsnews\/wp-content\/uploads\/2024\/09\/PDT01835-Varia-2wellig-400x400-1.png 400w\" sizes=\"(max-width: 300px) 100vw, 300px\" \/><\/a><\/div><\/div><\/div><script id=\"su_image_carousel_69f2b8e7c626a_script\">if(window.SUImageCarousel){setTimeout(function() {window.SUImageCarousel.initGallery(document.getElementById(\"su_image_carousel_69f2b8e7c626a\"))}, 0);}var su_image_carousel_69f2b8e7c626a_script=document.getElementById(\"su_image_carousel_69f2b8e7c626a_script\");if(su_image_carousel_69f2b8e7c626a_script){su_image_carousel_69f2b8e7c626a_script.parentNode.removeChild(su_image_carousel_69f2b8e7c626a_script);}<\/script>\n","protected":false},"excerpt":{"rendered":"<p>Zwei starke Frauen haben 1954 RAJA gegr\u00fcndet. Das Bewusstsein f\u00fcr Gleichberechtigung und starke Frauen ist seitdem in den Grundwerten des Unternehmens verankert. Ziel ist es, Frauen zu bef\u00e4higen, f\u00fcr sich [&#8230;]<\/p>\n","protected":false},"author":24,"featured_media":30827,"comment_status":"open","ping_status":"closed","sticky":false,"template":"","format":"standard","meta":{"_acf_changed":false,"footnotes":""},"categories":[12],"tags":[719,203],"class_list":["post-27890","post","type-post","status-publish","format-standard","has-post-thumbnail","hentry","category-raja-insights","tag-csr","tag-perspektiven-fuer-frauen"],"acf":[],"yoast_head":"<!-- This site is optimized with the Yoast SEO plugin v23.0 - https:\/\/yoast.com\/wordpress\/plugins\/seo\/ -->\n<title>Perspektiven f\u00fcr Frauen<\/title>\n<meta name=\"description\" content=\"Mit dem Aktionsprogramm Perspektiven f\u00fcr Frauen engagiert sich RAJAPACK f\u00fcr Chancengleichheit, f\u00fcr Integration und gegen Gewalt an Frauen.\" \/>\n<meta name=\"robots\" content=\"index, follow, max-snippet:-1, max-image-preview:large, max-video-preview:-1\" \/>\n<link rel=\"canonical\" href=\"https:\/\/www.rajapack.de\/verpackungsnews\/perspektiven-fuer-frauen\" \/>\n<meta property=\"og:locale\" content=\"de_DE\" \/>\n<meta property=\"og:type\" content=\"article\" \/>\n<meta property=\"og:title\" content=\"Perspektiven f\u00fcr Frauen\" \/>\n<meta property=\"og:description\" content=\"Mit dem Aktionsprogramm Perspektiven f\u00fcr Frauen engagiert sich RAJAPACK f\u00fcr Chancengleichheit, f\u00fcr Integration und gegen Gewalt an Frauen.\" \/>\n<meta property=\"og:url\" content=\"https:\/\/www.rajapack.de\/verpackungsnews\/perspektiven-fuer-frauen\" \/>\n<meta property=\"og:site_name\" content=\"RAJAPACK Blog DE\" \/>\n<meta property=\"article:published_time\" content=\"2025-02-23T11:02:53+00:00\" \/>\n<meta property=\"article:modified_time\" content=\"2026-03-02T11:31:23+00:00\" \/>\n<meta property=\"og:image\" content=\"https:\/\/www.rajapack.de\/verpackungsnews\/wp-content\/uploads\/2020\/01\/Frauen-Symbol-mit-Haenden.png\" \/>\n\t<meta property=\"og:image:width\" content=\"810\" \/>\n\t<meta property=\"og:image:height\" content=\"420\" \/>\n\t<meta property=\"og:image:type\" content=\"image\/png\" \/>\n<meta name=\"author\" content=\"RAJAPACK\" \/>\n<meta name=\"twitter:card\" content=\"summary_large_image\" \/>\n<meta name=\"twitter:label1\" content=\"Verfasst von\" \/>\n\t<meta name=\"twitter:data1\" content=\"RAJAPACK\" \/>\n\t<meta name=\"twitter:label2\" content=\"Gesch\u00e4tzte Lesezeit\" \/>\n\t<meta name=\"twitter:data2\" content=\"6 Minuten\" \/>\n<script type=\"application\/ld+json\" class=\"yoast-schema-graph\">{\n\t    \"@context\": \"https:\/\/schema.org\",\n\t    \"@graph\": [\n\t        {\n\t            \"@type\": \"WebPage\",\n\t            \"@id\": \"https:\/\/www.rajapack.de\/verpackungsnews\/perspektiven-fuer-frauen\",\n\t            \"url\": \"https:\/\/www.rajapack.de\/verpackungsnews\/perspektiven-fuer-frauen\",\n\t            \"name\": \"Perspektiven f\u00fcr Frauen\",\n\t            \"isPartOf\": {\n\t                \"@id\": \"https:\/\/www.rajapack.de\/verpackungsnews\/#website\"\n\t            },\n\t            \"primaryImageOfPage\": {\n\t                \"@id\": \"https:\/\/www.rajapack.de\/verpackungsnews\/perspektiven-fuer-frauen#primaryimage\"\n\t            },\n\t            \"image\": {\n\t                \"@id\": \"https:\/\/www.rajapack.de\/verpackungsnews\/perspektiven-fuer-frauen#primaryimage\"\n\t            },\n\t            \"thumbnailUrl\": \"https:\/\/www.rajapack.de\/verpackungsnews\/wp-content\/uploads\/2020\/01\/Frauen-Symbol-mit-Haenden.png\",\n\t            \"datePublished\": \"2025-02-23T11:02:53+00:00\",\n\t            \"dateModified\": \"2026-03-02T11:31:23+00:00\",\n\t            \"author\": {\n\t                \"@id\": \"https:\/\/www.rajapack.de\/verpackungsnews\/#\/schema\/person\/c6abd9a6a6c07cf31072cda42444cbec\"\n\t            },\n\t            \"description\": \"Mit dem Aktionsprogramm Perspektiven f\u00fcr Frauen engagiert sich RAJAPACK f\u00fcr Chancengleichheit, f\u00fcr Integration und gegen Gewalt an Frauen.\",\n\t            \"inLanguage\": \"de-DE\",\n\t            \"potentialAction\": [\n\t                {\n\t                    \"@type\": \"ReadAction\",\n\t                    \"target\": [\n\t                        \"https:\/\/www.rajapack.de\/verpackungsnews\/perspektiven-fuer-frauen\"\n\t                    ]\n\t                }\n\t            ]\n\t        },\n\t        {\n\t            \"@type\": \"ImageObject\",\n\t            \"inLanguage\": \"de-DE\",\n\t            \"@id\": \"https:\/\/www.rajapack.de\/verpackungsnews\/perspektiven-fuer-frauen#primaryimage\",\n\t            \"url\": \"https:\/\/www.rajapack.de\/verpackungsnews\/wp-content\/uploads\/2020\/01\/Frauen-Symbol-mit-Haenden.png\",\n\t            \"contentUrl\": \"https:\/\/www.rajapack.de\/verpackungsnews\/wp-content\/uploads\/2020\/01\/Frauen-Symbol-mit-Haenden.png\",\n\t            \"width\": 810,\n\t            \"height\": 420,\n\t            \"caption\": \"Perspektiven f\u00fcr Frauen\"\n\t        },\n\t        {\n\t            \"@type\": \"WebSite\",\n\t            \"@id\": \"https:\/\/www.rajapack.de\/verpackungsnews\/#website\",\n\t            \"url\": \"https:\/\/www.rajapack.de\/verpackungsnews\/\",\n\t            \"name\": \"RAJAPACK Blog DE\",\n\t            \"description\": \"Verpackungsnews vom Experten\",\n\t            \"potentialAction\": [\n\t                {\n\t                    \"@type\": \"SearchAction\",\n\t                    \"target\": {\n\t                        \"@type\": \"EntryPoint\",\n\t                        \"urlTemplate\": \"https:\/\/www.rajapack.de\/verpackungsnews\/?s={search_term_string}\"\n\t                    },\n\t                    \"query-input\": \"required name=search_term_string\"\n\t                }\n\t            ],\n\t            \"inLanguage\": \"de-DE\"\n\t        },\n\t        {\n\t            \"@type\": \"Person\",\n\t            \"@id\": \"https:\/\/www.rajapack.de\/verpackungsnews\/#\/schema\/person\/c6abd9a6a6c07cf31072cda42444cbec\",\n\t            \"name\": \"RAJAPACK\",\n\t            \"image\": {\n\t                \"@type\": \"ImageObject\",\n\t                \"inLanguage\": \"de-DE\",\n\t                \"@id\": \"https:\/\/www.rajapack.de\/verpackungsnews\/#\/schema\/person\/image\/\",\n\t                \"url\": \"https:\/\/secure.gravatar.com\/avatar\/4c95834f3b6420b1fbe980903e066e22?s=96&d=mm&r=g\",\n\t                \"contentUrl\": \"https:\/\/secure.gravatar.com\/avatar\/4c95834f3b6420b1fbe980903e066e22?s=96&d=mm&r=g\",\n\t                \"caption\": \"RAJAPACK\"\n\t            },\n\t            \"url\": \"https:\/\/www.rajapack.de\/verpackungsnews\/author\/rajapack\"\n\t        }\n\t    ]\n\t}<\/script>\n<!-- \/ Yoast SEO plugin. -->","yoast_head_json":{"title":"Perspektiven f\u00fcr Frauen","description":"Mit dem Aktionsprogramm Perspektiven f\u00fcr Frauen engagiert sich RAJAPACK f\u00fcr Chancengleichheit, f\u00fcr Integration und gegen Gewalt an Frauen.","robots":{"index":"index","follow":"follow","max-snippet":"max-snippet:-1","max-image-preview":"max-image-preview:large","max-video-preview":"max-video-preview:-1"},"canonical":"https:\/\/www.rajapack.de\/verpackungsnews\/perspektiven-fuer-frauen","og_locale":"de_DE","og_type":"article","og_title":"Perspektiven f\u00fcr Frauen","og_description":"Mit dem Aktionsprogramm Perspektiven f\u00fcr Frauen engagiert sich RAJAPACK f\u00fcr Chancengleichheit, f\u00fcr Integration und gegen Gewalt an Frauen.","og_url":"https:\/\/www.rajapack.de\/verpackungsnews\/perspektiven-fuer-frauen","og_site_name":"RAJAPACK Blog DE","article_published_time":"2025-02-23T11:02:53+00:00","article_modified_time":"2026-03-02T11:31:23+00:00","og_image":[{"width":810,"height":420,"url":"https:\/\/www.rajapack.de\/verpackungsnews\/wp-content\/uploads\/2020\/01\/Frauen-Symbol-mit-Haenden.png","type":"image\/png"}],"author":"RAJAPACK","twitter_card":"summary_large_image","twitter_misc":{"Verfasst von":"RAJAPACK","Gesch\u00e4tzte Lesezeit":"6 Minuten"},"schema":{"@context":"https:\/\/schema.org","@graph":[{"@type":"WebPage","@id":"https:\/\/www.rajapack.de\/verpackungsnews\/perspektiven-fuer-frauen","url":"https:\/\/www.rajapack.de\/verpackungsnews\/perspektiven-fuer-frauen","name":"Perspektiven f\u00fcr Frauen","isPartOf":{"@id":"https:\/\/www.rajapack.de\/verpackungsnews\/#website"},"primaryImageOfPage":{"@id":"https:\/\/www.rajapack.de\/verpackungsnews\/perspektiven-fuer-frauen#primaryimage"},"image":{"@id":"https:\/\/www.rajapack.de\/verpackungsnews\/perspektiven-fuer-frauen#primaryimage"},"thumbnailUrl":"https:\/\/www.rajapack.de\/verpackungsnews\/wp-content\/uploads\/2020\/01\/Frauen-Symbol-mit-Haenden.png","datePublished":"2025-02-23T11:02:53+00:00","dateModified":"2026-03-02T11:31:23+00:00","author":{"@id":"https:\/\/www.rajapack.de\/verpackungsnews\/#\/schema\/person\/c6abd9a6a6c07cf31072cda42444cbec"},"description":"Mit dem Aktionsprogramm Perspektiven f\u00fcr Frauen engagiert sich RAJAPACK f\u00fcr Chancengleichheit, f\u00fcr Integration und gegen Gewalt an Frauen.","inLanguage":"de-DE","potentialAction":[{"@type":"ReadAction","target":["https:\/\/www.rajapack.de\/verpackungsnews\/perspektiven-fuer-frauen"]}]},{"@type":"ImageObject","inLanguage":"de-DE","@id":"https:\/\/www.rajapack.de\/verpackungsnews\/perspektiven-fuer-frauen#primaryimage","url":"https:\/\/www.rajapack.de\/verpackungsnews\/wp-content\/uploads\/2020\/01\/Frauen-Symbol-mit-Haenden.png","contentUrl":"https:\/\/www.rajapack.de\/verpackungsnews\/wp-content\/uploads\/2020\/01\/Frauen-Symbol-mit-Haenden.png","width":810,"height":420,"caption":"Perspektiven f\u00fcr Frauen"},{"@type":"WebSite","@id":"https:\/\/www.rajapack.de\/verpackungsnews\/#website","url":"https:\/\/www.rajapack.de\/verpackungsnews\/","name":"RAJAPACK Blog DE","description":"Verpackungsnews vom Experten","potentialAction":[{"@type":"SearchAction","target":{"@type":"EntryPoint","urlTemplate":"https:\/\/www.rajapack.de\/verpackungsnews\/?s={search_term_string}"},"query-input":"required name=search_term_string"}],"inLanguage":"de-DE"},{"@type":"Person","@id":"https:\/\/www.rajapack.de\/verpackungsnews\/#\/schema\/person\/c6abd9a6a6c07cf31072cda42444cbec","name":"RAJAPACK","image":{"@type":"ImageObject","inLanguage":"de-DE","@id":"https:\/\/www.rajapack.de\/verpackungsnews\/#\/schema\/person\/image\/","url":"https:\/\/secure.gravatar.com\/avatar\/4c95834f3b6420b1fbe980903e066e22?s=96&d=mm&r=g","contentUrl":"https:\/\/secure.gravatar.com\/avatar\/4c95834f3b6420b1fbe980903e066e22?s=96&d=mm&r=g","caption":"RAJAPACK"},"url":"https:\/\/www.rajapack.de\/verpackungsnews\/author\/rajapack"}]}},"_links":{"self":[{"href":"https:\/\/www.rajapack.de\/verpackungsnews\/wp-json\/wp\/v2\/posts\/27890"}],"collection":[{"href":"https:\/\/www.rajapack.de\/verpackungsnews\/wp-json\/wp\/v2\/posts"}],"about":[{"href":"https:\/\/www.rajapack.de\/verpackungsnews\/wp-json\/wp\/v2\/types\/post"}],"author":[{"embeddable":true,"href":"https:\/\/www.rajapack.de\/verpackungsnews\/wp-json\/wp\/v2\/users\/24"}],"replies":[{"embeddable":true,"href":"https:\/\/www.rajapack.de\/verpackungsnews\/wp-json\/wp\/v2\/comments?post=27890"}],"version-history":[{"count":12,"href":"https:\/\/www.rajapack.de\/verpackungsnews\/wp-json\/wp\/v2\/posts\/27890\/revisions"}],"predecessor-version":[{"id":33506,"href":"https:\/\/www.rajapack.de\/verpackungsnews\/wp-json\/wp\/v2\/posts\/27890\/revisions\/33506"}],"wp:featuredmedia":[{"embeddable":true,"href":"https:\/\/www.rajapack.de\/verpackungsnews\/wp-json\/wp\/v2\/media\/30827"}],"wp:attachment":[{"href":"https:\/\/www.rajapack.de\/verpackungsnews\/wp-json\/wp\/v2\/media?parent=27890"}],"wp:term":[{"taxonomy":"category","embeddable":true,"href":"https:\/\/www.rajapack.de\/verpackungsnews\/wp-json\/wp\/v2\/categories?post=27890"},{"taxonomy":"post_tag","embeddable":true,"href":"https:\/\/www.rajapack.de\/verpackungsnews\/wp-json\/wp\/v2\/tags?post=27890"}],"curies":[{"name":"wp","href":"https:\/\/api.w.org\/{rel}","templated":true}]}}