{"id":17323,"date":"2019-07-08T08:59:28","date_gmt":"2019-07-08T06:59:28","guid":{"rendered":"https:\/\/www.rajapack.de\/verpackungsnews\/?p=17323"},"modified":"2025-08-20T10:43:10","modified_gmt":"2025-08-20T08:43:10","slug":"das-modestartup-gentlenero","status":"publish","type":"post","link":"https:\/\/www.rajapack.de\/verpackungsnews\/das-modestartup-gentlenero","title":{"rendered":"Verpackung beim Modestartup Gentlenero"},"content":{"rendered":"<h5>Dass das Auge mitisst, ist eine allgemein anerkannte Tatsache. Ebenso, wie dass die Verpackung einen nicht unwesentlichen Einfluss auf die Kaufentscheidung hat. Das gilt im Supermarkt und im Lebensmittelbereich ganz genauso wie bei Spielzeug, Handys und anderen technischen \u201eSpielzeugen\u201c. Und eben ganz wesentlich auch im Onlinehandel, wo die Versandverpackung den ersten Ber\u00fchrungspunkt zwischen Produkt und Kunden darstellt. In jeder &#8222;Entwicklungsstufe&#8220; eines Unternehmens, vom Startup bis hin zum etablierten Versender, gilt es also auch \u00fcber das Thema Verpackung neu nachzudenken.<\/h5>\n<div class=\"su-divider su-divider-style-default\" style=\"margin:15px 0;border-width:3px;border-color:#999999\"><\/div><div class=\"su-spacer\" style=\"height:30px\"><\/div>\n<div class=\"su-button-center\"><a href=\"https:\/\/www.rajapack.de\/verpackungsmaschinen-systeme_C45.html\" class=\"su-button su-button-style-default\" style=\"color:#FFFFFF;background-color:#276EF1;border-color:#2058c1;border-radius:34px\" target=\"_blank\" rel=\"noopener noreferrer\"><span style=\"color:#FFFFFF;padding:6px 18px;font-size:14px;line-height:21px;border-color:#689af6;border-radius:34px;text-shadow:none\"><i class=\"sui sui-shopping-cart\" style=\"font-size:14px;color:#ffffff\"><\/i> Sie ben\u00f6tigen Verpackungsmaschinen? Hier geht&#8217;s zum Webshop<\/span><\/a><\/div><div class=\"su-spacer\" style=\"height:30px\"><\/div>\n<div class=\"su-divider su-divider-style-default\" style=\"margin:15px 0;border-width:3px;border-color:#999999\"><\/div><div class=\"su-spacer\" style=\"height:20px\"><\/div>\n<div id=\"ez-toc-container\" class=\"ez-toc-v2_0_67_1 counter-hierarchy ez-toc-counter ez-toc-grey ez-toc-container-direction\">\n<div class=\"ez-toc-title-container\">\n<p class=\"ez-toc-title \" >Direkt zu diesen Themen:<\/p>\n<span class=\"ez-toc-title-toggle\"><a href=\"#\" class=\"ez-toc-pull-right ez-toc-btn ez-toc-btn-xs ez-toc-btn-default ez-toc-toggle\" aria-label=\"Toggle Table of Content\"><span class=\"ez-toc-js-icon-con\"><span class=\"\"><span class=\"eztoc-hide\" style=\"display:none;\">Toggle<\/span><span class=\"ez-toc-icon-toggle-span\"><svg style=\"fill: #999;color:#999\" xmlns=\"http:\/\/www.w3.org\/2000\/svg\" class=\"list-377408\" width=\"20px\" height=\"20px\" viewBox=\"0 0 24 24\" fill=\"none\"><path d=\"M6 6H4v2h2V6zm14 0H8v2h12V6zM4 11h2v2H4v-2zm16 0H8v2h12v-2zM4 16h2v2H4v-2zm16 0H8v2h12v-2z\" fill=\"currentColor\"><\/path><\/svg><svg style=\"fill: #999;color:#999\" class=\"arrow-unsorted-368013\" xmlns=\"http:\/\/www.w3.org\/2000\/svg\" width=\"10px\" height=\"10px\" viewBox=\"0 0 24 24\" version=\"1.2\" baseProfile=\"tiny\"><path d=\"M18.2 9.3l-6.2-6.3-6.2 6.3c-.2.2-.3.4-.3.7s.1.5.3.7c.2.2.4.3.7.3h11c.3 0 .5-.1.7-.3.2-.2.3-.5.3-.7s-.1-.5-.3-.7zM5.8 14.7l6.2 6.3 6.2-6.3c.2-.2.3-.5.3-.7s-.1-.5-.3-.7c-.2-.2-.4-.3-.7-.3h-11c-.3 0-.5.1-.7.3-.2.2-.3.5-.3.7s.1.5.3.7z\"\/><\/svg><\/span><\/span><\/span><\/a><\/span><\/div>\n<nav><ul class='ez-toc-list ez-toc-list-level-1 ' ><li class='ez-toc-page-1 ez-toc-heading-level-2'><a class=\"ez-toc-link ez-toc-heading-1\" href=\"https:\/\/www.rajapack.de\/verpackungsnews\/das-modestartup-gentlenero\/#Standardware_%E2%80%93_Teilpersonalisiert_%E2%80%93_Vollpersonalisiert\" title=\"Standardware \u2013 Teilpersonalisiert &#8211; Vollpersonalisiert\">Standardware \u2013 Teilpersonalisiert &#8211; Vollpersonalisiert<\/a><\/li><li class='ez-toc-page-1 ez-toc-heading-level-2'><a class=\"ez-toc-link ez-toc-heading-2\" href=\"https:\/\/www.rajapack.de\/verpackungsnews\/das-modestartup-gentlenero\/#Die_Verpackung_muss_ansprechen_%E2%80%93_in_allen_Branchen\" title=\"Die Verpackung muss ansprechen \u2013 in allen Branchen\">Die Verpackung muss ansprechen \u2013 in allen Branchen<\/a><\/li><li class='ez-toc-page-1 ez-toc-heading-level-2'><a class=\"ez-toc-link ez-toc-heading-3\" href=\"https:\/\/www.rajapack.de\/verpackungsnews\/das-modestartup-gentlenero\/#Wir_stellen_Ihnen_das_Unternehmen_und_seine_zwei_Gruender_hier_im_Interview_vor\" title=\"Wir stellen Ihnen das Unternehmen und seine zwei Gr\u00fcnder hier im Interview vor!\">Wir stellen Ihnen das Unternehmen und seine zwei Gr\u00fcnder hier im Interview vor!<\/a><\/li><li class='ez-toc-page-1 ez-toc-heading-level-2'><a class=\"ez-toc-link ez-toc-heading-4\" href=\"https:\/\/www.rajapack.de\/verpackungsnews\/das-modestartup-gentlenero\/#Personalisierte_Verpackung_bei_Gentlenero\" title=\"Personalisierte Verpackung bei Gentlenero\">Personalisierte Verpackung bei Gentlenero<\/a><\/li><\/ul><\/nav><\/div>\n<h2 style=\"text-align: left;\"><span class=\"ez-toc-section\" id=\"Standardware_%E2%80%93_Teilpersonalisiert_%E2%80%93_Vollpersonalisiert\"><\/span>Standardware \u2013 Teilpersonalisiert &#8211; Vollpersonalisiert<span class=\"ez-toc-section-end\"><\/span><\/h2>\n<div class=\"su-spacer\" style=\"height:20px\"><\/div>\n<p>Die Versandverpackung muss eigentlich eine Art \u201eSpagat\u201c schaffen: Wirtschaftlich soll sie sein und sowohl preislich und optisch zum angebotenen Produkt passen, stabil und sicher, aber eben auch: Sch\u00f6n \u2013 und individuell!<\/p>\n<p>Diesen Fragen sieht sich\u00a0<strong>jedes<\/strong>\u00a0Unternehmen gegen\u00fcber, das auch \u00fcber das Internet verkauft. Und gerade zu Beginn, wenn sich das Online-Gesch\u00e4ft noch sehr stark entwickelt, ist es den meisten Start-ups nicht m\u00f6glich, schon viel in die Personalisierung von Verpackung zu investieren. W\u00e4hrend etablierte Versender in punkto Personalisierung \u201eaus dem Vollen\u201c sch\u00f6pfen k\u00f6nnen (mit zum Teil eigener Produktion), gibt es aber auch f\u00fcr kleinere Anbieter beziehungsweise f\u00fcr Unternehmen in ihrer Anfangsphase schon viele Optionen, um sich in Sachen Verpackung abzuheben.<\/p>\n<div class=\"su-spacer\" style=\"height:20px\"><\/div>\n<h2><span class=\"ez-toc-section\" id=\"Die_Verpackung_muss_ansprechen_%E2%80%93_in_allen_Branchen\"><\/span>Die Verpackung muss ansprechen \u2013 in allen Branchen<span class=\"ez-toc-section-end\"><\/span><\/h2>\n<div class=\"su-spacer\" style=\"height:20px\"><\/div>\n<p>Es lohnt also f\u00fcr jedes Unternehmen zu jedem Zeitpunkt, sich mit dem Thema Verpackung auseinanderzusetzen. Gerade wenn es gilt, den n\u00e4chsten Entwicklungsschritt zu gehen! Mit\u00a0<strong><a href=\"https:\/\/www.gentlenero.de\/\" target=\"_blank\" rel=\"noopener\">Gentlenero<\/a><\/strong>, einem aufstrebenden Unternehmen aus Malsch bei Karlsruhe, haben wir ein \u201eklassisches\u201c Beispiel daf\u00fcr gefunden. F\u00fcr das Modelabel, das hochwertige und sehr individuelle Herrenmode vertreibt, ist die perfekte Kombination aus Funktionalit\u00e4t und Optik (aber auch Haptik!) auch bei der Verpackung naturgem\u00e4\u00df ein Hauptanliegen. Und das junge Unternehmen vertreibt mehr und mehr auch \u00fcber das Internet- eine Situation, die es mit vielen unserer Kunden gemein hat. Ideal, wenn man Europas Nr.1 im Verpacken an seiner Seite wei\u00df \ud83d\ude0a<\/p>\n<div class=\"su-spacer\" style=\"height:20px\"><\/div>\n<h2><span class=\"ez-toc-section\" id=\"Wir_stellen_Ihnen_das_Unternehmen_und_seine_zwei_Gruender_hier_im_Interview_vor\"><\/span>Wir stellen Ihnen das Unternehmen und seine zwei Gr\u00fcnder hier im Interview vor!<span class=\"ez-toc-section-end\"><\/span><\/h2>\n<div class=\"su-custom-gallery su-custom-gallery-align-left su-custom-gallery-title-never\"><div class=\"su-custom-gallery-slide\" style=\"width:290px;height:440px\"><a><img loading=\"lazy\" decoding=\"async\" src=\"https:\/\/www.rajapack.de\/verpackungsnews\/wp-content\/uploads\/2019\/07\/Die-Gruender-9.jpg\" alt=\"Die-Gr\u00fcnder-9\" width=\"290\" height=\"440\" \/><span class=\"su-custom-gallery-title\">Die-Gr\u00fcnder-9<\/span><\/a><\/div><div class=\"su-clear\"><\/div><\/div>\n<div class=\"su-note\"  style=\"border-color:#169ecd;border-radius:3px;-moz-border-radius:3px;-webkit-border-radius:3px;\"><div class=\"su-note-inner su-u-clearfix su-u-trim\" style=\"background-color:#30b8e7;border-color:#fcffff;color:#333333;border-radius:3px;-moz-border-radius:3px;-webkit-border-radius:3px;\">Hallo Daniel, Hallo Lars, sch\u00f6n dass ihr die Zeit gefunden habt, euch mit uns zum Interview zu treffen. Als du, Daniel, vor einigen Wochen mit deinem Anliegen in Sachen Verpackung auf uns zugekommen bist, haben wir schnell gemerkt, dass ihr euch gerade in einer sehr spannenden unternehmerischen Phase befindet. Stellt ihr euch kurz vor?<\/div><\/div>\n<p><strong>Daniel:<\/strong> Wir bedanken uns erst einmal f\u00fcr das Interview und die M\u00f6glichkeit, auf dem Business Blog von RAJA unser Start-up, Gentlenero, vorstellen zu d\u00fcrfen. Mein Name ist Daniel Kara, ich bin 25 Jahre alt und einer von zwei Gr\u00fcndern.<\/p>\n<p><strong>Lars:<\/strong>\u00a0Und ich bin Lars Dessecker, schon ganze 26. Wir beide sind seit der Schulzeit befreundet und haben im August 2018 unsere beiden Hobbys rund um M\u00e4nnermode als Unternehmen gegr\u00fcndet. Heute, ein Jahr sp\u00e4ter, sind wir ein aufstrebendes Unternehmen mit einer hohen Nachfrage nach unseren Produkten, ma\u00dfgefertigten Herrenanz\u00fcgen.<\/p>\n<p><strong>Daniel:<\/strong> Daf\u00fcr, dass wir das ganze erst ein paar Monate machen, haben wir einen ganz sch\u00f6nen Zulauf. Mittlerweile sind wir zu f\u00fcnft: Lars und ich, zwei Freunde, die im Marketing und Vertrieb Kunden akquirieren und noch ein Schneider in unserem Shop in Malsch bei Karlsruhe. Das hei\u00dft, wir machen alles selbst: Auswahl der Stoffe vor Ort, Einkauf der Ware, wir nehmen Ma\u00df, schneidern die Anz\u00fcge hauseigen und versenden beim Onlinekauf auch selbst. Daneben modeln wir beide selbst, stehen also f\u00fcr das was wir verkaufen auch selbst ein, handeln das Marketing und halten pers\u00f6nlichen Kundenkontakt.<\/p>\n<div class=\"su-note\"  style=\"border-color:#169ecd;border-radius:3px;-moz-border-radius:3px;-webkit-border-radius:3px;\"><div class=\"su-note-inner su-u-clearfix su-u-trim\" style=\"background-color:#30b8e7;border-color:#fcffff;color:#333333;border-radius:3px;-moz-border-radius:3px;-webkit-border-radius:3px;\">Ihr macht also Herrenmode. Aber das machen andere auch \u2013 was ist das Spezielle an euren Produkten? Wof\u00fcr steht Gentlenero?<\/div><\/div>\n<p><strong>Daniel<\/strong>: Gentlenero steht f\u00fcr den modernen Mann, der sich in Kleidung im klassisch eleganten Stil in Szene setzen m\u00f6chte und dabei aber auch Wert auf aktuelle Schnitte und Trends, sowie ein faires Preis- und Leistungsverh\u00e4ltnis, legt.<\/p>\n<p><strong>Lars<\/strong>: Unser Konzept hat auch von Anfang an einen Shop, einen Showroom, vorgesehen. Hier in Malsch sind auch unser Lager und unsere Schneiderei untergebracht. Hier heben wir uns dann auch schon sehr vom \u00fcblichen Markt ab, zum einen steht der pers\u00f6nliche Kontakt zu unseren Kunden im Vordergrund, aber wir pr\u00e4sentieren auch den ganzen Ablauf und das Handwerk, welches hinter unserer Marke steht &#8211; jeder Schritt, den wir beschrieben haben kann in Augenschein genommen werden.<\/p>\n<div class=\"su-note\"  style=\"border-color:#169ecd;border-radius:3px;-moz-border-radius:3px;-webkit-border-radius:3px;\"><div class=\"su-note-inner su-u-clearfix su-u-trim\" style=\"background-color:#30b8e7;border-color:#fcffff;color:#333333;border-radius:3px;-moz-border-radius:3px;-webkit-border-radius:3px;\">Man sieht euch an, dass ihr Mode lebt. Modeinteresse ist das eine, ein Unternehmen zu gr\u00fcnden das andere. Wie kam es denn zu der Idee?<\/div><\/div>\n<p><strong>Lars<\/strong>: Die Idee Gentlenero war nicht von langer Hand geplant oder vorbereitet. Wir haben uns schon immer f\u00fcr Herrenmode interessiert, auch in einem Alter, als das vielleicht noch nicht angesagt war. Gleichzeitig haben wir in typischen M\u00e4nnergespr\u00e4chen immer \u00fcber allerlei Gesch\u00e4ftsideen philosophiert. Eines sch\u00f6nen Sommerabends ruft mich mein bester Freund Daniel voller Vorfeude an und berichtet von der Idee sich mit einem Modelabel, welches sich an den Grundwerten des Gentelman orientiert, selbstst\u00e4ndig zu machen.<\/p>\n<p><strong>Daniel<\/strong>: Jetzt m\u00fcssen wir auch endlich mal den Namen erkl\u00e4ren. Gentlenero hat zwei Bedeutungen. Es ist ein Kunstwort aus Gentleman und Nero, \u201eschwarz\u201c auf Italienisch. Mode aus Italien spielte f\u00fcr uns immer eine gro\u00dfe Rolle, und der klassische schwarze Anzug ist f\u00fcr uns Ausgangspunkt vieler Anl\u00e4sse, in denen \u201aMann\u2018 eben stilvoll in Erscheinung tritt.<\/p>\n<p><strong>Lars<\/strong>: Auf der anderen Seite gibt es eben einen pers\u00f6nlichen Bezug, Daniels Nachname hei\u00dft \u00fcbersetzt auch Schwarz, \u201egentle\u201c spiegelt aus dem englischen meine sanftm\u00fctige Art im Umgang mit Menschen. F\u00fcr uns spielen als \u201eGentleman\u201c wichtige Werte eine Rolle: Ehrlichkeit, Charakter, eben auch ein St\u00fcck Eitelkeit.<\/p>\n<div class=\"su-note\"  style=\"border-color:#169ecd;border-radius:3px;-moz-border-radius:3px;-webkit-border-radius:3px;\"><div class=\"su-note-inner su-u-clearfix su-u-trim\" style=\"background-color:#30b8e7;border-color:#fcffff;color:#333333;border-radius:3px;-moz-border-radius:3px;-webkit-border-radius:3px;\">Daniel und Lars, die Gentlemen?<\/div><\/div>\n<p><strong>Daniel<\/strong> (lacht): Ja, unsere Produkte sind eben auch ein St\u00fcck gelebte Exklusivit\u00e4t und das Bewusstsein, in einem limitierten ma\u00dfgeschneiderten Kleidungsst\u00fcck Pr\u00e4senz zu zeigen. Wir m\u00f6chten damit einen bestimmten Lifestyle und die positive Emotion vermitteln, welche einen Gentleman ausmachen.<\/p>\n<div class=\"su-note\"  style=\"border-color:#169ecd;border-radius:3px;-moz-border-radius:3px;-webkit-border-radius:3px;\"><div class=\"su-note-inner su-u-clearfix su-u-trim\" style=\"background-color:#30b8e7;border-color:#fcffff;color:#333333;border-radius:3px;-moz-border-radius:3px;-webkit-border-radius:3px;\">Man nimmt es euch ab! Wie stellt ihr denn sicher, dass eure Produkte auch in der Qualit\u00e4t euren hohen Anspr\u00fcchen gen\u00fcgen?<\/div><\/div>\n<p><strong>Lars<\/strong>: Wir beide haben uns unsere Zulieferer pers\u00f6nlich und vor Ort ausgesucht, das war uns ein wichtiges Anliegen bei unserem Vorhaben. Italien spielt f\u00fcr unsere wichtigste Ressource, die Stoffe, eine gro\u00dfe Rolle. Daneben finden sich auch in der T\u00fcrkei hervorragende und qualit\u00e4tsbewusste Hersteller. Wir m\u00fcssen, wie gesagt, selbst davon \u00fcberzeugt sein und wir sind auch dort immer auf der Suche nach guten Stoffen und Erzeugnissen.<\/p>\n<div class=\"su-note\"  style=\"border-color:#169ecd;border-radius:3px;-moz-border-radius:3px;-webkit-border-radius:3px;\"><div class=\"su-note-inner su-u-clearfix su-u-trim\" style=\"background-color:#30b8e7;border-color:#fcffff;color:#333333;border-radius:3px;-moz-border-radius:3px;-webkit-border-radius:3px;\">Eure Mode ist wirklich sehr individuell. Wie kommt denn nun der Mann zu genau seinem Anzug?<\/div><\/div>\n<p><strong>Lars<\/strong>: F\u00fcr unsere Kunden haben wir die gro\u00dfe Auswahl vor Ort im Shop selbstverst\u00e4ndlich ausliegen, und hier startet eben der Prozess f\u00fcr die Herstellung des gew\u00fcnschten, handgefertigten, Anzugs. Wir beraten jeden Kunden individuell in einem umfassenden Gespr\u00e4ch in angenehmer Atmosph\u00e4re, lernen uns kennen und bieten erstmal einen exzellenten Kaffee an, das ist \u00fcbrigens auch unsere eigene Marke aus eigener Herstellung.<\/p>\n<p><strong>Daniel<\/strong>: Wenn wir gemeinsam \u00fcber das Ziel, den perfekten Anzug, sprechen, spielen dabei einige Aspekte eine Rolle: Welche Farben? Welcher Schnitt? Wie lang, wie breit, wie kurz? Einstecktuch, mit oder ohne Weste, passende Schuhe oder auch die Anstecknadel und die Manschettenkn\u00f6pfe. Zu welchem Anlass wird der Anzug gew\u00fcnscht oder ist es einer f\u00fcr den Alltag?<\/p>\n<p><strong>Lars<\/strong>: Ja, wir lernen den zuk\u00fcnftigen Besitzer kennen \u2013 und er uns. Danach werden die Ma\u00dfe genommen und der Auftrag geht in die Produktion. An der Stelle ben\u00f6tigen wir dann momentan drei bis vier Tage, je nach Aufwand und Umfang der Bestellung. Unser Schneider versteht einiges von seinem Handwerk.<\/p>\n<div class=\"su-note\"  style=\"border-color:#169ecd;border-radius:3px;-moz-border-radius:3px;-webkit-border-radius:3px;\"><div class=\"su-note-inner su-u-clearfix su-u-trim\" style=\"background-color:#30b8e7;border-color:#fcffff;color:#333333;border-radius:3px;-moz-border-radius:3px;-webkit-border-radius:3px;\">Drei bis vier Tage f\u00fcr einen Ma\u00df-Anzug? Das ist stark! Wie werden denn eure Kunden aufmerksam auf euch und euer tolles Angebot?<\/div><\/div>\n<p><strong>Daniel<\/strong>: Unser Schwerpunkt liegt abseits des Shops klar im Onlinegesch\u00e4ft, wir sind gerade auf Instagram sehr stark vertreten. Neben Werbung und Bestellung bietet sich das gerade auch f\u00fcrs \u201eNetworking\u201c an. Verschiedene Modeblogger, wie Robin Umbach oder Pascal Bollack, sind auf uns aufmerksam geworden und interessieren sich sehr f\u00fcr unser Label.<\/p>\n<div class=\"su-note\"  style=\"border-color:#169ecd;border-radius:3px;-moz-border-radius:3px;-webkit-border-radius:3px;\"><div class=\"su-note-inner su-u-clearfix su-u-trim\" style=\"background-color:#30b8e7;border-color:#fcffff;color:#333333;border-radius:3px;-moz-border-radius:3px;-webkit-border-radius:3px;\">Und dann wird online bestellt? Aber geht da nicht die \u201epers\u00f6nliche Note\u201c verloren?<\/div><\/div>\n<p><strong>Lars<\/strong>: Der Kunde steht bei uns auch bei einer Onlinebestellung im Vordergrund, hier haben unsere Kunden die M\u00f6glichkeit uns per Telefon zu kontaktieren oder per Chat anzuschreiben \u2013 wir sind hier 24h 7 Tage die Woche erreichbar und stehen unseren Kunden somit bei der Auswahl unserer Produkte immer als kompetenter Ansprechpartner zur Seite. Wir sind in unserem Onlinebusiness sehr flexibel, eine pers\u00f6nliche Note bleibt bei uns immer bestehen.<\/p>\n<p><strong>Daniel<\/strong>: Ab hier ist der Ablauf nicht viel anders, wir ben\u00f6tigen die Ma\u00dfe des Kunden und sobald der Anzug oder das Anzugteil fertig ist, versenden wir es pers\u00f6nlich. Verpackt wird die Ware auch wirklich von uns selbst, wir legen darauf viel Wert und auch das Thema Nachhaltigkeit spielt an dieser Stelle eine gro\u00dfe Rolle. Gerade die Produkte von Rajapack bieten da eine optimale Erg\u00e4nzung, sei es das Klebeband oder die Lieferscheintasche, alles 100% recyclebar.<\/p>\n<div class=\"su-note\"  style=\"border-color:#169ecd;border-radius:3px;-moz-border-radius:3px;-webkit-border-radius:3px;\"><div class=\"su-note-inner su-u-clearfix su-u-trim\" style=\"background-color:#30b8e7;border-color:#fcffff;color:#333333;border-radius:3px;-moz-border-radius:3px;-webkit-border-radius:3px;\">\u00dcber das Thema Verpackung sprechen wir ja in den n\u00e4chsten Tagen noch ein bisschen intensiver. Wir haben da ein paar h\u00fcbsche Ideen f\u00fcr euch&#8230; Beschreibt doch noch kurz die konkrete Situation, in der ihr euch gerade unternehmerisch befindet, was sind die n\u00e4chsten Schritte? Wo k\u00f6nnen wir euch unterst\u00fctzen?<\/div><\/div>\n<p><strong>Daniel<\/strong>: Wir sehen uns aktuell vielen Herausforderungen gegen\u00fcber, die so ein Start-up mit sich bringt. Als Idee so ein umfangreiches Gesch\u00e4ft aufzuziehen und das Hobby zum Beruf zu machen, bedeutet auch handfestes Anpacken und eine gro\u00dfe Menge an Zeit. Zwischenzeitlich mussten wir aufgrund der hohen Anfragen die Bestellungen \u00fcber unseren Webshop pausieren, so umfangreich konnten wir unseren Kundenstamm ausweiten. Der Schritt in die n\u00e4chste Phase geht also nur, indem wir personell aufstocken und manche Abl\u00e4ufe professionalisieren. Ab einem gewissen Punkt muss ein Unternehmen investieren, und hier stecken wir gerade viel Energie in unseren gemeinsamen Traum.<\/p>\n<p><strong>Lars<\/strong>: Da ist es eine enorme Hilfe, wenn wir f\u00fcr alle Aspekte des Verpackens und Versendens Tipps vom Profi kriegen. Wir verkaufen exklusive Produkte, man k\u00f6nnte sagen, ansprechendes \u00c4u\u00dferes ist Kern unseres Business. Da muss dann eben auch die Verpackung stimmen. Wertsch\u00e4tzung und Begeisterung f\u00fcrs Produkt steckt eben im Detail<\/p>\n<div class=\"su-note\"  style=\"border-color:#169ecd;border-radius:3px;-moz-border-radius:3px;-webkit-border-radius:3px;\"><div class=\"su-note-inner su-u-clearfix su-u-trim\" style=\"background-color:#30b8e7;border-color:#fcffff;color:#333333;border-radius:3px;-moz-border-radius:3px;-webkit-border-radius:3px;\">\u00c4hnlich wie viele unserer Kunden m\u00f6chtet ihr euch mit eurer Verpackung abheben und positionieren, gleichzeitig braucht ihr aber sowohl personell als auch finanziell eure Ressourcen gerade in anderen Bereichen der Gesch\u00e4ftsentwicklung? Was viele nicht wissen: Ein \u00fcberraschend hohes Ma\u00df an Personalisierung ist auch mit Standardprodukten m\u00f6glich. Wir stellen euch mal ein paar Ideen vor!<\/div><\/div>\n<div class=\"su-image-carousel  su-image-carousel-columns-4 su-image-carousel-has-spacing su-image-carousel-adaptive su-image-carousel-slides-style-default su-image-carousel-controls-style-light su-image-carousel-align-center\" style=\"max-width:860px\" data-flickity-options='{\"groupCells\":true,\"cellSelector\":\".su-image-carousel-item\",\"adaptiveHeight\":true,\"cellAlign\":\"left\",\"prevNextButtons\":true,\"pageDots\":false,\"autoPlay\":4000,\"imagesLoaded\":true,\"contain\":false,\"selectedAttraction\":0.007,\"friction\":0.25}' id=\"su_image_carousel_69f48e943f354\"><div class=\"su-image-carousel-item\"><div class=\"su-image-carousel-item-content\"><img loading=\"lazy\" decoding=\"async\" width=\"347\" height=\"342\" src=\"https:\/\/www.rajapack.de\/verpackungsnews\/wp-content\/uploads\/2019\/07\/Logo-Gentlenero.jpg\" class=\"\" alt=\"\" srcset=\"https:\/\/www.rajapack.de\/verpackungsnews\/wp-content\/uploads\/2019\/07\/Logo-Gentlenero.jpg 347w, https:\/\/www.rajapack.de\/verpackungsnews\/wp-content\/uploads\/2019\/07\/Logo-Gentlenero-300x296.jpg 300w\" sizes=\"(max-width: 347px) 100vw, 347px\" \/><\/div><\/div><div class=\"su-image-carousel-item\"><div class=\"su-image-carousel-item-content\"><img loading=\"lazy\" decoding=\"async\" width=\"300\" height=\"299\" src=\"https:\/\/www.rajapack.de\/verpackungsnews\/wp-content\/uploads\/2019\/07\/PersKarton.jpg\" class=\"\" alt=\"personalisierter Karton\" srcset=\"https:\/\/www.rajapack.de\/verpackungsnews\/wp-content\/uploads\/2019\/07\/PersKarton.jpg 300w, https:\/\/www.rajapack.de\/verpackungsnews\/wp-content\/uploads\/2019\/07\/PersKarton-150x150.jpg 150w, https:\/\/www.rajapack.de\/verpackungsnews\/wp-content\/uploads\/2019\/07\/PersKarton-120x120.jpg 120w\" sizes=\"(max-width: 300px) 100vw, 300px\" \/><\/div><\/div><div class=\"su-image-carousel-item\"><div class=\"su-image-carousel-item-content\"><img loading=\"lazy\" decoding=\"async\" width=\"300\" height=\"299\" src=\"https:\/\/www.rajapack.de\/verpackungsnews\/wp-content\/uploads\/2019\/07\/persTape.jpg\" class=\"\" alt=\"Klebeband Gentlenero\" srcset=\"https:\/\/www.rajapack.de\/verpackungsnews\/wp-content\/uploads\/2019\/07\/persTape.jpg 300w, https:\/\/www.rajapack.de\/verpackungsnews\/wp-content\/uploads\/2019\/07\/persTape-150x150.jpg 150w, https:\/\/www.rajapack.de\/verpackungsnews\/wp-content\/uploads\/2019\/07\/persTape-120x120.jpg 120w\" sizes=\"(max-width: 300px) 100vw, 300px\" \/><\/div><\/div><div class=\"su-image-carousel-item\"><div class=\"su-image-carousel-item-content\"><img loading=\"lazy\" decoding=\"async\" width=\"300\" height=\"299\" src=\"https:\/\/www.rajapack.de\/verpackungsnews\/wp-content\/uploads\/2019\/07\/Etiketten-pers.-Gentlenero.jpg\" class=\"\" alt=\"personalisierte Etiketten\" srcset=\"https:\/\/www.rajapack.de\/verpackungsnews\/wp-content\/uploads\/2019\/07\/Etiketten-pers.-Gentlenero.jpg 300w, https:\/\/www.rajapack.de\/verpackungsnews\/wp-content\/uploads\/2019\/07\/Etiketten-pers.-Gentlenero-150x150.jpg 150w, https:\/\/www.rajapack.de\/verpackungsnews\/wp-content\/uploads\/2019\/07\/Etiketten-pers.-Gentlenero-120x120.jpg 120w\" sizes=\"(max-width: 300px) 100vw, 300px\" \/><\/div><\/div><\/div><script id=\"su_image_carousel_69f48e943f354_script\">if(window.SUImageCarousel){setTimeout(function() {window.SUImageCarousel.initGallery(document.getElementById(\"su_image_carousel_69f48e943f354\"))}, 0);}var su_image_carousel_69f48e943f354_script=document.getElementById(\"su_image_carousel_69f48e943f354_script\");if(su_image_carousel_69f48e943f354_script){su_image_carousel_69f48e943f354_script.parentNode.removeChild(su_image_carousel_69f48e943f354_script);}<\/script>\n<h2><span class=\"ez-toc-section\" id=\"Personalisierte_Verpackung_bei_Gentlenero\"><\/span>Personalisierte Verpackung bei Gentlenero<span class=\"ez-toc-section-end\"><\/span><\/h2>\n<div class=\"su-spacer\" style=\"height:20px\"><\/div>\n<p>Individualisierung liegt im Detail: Den Gentlenero-Gentlemen mit dem Blick f\u00fcrs Detail gefallen unsere Vorschl\u00e4ge, zumal sie sich mit relativ \u00fcberschaubarem Budget umsetzen lassen. Einige dieser Ideen befinden sich bereits in der Umsetzung. Der Favorit, so viel sei schon einmal verraten, war der braune Wellpapp-Karton und \u00fcberraschendem Innenleben, f\u00fcr den \u00dcberraschungsmoment beim Auspacken.<\/p>\n<div class=\"su-quote su-quote-style-default su-quote-has-cite\"><div class=\"su-quote-inner su-u-clearfix su-u-trim\">Wir m\u00f6gen die Idee, dass der Kunde beim \u00d6ffnen des Kartons \u00fcberrascht wird. Die wei\u00dfe Innenseite erwarten die wenigsten bei einem braunen Postkarton. Dabei hat sie es in sich: Der Logodruck, der Schriftzug \u201eVielen Dank f\u00fcr Ihr Vertrauen\u201c, ein QR Code der zu unserem Insta-Auftritt linkt und eine pers\u00f6nliche Unterschrift des Gentleneroteams auf der Innenseite des Versandkartons wird so unsere Verpackung zu einem individuellen Gru\u00df an den Kunden machen.<span class=\"su-quote-cite\">Daniel von Gentlenero<\/span><\/div><\/div>\n<p>Gentlenero finden Sie hier:<\/p>\n<ul>\n<li>Instagram:\u00a0<a href=\"https:\/\/www.instagram.com\/gentlenero\/?hl=de\" target=\"_blank\" rel=\"noopener\">@gentlenero<\/a><\/li>\n<\/ul>\n","protected":false},"excerpt":{"rendered":"<p>Dass das Auge mitisst, ist eine allgemein anerkannte Tatsache. Ebenso, wie dass die Verpackung einen nicht unwesentlichen Einfluss auf die Kaufentscheidung hat. Das gilt im Supermarkt und im Lebensmittelbereich ganz [&#8230;]<\/p>\n","protected":false},"author":24,"featured_media":26113,"comment_status":"open","ping_status":"closed","sticky":false,"template":"","format":"standard","meta":{"_acf_changed":false,"footnotes":""},"categories":[10],"tags":[724,417,725],"class_list":["post-17323","post","type-post","status-publish","format-standard","has-post-thumbnail","hentry","category-branchenloesungen","tag-referenz","tag-verpackungsdesign","tag-versenden"],"acf":[],"yoast_head":"<!-- This site is optimized with the Yoast SEO plugin v23.0 - https:\/\/yoast.com\/wordpress\/plugins\/seo\/ -->\n<title>Verpackung beim Modestartup Gentlenero<\/title>\n<meta name=\"description\" content=\"In jeder &quot;Entwicklungsstufe&quot; eines Unternehmens gilt es \u00fcber das Thema Verpackung neu nachzudenken.\u00a0Verpackung beim Mode Startup Gentlenero.\" \/>\n<meta name=\"robots\" content=\"index, follow, max-snippet:-1, max-image-preview:large, max-video-preview:-1\" \/>\n<link rel=\"canonical\" href=\"https:\/\/www.rajapack.de\/verpackungsnews\/das-modestartup-gentlenero\" \/>\n<meta property=\"og:locale\" content=\"de_DE\" \/>\n<meta property=\"og:type\" content=\"article\" \/>\n<meta property=\"og:title\" content=\"Verpackung beim Modestartup Gentlenero\" \/>\n<meta property=\"og:description\" content=\"In jeder &quot;Entwicklungsstufe&quot; eines Unternehmens gilt es \u00fcber das Thema Verpackung neu nachzudenken.\u00a0Verpackung beim Mode Startup Gentlenero.\" \/>\n<meta property=\"og:url\" content=\"https:\/\/www.rajapack.de\/verpackungsnews\/das-modestartup-gentlenero\" \/>\n<meta property=\"og:site_name\" content=\"RAJAPACK Blog DE\" \/>\n<meta property=\"article:published_time\" content=\"2019-07-08T06:59:28+00:00\" \/>\n<meta property=\"article:modified_time\" content=\"2025-08-20T08:43:10+00:00\" \/>\n<meta property=\"og:image\" content=\"https:\/\/www.rajapack.de\/verpackungsnews\/wp-content\/uploads\/2019\/07\/Blogtitel-Gentlenero-Interview-Blog-1.jpg\" \/>\n\t<meta property=\"og:image:width\" content=\"810\" \/>\n\t<meta property=\"og:image:height\" content=\"420\" \/>\n\t<meta property=\"og:image:type\" content=\"image\/jpeg\" \/>\n<meta name=\"author\" content=\"RAJAPACK\" \/>\n<meta name=\"twitter:card\" content=\"summary_large_image\" \/>\n<meta name=\"twitter:label1\" content=\"Verfasst von\" \/>\n\t<meta name=\"twitter:data1\" content=\"RAJAPACK\" \/>\n\t<meta name=\"twitter:label2\" content=\"Gesch\u00e4tzte Lesezeit\" \/>\n\t<meta name=\"twitter:data2\" content=\"11 Minuten\" \/>\n<script type=\"application\/ld+json\" class=\"yoast-schema-graph\">{\n\t    \"@context\": \"https:\/\/schema.org\",\n\t    \"@graph\": [\n\t        {\n\t            \"@type\": \"WebPage\",\n\t            \"@id\": \"https:\/\/www.rajapack.de\/verpackungsnews\/das-modestartup-gentlenero\",\n\t            \"url\": \"https:\/\/www.rajapack.de\/verpackungsnews\/das-modestartup-gentlenero\",\n\t            \"name\": \"Verpackung beim Modestartup Gentlenero\",\n\t            \"isPartOf\": {\n\t                \"@id\": \"https:\/\/www.rajapack.de\/verpackungsnews\/#website\"\n\t            },\n\t            \"primaryImageOfPage\": {\n\t                \"@id\": \"https:\/\/www.rajapack.de\/verpackungsnews\/das-modestartup-gentlenero#primaryimage\"\n\t            },\n\t            \"image\": {\n\t                \"@id\": \"https:\/\/www.rajapack.de\/verpackungsnews\/das-modestartup-gentlenero#primaryimage\"\n\t            },\n\t            \"thumbnailUrl\": \"https:\/\/www.rajapack.de\/verpackungsnews\/wp-content\/uploads\/2019\/07\/Blogtitel-Gentlenero-Interview-Blog-1.jpg\",\n\t            \"datePublished\": \"2019-07-08T06:59:28+00:00\",\n\t            \"dateModified\": \"2025-08-20T08:43:10+00:00\",\n\t            \"author\": {\n\t                \"@id\": \"https:\/\/www.rajapack.de\/verpackungsnews\/#\/schema\/person\/c6abd9a6a6c07cf31072cda42444cbec\"\n\t            },\n\t            \"description\": \"In jeder \\\"Entwicklungsstufe\\\" eines Unternehmens gilt es \u00fcber das Thema Verpackung neu nachzudenken.\u00a0Verpackung beim Mode Startup Gentlenero.\",\n\t            \"inLanguage\": \"de-DE\",\n\t            \"potentialAction\": [\n\t                {\n\t                    \"@type\": \"ReadAction\",\n\t                    \"target\": [\n\t                        \"https:\/\/www.rajapack.de\/verpackungsnews\/das-modestartup-gentlenero\"\n\t                    ]\n\t                }\n\t            ]\n\t        },\n\t        {\n\t            \"@type\": \"ImageObject\",\n\t            \"inLanguage\": \"de-DE\",\n\t            \"@id\": \"https:\/\/www.rajapack.de\/verpackungsnews\/das-modestartup-gentlenero#primaryimage\",\n\t            \"url\": \"https:\/\/www.rajapack.de\/verpackungsnews\/wp-content\/uploads\/2019\/07\/Blogtitel-Gentlenero-Interview-Blog-1.jpg\",\n\t            \"contentUrl\": \"https:\/\/www.rajapack.de\/verpackungsnews\/wp-content\/uploads\/2019\/07\/Blogtitel-Gentlenero-Interview-Blog-1.jpg\",\n\t            \"width\": 810,\n\t            \"height\": 420\n\t        },\n\t        {\n\t            \"@type\": \"WebSite\",\n\t            \"@id\": \"https:\/\/www.rajapack.de\/verpackungsnews\/#website\",\n\t            \"url\": \"https:\/\/www.rajapack.de\/verpackungsnews\/\",\n\t            \"name\": \"RAJAPACK Blog DE\",\n\t            \"description\": \"Verpackungsnews vom Experten\",\n\t            \"potentialAction\": [\n\t                {\n\t                    \"@type\": \"SearchAction\",\n\t                    \"target\": {\n\t                        \"@type\": \"EntryPoint\",\n\t                        \"urlTemplate\": \"https:\/\/www.rajapack.de\/verpackungsnews\/?s={search_term_string}\"\n\t                    },\n\t                    \"query-input\": \"required name=search_term_string\"\n\t                }\n\t            ],\n\t            \"inLanguage\": \"de-DE\"\n\t        },\n\t        {\n\t            \"@type\": \"Person\",\n\t            \"@id\": \"https:\/\/www.rajapack.de\/verpackungsnews\/#\/schema\/person\/c6abd9a6a6c07cf31072cda42444cbec\",\n\t            \"name\": \"RAJAPACK\",\n\t            \"image\": {\n\t                \"@type\": \"ImageObject\",\n\t                \"inLanguage\": \"de-DE\",\n\t                \"@id\": \"https:\/\/www.rajapack.de\/verpackungsnews\/#\/schema\/person\/image\/\",\n\t                \"url\": \"https:\/\/secure.gravatar.com\/avatar\/4c95834f3b6420b1fbe980903e066e22?s=96&d=mm&r=g\",\n\t                \"contentUrl\": \"https:\/\/secure.gravatar.com\/avatar\/4c95834f3b6420b1fbe980903e066e22?s=96&d=mm&r=g\",\n\t                \"caption\": \"RAJAPACK\"\n\t            },\n\t            \"url\": \"https:\/\/www.rajapack.de\/verpackungsnews\/author\/rajapack\"\n\t        }\n\t    ]\n\t}<\/script>\n<!-- \/ Yoast SEO plugin. -->","yoast_head_json":{"title":"Verpackung beim Modestartup Gentlenero","description":"In jeder \"Entwicklungsstufe\" eines Unternehmens gilt es \u00fcber das Thema Verpackung neu nachzudenken.\u00a0Verpackung beim Mode Startup Gentlenero.","robots":{"index":"index","follow":"follow","max-snippet":"max-snippet:-1","max-image-preview":"max-image-preview:large","max-video-preview":"max-video-preview:-1"},"canonical":"https:\/\/www.rajapack.de\/verpackungsnews\/das-modestartup-gentlenero","og_locale":"de_DE","og_type":"article","og_title":"Verpackung beim Modestartup Gentlenero","og_description":"In jeder \"Entwicklungsstufe\" eines Unternehmens gilt es \u00fcber das Thema Verpackung neu nachzudenken.\u00a0Verpackung beim Mode Startup Gentlenero.","og_url":"https:\/\/www.rajapack.de\/verpackungsnews\/das-modestartup-gentlenero","og_site_name":"RAJAPACK Blog DE","article_published_time":"2019-07-08T06:59:28+00:00","article_modified_time":"2025-08-20T08:43:10+00:00","og_image":[{"width":810,"height":420,"url":"https:\/\/www.rajapack.de\/verpackungsnews\/wp-content\/uploads\/2019\/07\/Blogtitel-Gentlenero-Interview-Blog-1.jpg","type":"image\/jpeg"}],"author":"RAJAPACK","twitter_card":"summary_large_image","twitter_misc":{"Verfasst von":"RAJAPACK","Gesch\u00e4tzte Lesezeit":"11 Minuten"},"schema":{"@context":"https:\/\/schema.org","@graph":[{"@type":"WebPage","@id":"https:\/\/www.rajapack.de\/verpackungsnews\/das-modestartup-gentlenero","url":"https:\/\/www.rajapack.de\/verpackungsnews\/das-modestartup-gentlenero","name":"Verpackung beim Modestartup Gentlenero","isPartOf":{"@id":"https:\/\/www.rajapack.de\/verpackungsnews\/#website"},"primaryImageOfPage":{"@id":"https:\/\/www.rajapack.de\/verpackungsnews\/das-modestartup-gentlenero#primaryimage"},"image":{"@id":"https:\/\/www.rajapack.de\/verpackungsnews\/das-modestartup-gentlenero#primaryimage"},"thumbnailUrl":"https:\/\/www.rajapack.de\/verpackungsnews\/wp-content\/uploads\/2019\/07\/Blogtitel-Gentlenero-Interview-Blog-1.jpg","datePublished":"2019-07-08T06:59:28+00:00","dateModified":"2025-08-20T08:43:10+00:00","author":{"@id":"https:\/\/www.rajapack.de\/verpackungsnews\/#\/schema\/person\/c6abd9a6a6c07cf31072cda42444cbec"},"description":"In jeder \"Entwicklungsstufe\" eines Unternehmens gilt es \u00fcber das Thema Verpackung neu nachzudenken.\u00a0Verpackung beim Mode Startup Gentlenero.","inLanguage":"de-DE","potentialAction":[{"@type":"ReadAction","target":["https:\/\/www.rajapack.de\/verpackungsnews\/das-modestartup-gentlenero"]}]},{"@type":"ImageObject","inLanguage":"de-DE","@id":"https:\/\/www.rajapack.de\/verpackungsnews\/das-modestartup-gentlenero#primaryimage","url":"https:\/\/www.rajapack.de\/verpackungsnews\/wp-content\/uploads\/2019\/07\/Blogtitel-Gentlenero-Interview-Blog-1.jpg","contentUrl":"https:\/\/www.rajapack.de\/verpackungsnews\/wp-content\/uploads\/2019\/07\/Blogtitel-Gentlenero-Interview-Blog-1.jpg","width":810,"height":420},{"@type":"WebSite","@id":"https:\/\/www.rajapack.de\/verpackungsnews\/#website","url":"https:\/\/www.rajapack.de\/verpackungsnews\/","name":"RAJAPACK Blog DE","description":"Verpackungsnews vom Experten","potentialAction":[{"@type":"SearchAction","target":{"@type":"EntryPoint","urlTemplate":"https:\/\/www.rajapack.de\/verpackungsnews\/?s={search_term_string}"},"query-input":"required name=search_term_string"}],"inLanguage":"de-DE"},{"@type":"Person","@id":"https:\/\/www.rajapack.de\/verpackungsnews\/#\/schema\/person\/c6abd9a6a6c07cf31072cda42444cbec","name":"RAJAPACK","image":{"@type":"ImageObject","inLanguage":"de-DE","@id":"https:\/\/www.rajapack.de\/verpackungsnews\/#\/schema\/person\/image\/","url":"https:\/\/secure.gravatar.com\/avatar\/4c95834f3b6420b1fbe980903e066e22?s=96&d=mm&r=g","contentUrl":"https:\/\/secure.gravatar.com\/avatar\/4c95834f3b6420b1fbe980903e066e22?s=96&d=mm&r=g","caption":"RAJAPACK"},"url":"https:\/\/www.rajapack.de\/verpackungsnews\/author\/rajapack"}]}},"_links":{"self":[{"href":"https:\/\/www.rajapack.de\/verpackungsnews\/wp-json\/wp\/v2\/posts\/17323"}],"collection":[{"href":"https:\/\/www.rajapack.de\/verpackungsnews\/wp-json\/wp\/v2\/posts"}],"about":[{"href":"https:\/\/www.rajapack.de\/verpackungsnews\/wp-json\/wp\/v2\/types\/post"}],"author":[{"embeddable":true,"href":"https:\/\/www.rajapack.de\/verpackungsnews\/wp-json\/wp\/v2\/users\/24"}],"replies":[{"embeddable":true,"href":"https:\/\/www.rajapack.de\/verpackungsnews\/wp-json\/wp\/v2\/comments?post=17323"}],"version-history":[{"count":2,"href":"https:\/\/www.rajapack.de\/verpackungsnews\/wp-json\/wp\/v2\/posts\/17323\/revisions"}],"predecessor-version":[{"id":31492,"href":"https:\/\/www.rajapack.de\/verpackungsnews\/wp-json\/wp\/v2\/posts\/17323\/revisions\/31492"}],"wp:featuredmedia":[{"embeddable":true,"href":"https:\/\/www.rajapack.de\/verpackungsnews\/wp-json\/wp\/v2\/media\/26113"}],"wp:attachment":[{"href":"https:\/\/www.rajapack.de\/verpackungsnews\/wp-json\/wp\/v2\/media?parent=17323"}],"wp:term":[{"taxonomy":"category","embeddable":true,"href":"https:\/\/www.rajapack.de\/verpackungsnews\/wp-json\/wp\/v2\/categories?post=17323"},{"taxonomy":"post_tag","embeddable":true,"href":"https:\/\/www.rajapack.de\/verpackungsnews\/wp-json\/wp\/v2\/tags?post=17323"}],"curies":[{"name":"wp","href":"https:\/\/api.w.org\/{rel}","templated":true}]}}