{"id":17162,"date":"2024-05-07T09:56:15","date_gmt":"2024-05-07T07:56:15","guid":{"rendered":"https:\/\/www.rajapack.de\/verpackungsnews\/?p=17162"},"modified":"2026-04-15T10:32:48","modified_gmt":"2026-04-15T08:32:48","slug":"wie-verpacke-ich-mein-fahrrad","status":"publish","type":"post","link":"https:\/\/www.rajapack.de\/verpackungsnews\/wie-verpacke-ich-mein-fahrrad","title":{"rendered":"Wie verpacke ich mein Fahrrad sicher?"},"content":{"rendered":"<h5>Die Deutschen und ihr Fahrrad: Im Jahr 2023 ist der <a href=\"https:\/\/de.statista.com\/statistik\/daten\/studie\/154198\/umfrage\/fahrradbestand-in-deutschland\/#:~:text=Fahrradbestand%20in%20Deutschland%20bis%202023&amp;text=Im%20Jahr%202023%20ist%20der,verkauften%20Fahrr%C3%A4der%20ohne%20E%2DMotor.\" target=\"_blank\" rel=\"noopener\">Bestand an Fahrr\u00e4dern<\/a> in Deutschland erneut um 4 Millionen gestiegen und ist mit rund <b>84 Millionen<\/b> so hoch wie nie zuvor. Nicht selten werden die Fahrr\u00e4der auch online konfiguriert und bestellt &#8211; und m\u00fcssen dann versendet werden. Wie verpackt man ein Fahrrad? Wie versendet man ein Fahrrad? Was muss beim Versand eines Fahrrades beachtet werden &#8211; und was beim Transport? Immer beliebter n\u00e4mlich werden Radreisen: 3,6 Millionen Deutsche unternahmen im vergangenen Jahr eine mindestens dreit\u00e4gige Radreise &#8211; vorzugsweise im eigenen Land oder innerhalb Europas. Doch wie das Fahrrad verpacken damit es sicher von A nach B kommt?<\/h5>\n<div class=\"su-spacer\" style=\"height:30px\"><\/div><div class=\"su-divider su-divider-style-default\" style=\"margin:15px 0;border-width:3px;border-color:#999999\"><\/div><div class=\"su-spacer\" style=\"height:30px\"><\/div>\n<div class=\"su-button-center\"><a href=\"\/kartons-schachteln-container\/sonderformat-kartonagen\/flache-kartons\/Karton-fuer-groesse-flache-Produkte_PDT00186.html\" class=\"su-button su-button-style-default\" style=\"color:#FFFFFF;background-color:#276EF1;border-color:#2058c1;border-radius:34px\" target=\"_blank\" rel=\"noopener noreferrer\"><span style=\"color:#FFFFFF;padding:6px 18px;font-size:14px;line-height:21px;border-color:#689af6;border-radius:34px;text-shadow:0px 0px 0px #000000\"><i class=\"sui sui-shopping-cart\" style=\"font-size:14px;color:#ffffff\"><\/i> Flache Kartons f\u00fcr schmale, sperrige G\u00fcter kaufen?<\/span><\/a><\/div>\n<div class=\"su-spacer\" style=\"height:30px\"><\/div>\n<div id=\"ez-toc-container\" class=\"ez-toc-v2_0_67_1 counter-hierarchy ez-toc-counter ez-toc-grey ez-toc-container-direction\">\n<div class=\"ez-toc-title-container\">\n<p class=\"ez-toc-title \" >Direkt zu diesen Themen:<\/p>\n<span class=\"ez-toc-title-toggle\"><a href=\"#\" class=\"ez-toc-pull-right ez-toc-btn ez-toc-btn-xs ez-toc-btn-default ez-toc-toggle\" aria-label=\"Toggle Table of Content\"><span class=\"ez-toc-js-icon-con\"><span class=\"\"><span class=\"eztoc-hide\" style=\"display:none;\">Toggle<\/span><span class=\"ez-toc-icon-toggle-span\"><svg style=\"fill: #999;color:#999\" xmlns=\"http:\/\/www.w3.org\/2000\/svg\" class=\"list-377408\" width=\"20px\" height=\"20px\" viewBox=\"0 0 24 24\" fill=\"none\"><path d=\"M6 6H4v2h2V6zm14 0H8v2h12V6zM4 11h2v2H4v-2zm16 0H8v2h12v-2zM4 16h2v2H4v-2zm16 0H8v2h12v-2z\" fill=\"currentColor\"><\/path><\/svg><svg style=\"fill: #999;color:#999\" class=\"arrow-unsorted-368013\" xmlns=\"http:\/\/www.w3.org\/2000\/svg\" width=\"10px\" height=\"10px\" viewBox=\"0 0 24 24\" version=\"1.2\" baseProfile=\"tiny\"><path d=\"M18.2 9.3l-6.2-6.3-6.2 6.3c-.2.2-.3.4-.3.7s.1.5.3.7c.2.2.4.3.7.3h11c.3 0 .5-.1.7-.3.2-.2.3-.5.3-.7s-.1-.5-.3-.7zM5.8 14.7l6.2 6.3 6.2-6.3c.2-.2.3-.5.3-.7s-.1-.5-.3-.7c-.2-.2-.4-.3-.7-.3h-11c-.3 0-.5.1-.7.3-.2.2-.3.5-.3.7s.1.5.3.7z\"\/><\/svg><\/span><\/span><\/span><\/a><\/span><\/div>\n<nav><ul class='ez-toc-list ez-toc-list-level-1 ' ><li class='ez-toc-page-1 ez-toc-heading-level-2'><a class=\"ez-toc-link ez-toc-heading-1\" href=\"https:\/\/www.rajapack.de\/verpackungsnews\/wie-verpacke-ich-mein-fahrrad\/#Radtourismus_boomt_in_Deutschland\" title=\"Radtourismus boomt in Deutschland\">Radtourismus boomt in Deutschland<\/a><\/li><li class='ez-toc-page-1 ez-toc-heading-level-2'><a class=\"ez-toc-link ez-toc-heading-2\" href=\"https:\/\/www.rajapack.de\/verpackungsnews\/wie-verpacke-ich-mein-fahrrad\/#Das_Fahrrad_verpacken_und_versenden\" title=\"Das Fahrrad verpacken und versenden?\">Das Fahrrad verpacken und versenden?<\/a><ul class='ez-toc-list-level-3' ><li class='ez-toc-heading-level-3'><a class=\"ez-toc-link ez-toc-heading-3\" href=\"https:\/\/www.rajapack.de\/verpackungsnews\/wie-verpacke-ich-mein-fahrrad\/#Grundregeln_beim_Fahrrad_verpacken\" title=\"Grundregeln beim Fahrrad verpacken\">Grundregeln beim Fahrrad verpacken<\/a><\/li><li class='ez-toc-page-1 ez-toc-heading-level-3'><a class=\"ez-toc-link ez-toc-heading-4\" href=\"https:\/\/www.rajapack.de\/verpackungsnews\/wie-verpacke-ich-mein-fahrrad\/#Welches_Verpackungsmaterial_ist_zu_empfehlen\" title=\"Welches Verpackungsmaterial ist zu empfehlen?\">Welches Verpackungsmaterial ist zu empfehlen?<\/a><\/li><\/ul><\/li><li class='ez-toc-page-1 ez-toc-heading-level-2'><a class=\"ez-toc-link ez-toc-heading-5\" href=\"https:\/\/www.rajapack.de\/verpackungsnews\/wie-verpacke-ich-mein-fahrrad\/#Mit_dem_Fahrrad_verreisen\" title=\"Mit dem Fahrrad verreisen\">Mit dem Fahrrad verreisen<\/a><ul class='ez-toc-list-level-3' ><li class='ez-toc-heading-level-3'><a class=\"ez-toc-link ez-toc-heading-6\" href=\"https:\/\/www.rajapack.de\/verpackungsnews\/wie-verpacke-ich-mein-fahrrad\/#Ueberall_gelten_andere_Regeln\" title=\"\u00dcberall gelten andere Regeln\">\u00dcberall gelten andere Regeln<\/a><\/li><li class='ez-toc-page-1 ez-toc-heading-level-3'><a class=\"ez-toc-link ez-toc-heading-7\" href=\"https:\/\/www.rajapack.de\/verpackungsnews\/wie-verpacke-ich-mein-fahrrad\/#Fahrrad_fuer_Flugreise_verpacken\" title=\"Fahrrad f\u00fcr Flugreise verpacken\">Fahrrad f\u00fcr Flugreise verpacken<\/a><\/li><li class='ez-toc-page-1 ez-toc-heading-level-3'><a class=\"ez-toc-link ez-toc-heading-8\" href=\"https:\/\/www.rajapack.de\/verpackungsnews\/wie-verpacke-ich-mein-fahrrad\/#Fahrrad_fuer_Bahnreise_verpacken\" title=\"Fahrrad f\u00fcr Bahnreise verpacken\">Fahrrad f\u00fcr Bahnreise verpacken<\/a><\/li><li class='ez-toc-page-1 ez-toc-heading-level-3'><a class=\"ez-toc-link ez-toc-heading-9\" href=\"https:\/\/www.rajapack.de\/verpackungsnews\/wie-verpacke-ich-mein-fahrrad\/#Fahrrad_fuer_den_Transport_mit_dem_Auto_verpacken\" title=\"Fahrrad f\u00fcr den Transport mit dem Auto verpacken\">Fahrrad f\u00fcr den Transport mit dem Auto verpacken<\/a><\/li><li class='ez-toc-page-1 ez-toc-heading-level-3'><a class=\"ez-toc-link ez-toc-heading-10\" href=\"https:\/\/www.rajapack.de\/verpackungsnews\/wie-verpacke-ich-mein-fahrrad\/#Was_kostet_die_Mitnahme_eines_Fahrrads\" title=\"Was kostet die Mitnahme eines Fahrrads?\">Was kostet die Mitnahme eines Fahrrads?<\/a><\/li><\/ul><\/li><li class='ez-toc-page-1 ez-toc-heading-level-2'><a class=\"ez-toc-link ez-toc-heading-11\" href=\"https:\/\/www.rajapack.de\/verpackungsnews\/wie-verpacke-ich-mein-fahrrad\/#Wie_verpacke_ich_ein_Fahrrad_fuer_den_Versand\" title=\"Wie verpacke ich ein Fahrrad f\u00fcr den Versand?\">Wie verpacke ich ein Fahrrad f\u00fcr den Versand?<\/a><ul class='ez-toc-list-level-3' ><li class='ez-toc-heading-level-3'><a class=\"ez-toc-link ez-toc-heading-12\" href=\"https:\/\/www.rajapack.de\/verpackungsnews\/wie-verpacke-ich-mein-fahrrad\/#Welcher_Fahrradkarton_ist_der_richtige_Groesse_Stabilitaet\" title=\"Welcher Fahrradkarton ist der richtige? (Gr\u00f6\u00dfe, Stabilit\u00e4t)?\">Welcher Fahrradkarton ist der richtige? (Gr\u00f6\u00dfe, Stabilit\u00e4t)?<\/a><\/li><li class='ez-toc-page-1 ez-toc-heading-level-3'><a class=\"ez-toc-link ez-toc-heading-13\" href=\"https:\/\/www.rajapack.de\/verpackungsnews\/wie-verpacke-ich-mein-fahrrad\/#Reicht_ein_gebrauchter_Karton_oder_brauche_ich_Spezialkartons\" title=\"Reicht ein gebrauchter Karton oder brauche ich Spezialkartons?\">Reicht ein gebrauchter Karton oder brauche ich Spezialkartons?<\/a><\/li><li class='ez-toc-page-1 ez-toc-heading-level-3'><a class=\"ez-toc-link ez-toc-heading-14\" href=\"https:\/\/www.rajapack.de\/verpackungsnews\/wie-verpacke-ich-mein-fahrrad\/#Wie_viel_Polstermaterial_ist_notwendig\" title=\"Wie viel Polstermaterial ist notwendig?\">Wie viel Polstermaterial ist notwendig?<\/a><\/li><li class='ez-toc-page-1 ez-toc-heading-level-3'><a class=\"ez-toc-link ez-toc-heading-15\" href=\"https:\/\/www.rajapack.de\/verpackungsnews\/wie-verpacke-ich-mein-fahrrad\/#Kann_ich_ein_Fahrrad_ohne_Demontage_verpacken\" title=\"Kann ich ein Fahrrad ohne Demontage verpacken?\">Kann ich ein Fahrrad ohne Demontage verpacken?<\/a><\/li><li class='ez-toc-page-1 ez-toc-heading-level-3'><a class=\"ez-toc-link ez-toc-heading-16\" href=\"https:\/\/www.rajapack.de\/verpackungsnews\/wie-verpacke-ich-mein-fahrrad\/#Wie_verpacke_ich_ein_E-Bike_Akku\" title=\"Wie verpacke ich ein E-Bike (Akku!)?\">Wie verpacke ich ein E-Bike (Akku!)?<\/a><\/li><li class='ez-toc-page-1 ez-toc-heading-level-3'><a class=\"ez-toc-link ez-toc-heading-17\" href=\"https:\/\/www.rajapack.de\/verpackungsnews\/wie-verpacke-ich-mein-fahrrad\/#Fahrrad_verpacken_%E2%80%93_wie_viel_Zeit_muss_ich_einplanen\" title=\"Fahrrad verpacken &#8211; wie viel Zeit muss ich einplanen?\">Fahrrad verpacken &#8211; wie viel Zeit muss ich einplanen?<\/a><\/li><\/ul><\/li><li class='ez-toc-page-1 ez-toc-heading-level-2'><a class=\"ez-toc-link ez-toc-heading-18\" href=\"https:\/\/www.rajapack.de\/verpackungsnews\/wie-verpacke-ich-mein-fahrrad\/#Fahrrad_verpackt_So_koennen_Sie_Ihr_Fahrrad_versenden\" title=\"Fahrrad verpackt? So k\u00f6nnen Sie Ihr Fahrrad versenden!\">Fahrrad verpackt? So k\u00f6nnen Sie Ihr Fahrrad versenden!<\/a><\/li><li class='ez-toc-page-1 ez-toc-heading-level-2'><a class=\"ez-toc-link ez-toc-heading-19\" href=\"https:\/\/www.rajapack.de\/verpackungsnews\/wie-verpacke-ich-mein-fahrrad\/#Top_10_der_beliebtesten_Fahrradwege\" title=\"Top 10 der beliebtesten Fahrradwege\">Top 10 der beliebtesten Fahrradwege<\/a><\/li><\/ul><\/nav><\/div>\n<h2><span class=\"ez-toc-section\" id=\"Radtourismus_boomt_in_Deutschland\"><\/span>Radtourismus boomt in Deutschland<span class=\"ez-toc-section-end\"><\/span><\/h2>\n<div class=\"su-spacer\" style=\"height:30px\"><\/div>\n<p>Der Allgemeine Deutsche Fahrrad-Club (ADFC) vermeldete f\u00fcr 2018 ein Plus von 27 Prozent an Radreisenden gegen\u00fcber dem Vorjahr, in 2023 haben laut statista bereits 3,6 Millionen Deutsche eine mindestens dreit\u00e4gige Radreise unternommen &#8211; nicht mitgez\u00e4hlt der Anteil derer, die ihre Reise zwar nicht als Radreise definieren w\u00fcrden, aber auch am Urlaubsort nicht auf ihr Fahrrad als Fortbewegungsmittel verzichten m\u00f6chten. Unabh\u00e4ngig davon, ob die Reisenden auf reine Muskelkraft setzen oder mit E-Hilfe in die Pedale treten, eine Herausforderung haben alle zu bew\u00e4ltigen: Wie transportiert man nun sein Fahrrad von zuhause an den Urlaubsort? Wie sollte man das Fahrrad verpacken?<\/p>\n<h2><span class=\"ez-toc-section\" id=\"Das_Fahrrad_verpacken_und_versenden\"><\/span>Das Fahrrad verpacken und versenden?<span class=\"ez-toc-section-end\"><\/span><\/h2>\n<div class=\"su-spacer\" style=\"height:30px\"><\/div>\n<p>Die Antwort auf die Frage nach der besten Form der Verpackung f\u00fcr ein Fahrrad kann lauten: Indem man einen Fernseher auf den Karton druckt. Das jedenfalls ist die Erfahrung des niederl\u00e4ndischen Fahrradunternehmens Vanmoof. Das verkauft seine Zweir\u00e4der auch in die USA. Ein Verlustgesch\u00e4ft, denn h\u00e4ufig kamen die R\u00e4der besch\u00e4digt beim Kunden an. Die L\u00f6sung klingt zun\u00e4chst einmal seltsam: Der Fahrradhersteller bedruckte seine Versandkartons mit einem Fernsehger\u00e4t. Die Reklamationen gingen um 80 Prozent zur\u00fcck. Die Erkl\u00e4rung: In den Vereinigten Staaten genie\u00dft ein Gro\u00dffernseher einen h\u00f6heren Stellenwert als ein Fahrrad, entsprechend sorgf\u00e4ltiger gingen die Paketboten bei der Auslieferung vor.<\/p>\n<p style=\"text-align: center;\"><div class=\"su-custom-gallery su-custom-gallery-align-left su-custom-gallery-title-never\"><div class=\"su-custom-gallery-slide\" style=\"width:586px;height:439px\"><a><img loading=\"lazy\" decoding=\"async\" src=\"https:\/\/www.rajapack.de\/verpackungsnews\/wp-content\/uploads\/2020\/08\/Fahrrad-Hippster-586x439.jpg\" alt=\"Fahrrad-Hippster\" width=\"586\" height=\"439\" \/><span class=\"su-custom-gallery-title\">Fahrrad-Hippster<\/span><\/a><\/div><div class=\"su-clear\"><\/div><\/div>\n<strong>Das Fahrrad f\u00fcr den Transport aus der Hand geben? F\u00e4llt schwer!<br \/>\n<\/strong><strong>Hier ein paar Tipps, wie es die &#8222;Trennung&#8220; gut \u00fcbersteht&#8230;<\/strong><\/p>\n<p>Unabh\u00e4ngig davon, ob Sie mit dem Fahrrad reisen oder es versenden m\u00f6chten, ist es wichtig, sorgf\u00e4ltig zu planen und sicherzustellen, dass das Fahrrad w\u00e4hrend des Transports angemessen gesch\u00fctzt ist, um Besch\u00e4digungen zu vermeiden.<\/p>\n<h3><span class=\"ez-toc-section\" id=\"Grundregeln_beim_Fahrrad_verpacken\"><\/span>Grundregeln beim Fahrrad verpacken<span class=\"ez-toc-section-end\"><\/span><\/h3>\n<div class=\"su-spacer\" style=\"height:30px\"><\/div>\nDas oben genannte Beispiel mag ein Extremfall sein, dennoch lohnt es sich, das Thema Transport und Verpackung mit der n\u00f6tigen Sorgfalt anzugehen. Fahrradtasche, Fahrradkoffer oder Fahrradkarton \u2013 das sind drei M\u00f6glichkeiten, das Fahrrad sicher an den Bestimmungsort zu bringen. Dabei gibt es einige Grundregeln, die zu beachten sind:<\/p>\n<ul>\n<li>Entfernen Sie alle anf\u00e4lligen Teile wie Pedale, Sattel und Lenker m\u00f6glichst komplett<\/li>\n<li>Zusatzutensilien wie Trinkflaschen oder GPS-Computer abschrauben<\/li>\n<li>Vorderrad abmontieren, wenn m\u00f6glich<\/li>\n<li>Verpacken Sie diese Teile separat, oder:<\/li>\n<li>Sollte das Entfernen nicht m\u00f6glich sein, drehen sie alle nach au\u00dfen stehenden Teile nach innen und stellen Sie den Lenker quer zur Fahrtrichtung<\/li>\n<li>Etwas Luft aus den Reifen lassen<\/li>\n<li>Luftpumpe und Werkzeug nicht vergessen, um das Rad wieder in den Originalzustand zu versetzen<\/li>\n<\/ul>\n<h3><span class=\"ez-toc-section\" id=\"Welches_Verpackungsmaterial_ist_zu_empfehlen\"><\/span>Welches Verpackungsmaterial ist zu empfehlen?<span class=\"ez-toc-section-end\"><\/span><\/h3>\n<div class=\"su-spacer\" style=\"height:30px\"><\/div>\n<p>Umwickeln Sie das Fahrrad sorgf\u00e4ltig mit <a href=\"\/polster-fuellmaterialien_C25.html\" target=\"_blank\" rel=\"noopener\">Polstermaterial<\/a> wie Luftpolsterfolie oder Schaumstoff.\u00a0Den Rahmen sch\u00fctzt man am besten vor Kratzern durch <a href=\"\/polster-fuellmaterialien\/kantenschutzprofile-ecken\/kantenschutz\/o-profile-recycelt_OFF_DE_01870.html\" target=\"_blank\" rel=\"noopener\">O-Profile<\/a> oder <a href=\"\/polster-fuellmaterialien\/kantenschutzprofile-ecken\/kantenschutz\/u-profile-recycelt_OFF_DE_01865.html\" target=\"_blank\" rel=\"noopener\">U-Profile<\/a> aus Schaumstoff. Rund vier Meter davon sind daf\u00fcr vonn\u00f6ten. Kartonagen oder Styropor dienen als Abstandhalter zwischen Rahmen und abmontiertem Vorderrad. So l\u00e4sst sich letzteres kratzfrei am Rahmen mit einem Kabelbinder fixieren. Die sonstigen abmontierten Einzelteile dann in Luftpolsterfolie einwickeln. Das gilt ebenso f\u00fcr empfindliche Teile wie Kette und Sattel. In n\u00e4chsten Schritt lose Teile sowie Kabel mittels einer <a href=\"https:\/\/www.rajapack.de\/palettierung-folien\/stretchfolien\/handstretchfolien_C401010.html\" target=\"_blank\" rel=\"noopener\">Hand-Stretchfolie<\/a> an Lenker beziehungsweise Rahmen befestigen und gegebenenfalls zuvor noch Luftpolsterfolie als Schutz dazwischenschieben. Jetzt ist alles vorbereitet. Nun das verpackte Fahrrad in einen <a href=\"\/kartons-schachteln-container\/sonderformat-kartonagen\/flache-kartons\/Karton-fuer-groesse-flache-Produkte_PDT00186.html\" target=\"_blank\" rel=\"noopener\">Fahrradkarton<\/a>, eine Tasche oder einen Koffer packen. Auch darauf achten, dass nichts rutscht und alles festsitzt. Bei Bedarf etwas nachhelfen mit zus\u00e4tzlichen Kartonagen, <a href=\"\/polster-fuellmaterialien\/fixierung\/schaumpads\/schaumpads_PDT00456.html\" target=\"_blank\" rel=\"noopener\">Abstandshaltern<\/a> und Luftpolsterfolie. Zum Abschluss den Karton noch mit Klebeband verschlie\u00dfen und das passende Hinweisetikett aufbringen. Beschriften Sie die Verpackung deutlich mit den erforderlichen Versandinformationen, einschlie\u00dflich Absender- und Empf\u00e4ngeradresse sowie speziellen Anweisungen f\u00fcr den Transporteur. Dies erleichtert die korrekte Handhabung und Lieferung des Fahrrads.<\/p>\n<p style=\"text-align: center;\"><div class=\"su-custom-gallery su-custom-gallery-align-left su-custom-gallery-title-never\"><div class=\"su-custom-gallery-slide\" style=\"width:586px;height:439px\"><a><img loading=\"lazy\" decoding=\"async\" src=\"https:\/\/www.rajapack.de\/verpackungsnews\/wp-content\/uploads\/2020\/08\/Fahrrad-eingehaekelt-586x439.jpg\" alt=\"Fahrrad-eingeh\u00e4kelt\" width=\"586\" height=\"439\" \/><span class=\"su-custom-gallery-title\">Fahrrad-eingeh\u00e4kelt<\/span><\/a><\/div><div class=\"su-clear\"><\/div><\/div>\n<strong>Eine Alternative? Eher nicht \ud83d\ude42<\/strong><\/p>\n<h2><span class=\"ez-toc-section\" id=\"Mit_dem_Fahrrad_verreisen\"><\/span>Mit dem Fahrrad verreisen<span class=\"ez-toc-section-end\"><\/span><\/h2>\n<div class=\"su-spacer\" style=\"height:30px\"><\/div>\n<h3><span class=\"ez-toc-section\" id=\"Ueberall_gelten_andere_Regeln\"><\/span>\u00dcberall gelten andere Regeln<span class=\"ez-toc-section-end\"><\/span><\/h3>\n<div class=\"su-spacer\" style=\"height:30px\"><\/div>\nDie Bahn ist, neben dem eigenen PKW, gleichzeitig auch das beliebteste Verkehrsmittel f\u00fcr deutsche Radreisende, soll das Fahrrad mit in den (Fern-) Urlaub ist auch das Flugzeug eine Alternative.\u00a0 Die Art der Verpackung h\u00e4ngt dabei nat\u00fcrlich immer vom Transportmittel ab.<\/p>\n<h3><span class=\"ez-toc-section\" id=\"Fahrrad_fuer_Flugreise_verpacken\"><\/span>Fahrrad f\u00fcr Flugreise verpacken<span class=\"ez-toc-section-end\"><\/span><\/h3>\n<div class=\"su-spacer\" style=\"height:30px\"><\/div>\n<p>Fluggesellschaften haben dabei die strengsten Vorschriften. Die Lufthansa beispielsweise akzeptiert nur Fahrr\u00e4der, die in einem geeigneten Fahrradkoffer oder einem \u00e4hnlichen Beh\u00e4ltnis verpackt sind. Ansonsten unterscheidet sich die Vorgehensweise, ein Fahrrad f\u00fcr eine Flugreise zu verpacken nicht wesentlich von den allgemeinen Hinweise zum Verpacken eines Fahrrads:<\/p>\n<ul>\n<li style=\"list-style-type: none;\">\n<ul>\n<li><strong>Demontage von Teilen<\/strong>: Entfernen Sie die Pedale, die R\u00e4der (vorne und hinten), den Sattel und den Lenker. Stellen Sie sicher, dass alle Teile sicher verstaut sind und dass Sie sie sp\u00e4ter problemlos wieder anbringen kannst. Verstauen Sie kleine Teile am besten in einem separaten Beutel oder einer Box.<\/li>\n<\/ul>\n<\/li>\n<\/ul>\n<p>&nbsp;<\/p>\n<ul>\n<li style=\"list-style-type: none;\">\n<ul>\n<li><strong>Schutz f\u00fcr empfindliche Teile<\/strong>: Verwenden Sie <a href=\"\/polster-fuellmaterialien\/kantenschutzprofile-ecken_C2570.html\" target=\"_blank\" rel=\"noopener\">Schaumstoffpolster<\/a> oder <a href=\"\/polster-fuellmaterialien\/luftpolster_C2510.html\" target=\"_blank\" rel=\"noopener\">Luftpolsterfolie<\/a>, um empfindliche Teile wie den Rahmen und die Schaltgruppe zu sch\u00fctzen. Achten Sie darauf, den Rahmen gr\u00fcndlich zu sch\u00fctzen, da er am meisten gef\u00e4hrdet ist.<\/li>\n<\/ul>\n<\/li>\n<\/ul>\n<p>&nbsp;<\/p>\n<ul>\n<li style=\"list-style-type: none;\">\n<ul>\n<li><strong>Verpackungsmaterial vorbereiten<\/strong>: Sie ben\u00f6tigst ein geeignetes Verpackungsmaterial, das den Rahmen und die Teile des Fahrrads sicher umh\u00fcllt und sch\u00fctzt. Dies kann eine spezielle Fahrradverpackung sein, die von der Fluggesellschaft zur Verf\u00fcgung gestellt wird, ein <a href=\"\/kartons-schachteln-container\/sonderformat-kartonagen\/flache-kartons\/Karton-fuer-groesse-flache-Produkte_PDT00186.html\" target=\"_blank\" rel=\"noopener\">Fahrradkarton<\/a> oder eine geeignete Box, die Sie m\u00f6glicherweise selbst kaufen k\u00f6nnen. Stellen Sie sicher, dass die Verpackung gro\u00df genug ist, um das gesamte Fahrrad und alle Teile aufzunehmen.<\/li>\n<\/ul>\n<\/li>\n<\/ul>\n<p>&nbsp;<\/p>\n<ul>\n<li style=\"list-style-type: none;\">\n<ul>\n<li><strong>Einbau des Fahrrads in die Verpackung<\/strong>: Platzieren Sie den Rahmen und die Teile vorsichtig in der Verpackung. Achten Sie darauf, dass der Rahmen gut gepolstert ist und sich nicht frei bewegen kann. Fixieren Sie alle Teile sicher in der Verpackung, um Bewegungen w\u00e4hrend des Transports zu minimieren.<\/li>\n<\/ul>\n<\/li>\n<\/ul>\n<p>&nbsp;<\/p>\n<ul>\n<li style=\"list-style-type: none;\">\n<ul>\n<li><strong>Sicherung der Verpackung<\/strong>: Sobald das Fahrrad und alle Teile sicher in der Verpackung verstaut sind, sichern Sie die Verpackung mit Klebeband oder anderen geeigneten Verschlussmechanismen. Achten Sie darauf, dass die Verpackung gut verschlossen ist und keine Teile w\u00e4hrend des Transports herausfallen k\u00f6nnen.<\/li>\n<\/ul>\n<\/li>\n<\/ul>\n<p>&nbsp;<\/p>\n<ul>\n<li style=\"list-style-type: none;\">\n<ul>\n<li><strong>Kennzeichnung der Verpackung<\/strong>: Beschriften Sie die Verpackung deutlich mit Kontaktdaten sowie mit Anweisungen f\u00fcr die Fluggesellschaft, wie das Fahrrad behandelt werden soll. Dies kann helfen, sicherzustellen, dass das Fahrrad ordnungsgem\u00e4\u00df behandelt und an den richtigen Zielort geliefert wird.<\/li>\n<\/ul>\n<\/li>\n<\/ul>\n<p>&nbsp;<\/p>\n<ul>\n<li><strong>Einchecken des Fahrrads<\/strong>: Informieren Sie sich im Voraus bei deiner Fluggesellschaft \u00fcber deren Richtlinien und Verfahren f\u00fcr den Transport von Fahrr\u00e4dern. Planen Sie gen\u00fcgend Zeit ein, um das Fahrrad beim Check-in abzugeben und sicherzustellen, dass es ordnungsgem\u00e4\u00df dokumentiert und f\u00fcr den Flug vorbereitet wird.<\/li>\n<\/ul>\n<h3><span class=\"ez-toc-section\" id=\"Fahrrad_fuer_Bahnreise_verpacken\"><\/span>Fahrrad f\u00fcr Bahnreise verpacken<span class=\"ez-toc-section-end\"><\/span><\/h3>\n<div class=\"su-spacer\" style=\"height:30px\"><\/div>\n<p>Bahn und Bus bieten unterschiedliche Transportm\u00f6glichkeiten an. Bei beiden besteht die M\u00f6glichkeit, das Fahrrad sowohl \u201eunverpackt\u201c als auch als Sondergep\u00e4ck aufzugeben. Deshalb immer einige Wochen vor dem Reiseantritt die verschiedenen M\u00f6glichkeiten und Angebote studieren und buchen. Ansonsten gilt auch hier:<\/p>\n<ol>\n<li style=\"list-style-type: none;\">\n<ol>\n<li><strong>Entfernen Sie lose Teile<\/strong>: Entfernen Sie alle lose Teile wie Taschen, Fahrradcomputer, Getr\u00e4nkehalter usw. Diese k\u00f6nnen separat mitgenommen werden oder m\u00fcssen sicher verstaut werden.<\/li>\n<\/ol>\n<\/li>\n<\/ol>\n<p>&nbsp;<\/p>\n<ol>\n<li style=\"list-style-type: none;\">\n<ol>\n<li><strong>Stellen Sie klappbare Teile ein<\/strong>: Klappbare Teile wie Lenker oder Pedale sollten in eine geschlossene Position gebracht werden, um das Fahrrad kompakter zu machen und potenzielle Besch\u00e4digungen zu minimieren.<\/li>\n<\/ol>\n<\/li>\n<\/ol>\n<p>&nbsp;<\/p>\n<ol>\n<li style=\"list-style-type: none;\">\n<ol>\n<li><strong>Verwenden Sie einen geeigneten Fahrradtr\u00e4ger oder eine Fahrradtasche<\/strong>: Viele Z\u00fcge bieten spezielle Fahrradabteile oder -bereiche an, in denen Sie Ihr Fahrrad ohne zus\u00e4tzliche Verpackung mitnehmen k\u00f6nnen. Wenn solche Bereiche verf\u00fcgbar sind, folgen Sie einfach den Anweisungen des Zugpersonals, um Ihr Fahrrad sicher abzustellen.<\/li>\n<\/ol>\n<\/li>\n<\/ol>\n<p>&nbsp;<\/p>\n<ol>\n<li style=\"list-style-type: none;\">\n<ol>\n<li><strong>Verpacken Sie das Fahrrad bei Bedarf<\/strong>: Wenn keine speziellen Fahrradbereiche im Zug vorhanden sind oder wenn Sie zus\u00e4tzlichen Schutz f\u00fcr Ihr Fahrrad w\u00fcnschen, k\u00f6nnen Sie es in eine Fahrradtasche oder -box packen. Diese bieten Schutz vor Schmutz und Besch\u00e4digungen w\u00e4hrend der Reise. Achten Sie darauf, eine Tasche oder Box zu w\u00e4hlen, die gro\u00df genug ist, um Ihr Fahrrad angemessen zu sch\u00fctzen.<\/li>\n<\/ol>\n<\/li>\n<\/ol>\n<p>&nbsp;<\/p>\n<ol>\n<li style=\"list-style-type: none;\">\n<ol>\n<li><strong>Sichern Sie das Fahrrad w\u00e4hrend der Fahrt<\/strong>: Stellen Sie sicher, dass Ihr Fahrrad w\u00e4hrend der Fahrt sicher und stabil steht oder liegt, um ein Umfallen oder Verrutschen zu verhindern. Verwenden Sie gegebenenfalls Gurte oder andere Befestigungsvorrichtungen, um das Fahrrad zu sichern.<\/li>\n<\/ol>\n<\/li>\n<\/ol>\n<p>&nbsp;<\/p>\n<ol>\n<li style=\"list-style-type: none;\">\n<ol>\n<li><strong>Reservierung vornehmen (falls erforderlich)<\/strong>: In einigen Z\u00fcgen ist eine Reservierung f\u00fcr Fahrr\u00e4der erforderlich, insbesondere bei Hochgeschwindigkeitsz\u00fcgen oder in stark frequentierten Zeiten. Informieren Sie sich im Voraus \u00fcber die Reservierungsrichtlinien der Bahn und reservieren Sie einen Platz f\u00fcr Ihr Fahrrad, wenn n\u00f6tig.<\/li>\n<\/ol>\n<\/li>\n<\/ol>\n<p>&nbsp;<\/p>\n<div class=\"su-spacer\" style=\"height:30px\"><\/div>\n<h3><span class=\"ez-toc-section\" id=\"Fahrrad_fuer_den_Transport_mit_dem_Auto_verpacken\"><\/span>Fahrrad f\u00fcr den Transport mit dem Auto verpacken<span class=\"ez-toc-section-end\"><\/span><\/h3>\n<div class=\"su-spacer\" style=\"height:30px\"><\/div>\n<p>F\u00fcr die Mitnahme des Fahrrades im, auf bzw. am PKW gibt es verschiedene M\u00f6glichkeiten. Welche Methode Sie w\u00e4hlen, h\u00e4ngt von verschiedenen Faktoren ab, darunter die Anzahl der zu transportierenden Fahrr\u00e4der, das Fahrzeug, das Sie benutzen\u00a0 und pers\u00f6nliche Pr\u00e4ferenzen. So verpacken und sichern Sie Ihr Fahrrad jeweils f\u00fcr die Mitnahme mit dem Auto:<\/p>\n<ol>\n<li><strong>Fahrradtr\u00e4ger auf dem Dach des Autos<\/strong>:\n<ul>\n<li><em>Verpackung\/Sicherung<\/em>: Das Fahrrad wird auf einem speziellen Tr\u00e4ger auf dem Dach des Autos befestigt. In der Regel ist keine zus\u00e4tzliche Verpackung erforderlich, aber Sie sollten sicherstellen, dass das Fahrrad ordnungsgem\u00e4\u00df gesichert ist, um ein Verrutschen w\u00e4hrend der Fahrt zu verhindern. Verwenden Sie dazu Fahrradhalterungen und <a href=\"\/palettierung-folien\/palettensicherung\/spanngurte_C404010.html\" target=\"_blank\" rel=\"noopener\">Gurte<\/a>, um das Fahrrad fest am Tr\u00e4ger zu befestigen.<\/li>\n<\/ul>\n<\/li>\n<li><strong>Hecktr\u00e4ger<\/strong>:\n<ul>\n<li><em>Verpackung\/Sicherung<\/em>: Fahrr\u00e4der k\u00f6nnen auf einem Hecktr\u00e4ger am Heck des Autos transportiert werden. Die meisten Hecktr\u00e4ger haben spezielle Halterungen, in die das Fahrrad eingesetzt wird. Zus\u00e4tzliche Sicherungsgurte k\u00f6nnen verwendet werden, um das Fahrrad am Tr\u00e4ger zu befestigen und ein Verrutschen zu verhindern. Es ist ratsam, das Fahrrad mit einer Schutzh\u00fclle oder Decke abzudecken, um es vor Schmutz und Stra\u00dfenabrieb zu sch\u00fctzen.<\/li>\n<\/ul>\n<\/li>\n<li><strong>Fahrradtr\u00e4ger auf der Anh\u00e4ngerkupplung<\/strong>:\n<ul>\n<li><em>Verpackung\/Sicherung<\/em>: Fahrr\u00e4der k\u00f6nnen auf einem speziellen Tr\u00e4ger befestigt werden, der auf der Anh\u00e4ngerkupplung des Autos montiert ist. Diese Tr\u00e4ger bieten in der Regel robuste Halterungen und Gurte, um das Fahrrad sicher zu sichern. Das Fahrrad muss m\u00f6glicherweise nicht zus\u00e4tzlich verpackt werden, aber es ist ratsam, empfindliche Teile wie den Rahmen und die Schaltgruppe mit <a href=\"\/polster-fuellmaterialien\/kantenschutzprofile-ecken_C2570.html\" target=\"_blank\" rel=\"noopener\">Schaumstoffpolstern<\/a> oder \u00e4hnlichem zu sch\u00fctzen.<\/li>\n<\/ul>\n<\/li>\n<li><strong>Innenraum des Autos<\/strong>:\n<ul>\n<li><em>Verpackung\/Sicherung<\/em>: Fahrr\u00e4der k\u00f6nnen auch im Innenraum des Autos transportiert werden, indem sie in den Kofferraum oder auf die R\u00fccksitze geladen werden. In diesem Fall ist es ratsam, das Fahrrad in einer speziellen Fahrradtasche oder mit einer Decke abzudecken, um den Innenraum des Autos zu sch\u00fctzen. Verwenden Sie Gurte oder andere <a href=\"\/palettierung-folien\/palettensicherung\/spanngurte_C404010.html\" target=\"_blank\" rel=\"noopener\">Befestigungsvorrichtungen<\/a>, um das Fahrrad sicher zu sichern und ein Verrutschen w\u00e4hrend der Fahrt zu verhindern.<\/li>\n<\/ul>\n<\/li>\n<\/ol>\n<h3><span class=\"ez-toc-section\" id=\"Was_kostet_die_Mitnahme_eines_Fahrrads\"><\/span>Was kostet die Mitnahme eines Fahrrads?<span class=\"ez-toc-section-end\"><\/span><\/h3>\n<div class=\"su-spacer\" style=\"height:30px\"><\/div>\n<p>Bei der folgenden Kosten\u00fcbersicht handelt es sich um Standardpreise f\u00fcr die verschiedenen Transportmittel. Die tats\u00e4chlichen Preise k\u00f6nnen von den ausgewiesenen jedoch abweichen. So bieten verschiedene Bundesl\u00e4nder und Verkehrsverb\u00fcnde spezielle Tarife f\u00fcr den \u00d6ffentlichen Personennahverkehr an. Ebenso differieren im Flugverkehr sowohl die Kosten wie die Richtlinien zwischen den Airlines. Gleich, auf welches Transportmittel die Wahl f\u00e4llt, eines ist ganz wichtig: Rechtzeitig informieren! In aller Regel ben\u00f6tigen Sie f\u00fcr die Mitnahme Ihres Fahrrads ein zus\u00e4tzliches Fahrradticket.<br \/>\n<div class=\"su-spacer\" style=\"height:30px\"><\/div>\n<div class=\"su-table 01 table { 02 background-color: #ffffff; 03 border-collapse: collapse; 04 border: 0px; 05 } 06 thead { 07 background-color: #f3c600; 08 } 09 tfoot { 10 background-color: #F7F1D4; 11 font-size: 80%; 12 border-top: 1px solid #999; 13 } 14 td, th { 15 text-align: left; 16 padding: 0.5em 1em; 17 } su-table-responsive\">\n<table>\n<tbody>\n<tr>\n<td width=\"130\">Bahn &#8211; Fernverkehr<\/td>\n<td width=\"130\">6-15 Euro, abh\u00e4ngig von Zugtyp und Strecke<\/p>\n<p>&nbsp;<\/td>\n<td width=\"130\"><\/td>\n<\/tr>\n<tr>\n<td width=\"130\">Bahn &#8211; Nahverkehr<\/td>\n<td width=\"130\">zw. 0 und 4,50 Euro, je nach Bundesland<\/td>\n<td width=\"130\"><\/td>\n<\/tr>\n<tr>\n<td width=\"130\">Lufthansa<\/td>\n<td width=\"130\">50 &#8211; 150 Euro, abh\u00e4ngig von Flugstrecke und Ticketklasse<\/td>\n<td width=\"130\"><\/td>\n<\/tr>\n<tr>\n<td width=\"130\">Flixbus<\/td>\n<td width=\"130\">9 &#8211; 15 Euro, je nach Strecke und Verf\u00fcgbarkeit<\/td>\n<td width=\"130\">Mitnahme von Fahrr\u00e4dern nur auf ausgew\u00e4hlten Strecken und nach Verf\u00fcgbarkeit<\/td>\n<\/tr>\n<\/tbody>\n<\/table>\n<\/div>\n<div class=\"su-spacer\" style=\"height:30px\"><\/div>\n<h2><span class=\"ez-toc-section\" id=\"Wie_verpacke_ich_ein_Fahrrad_fuer_den_Versand\"><\/span>Wie verpacke ich ein Fahrrad f\u00fcr den Versand?<span class=\"ez-toc-section-end\"><\/span><\/h2>\n<div class=\"su-spacer\" style=\"height:30px\"><\/div>\n<p><span style=\"color: #000000;\">Neben den Basics f\u00fcr das Verpacken eines Fahrrads (Grundregeln beim Fahrrad verpacken) spielt die Beantwortung dieser Fragen eine entscheidende Rolle:<\/span><\/p>\n<h3><span class=\"ez-toc-section\" id=\"Welcher_Fahrradkarton_ist_der_richtige_Groesse_Stabilitaet\"><\/span>Welcher Fahrradkarton ist der richtige? (Gr\u00f6\u00dfe, Stabilit\u00e4t)?<span class=\"ez-toc-section-end\"><\/span><\/h3>\n<div class=\"su-spacer\" style=\"height:30px\"><\/div>\n<p>Der Karton muss sich prim\u00e4r an Rahmenh\u00f6he und Demontagegrad orientieren \u2013 Standardma\u00dfe liegen meist bei ca. 140\u2013160 \u00d7 20\u201330 \u00d7 70\u201390 cm. Empfehlenswert ist eine doppelte Wellpappe mit hoher Tragkraft, da einfache Kartons unter Punktbelastung (z. B. Achsen) eventuell versagen. Aber auch einwellige <a href=\"\/kartons-schachteln-container\/sonderformat-kartonagen\/flache-kartons\/fahrradkarton_OFF_DE_02427.html\" target=\"_blank\" rel=\"noopener\">Fahrradkartons<\/a> k\u00f6nnen eine kosteng\u00fcnstige Alternative sein, wenn Deckel und Boden durch zum Beispiel \u00fcberlappende Klappen f\u00fcr mehr Stabilit\u00e4t sorgen und wenn Teile, die zu punktueller Belastung des Kartons f\u00fchren k\u00f6nnen, mit Polstermaterial umwickelt und gesch\u00fctzt werden.<\/p>\n<h3><span class=\"ez-toc-section\" id=\"Reicht_ein_gebrauchter_Karton_oder_brauche_ich_Spezialkartons\"><\/span>Reicht ein gebrauchter Karton oder brauche ich Spezialkartons?<span class=\"ez-toc-section-end\"><\/span><\/h3>\n<div class=\"su-spacer\" style=\"height:30px\"><\/div>\n<p>Gebrauchte Kartons sind nur dann sinnvoll, wenn sie strukturell unbesch\u00e4digt und ausreichend stabil sind. F\u00fcr hochwertigen Versand oder l\u00e4ngere Transportketten sind spezialisierte Fahrradkartons die risiko\u00e4rmere Wahl, da sie h\u00f6here Druck- und Sto\u00dfbelastungen besser abfangen.<\/p>\n<h3><span class=\"ez-toc-section\" id=\"Wie_viel_Polstermaterial_ist_notwendig\"><\/span>Wie viel Polstermaterial ist notwendig?<span class=\"ez-toc-section-end\"><\/span><\/h3>\n<div class=\"su-spacer\" style=\"height:30px\"><\/div>\n<p>Nicht die Menge, sondern die gezielte Platzierung ist entscheidend: kritische Kontaktpunkte (Rahmen, Gabel, Schaltwerk) m\u00fcssen vollst\u00e4ndig entkoppelt sein. In der Praxis bedeutet das: mehrere Schutzschichten plus <a href=\"\/polster-fuellmaterialien_C25.html\" target=\"_blank\" rel=\"noopener\">Hohlraumf\u00fcllung<\/a>, sodass sich das Fahrrad im Karton nicht bewegen kann.<\/p>\n<h3><span class=\"ez-toc-section\" id=\"Kann_ich_ein_Fahrrad_ohne_Demontage_verpacken\"><\/span>Kann ich ein Fahrrad ohne Demontage verpacken?<span class=\"ez-toc-section-end\"><\/span><\/h3>\n<div class=\"su-spacer\" style=\"height:30px\"><\/div>\n<p>In der Praxis ist das nur eingeschr\u00e4nkt m\u00f6glich und f\u00fchrt meist zu \u00fcberdimensionierten Verpackungen mit erh\u00f6htem Transportrisiko. Mindestens Pedale, Lenker und h\u00e4ufig das Vorderrad sollten entfernt werden, um Stabilit\u00e4t und Schutz zu gew\u00e4hrleisten.<\/p>\n<h3><span class=\"ez-toc-section\" id=\"Wie_verpacke_ich_ein_E-Bike_Akku\"><\/span>Wie verpacke ich ein E-Bike (Akku!)?<span class=\"ez-toc-section-end\"><\/span><\/h3>\n<div class=\"su-spacer\" style=\"height:30px\"><\/div>\n<p>Der Akku eine e-Bikes ist ein <strong>Lithium-Ionen-Akku <\/strong>und gilt als <a href=\"\/verpackungsnews\/kennzeichnen-mit-gefahrgutetiketten\" target=\"_blank\" rel=\"noopener\">Gefahrgut<\/a> der Klasse 9. Er unterliegt damit den ADR-Vorschriften f\u00fcr den Stra\u00dfentransport bzw. den IATA-Vorschriften f\u00fcr den Lufttransport. Dazu geh\u00f6rt zwingend die Kennzeichnung mit einem <a href=\"\/dokumententaschen-etiketten-kennzeichnung\/transport-versandkennzeichnung\/hinweis-warnetiketten\/gefahrenetiketten_PDT02445.html\" target=\"_blank\" rel=\"noopener\">Gefahrenetikett<\/a>. Zus\u00e4tzlich erh\u00f6ht das Gewicht eines Akkus die Anforderungen an Kartonstabilit\u00e4t und Polsterung signifikant.<\/p>\n<h3><span class=\"ez-toc-section\" id=\"Fahrrad_verpacken_%E2%80%93_wie_viel_Zeit_muss_ich_einplanen\"><\/span><strong data-start=\"2592\" data-end=\"2627\">Fahrrad verpacken &#8211; wie viel Zeit muss ich einplanen?<\/strong><span class=\"ez-toc-section-end\"><\/span><\/h3>\n<div class=\"su-spacer\" style=\"height:30px\"><\/div><br data-start=\"2627\" data-end=\"2630\" \/>Mit Erfahrung liegt der Zeitaufwand bei etwa 20\u201330 Minuten, inklusive Demontage und Sicherung. Ohne Routine sollte man eher 45\u201360 Minuten einplanen, um Fehler und damit verbundene Sch\u00e4den zu vermeiden.<\/p>\n<p>&nbsp;<\/p>\n<h2><span class=\"ez-toc-section\" id=\"Fahrrad_verpackt_So_koennen_Sie_Ihr_Fahrrad_versenden\"><\/span>Fahrrad verpackt? So k\u00f6nnen Sie Ihr <a href=\"\/verpackungsnews\/fahrrad-versenden\" target=\"_blank\" rel=\"noopener\">Fahrrad versenden<\/a>!<span class=\"ez-toc-section-end\"><\/span><\/h2>\n<h2><span class=\"ez-toc-section\" id=\"Top_10_der_beliebtesten_Fahrradwege\"><\/span>Top 10 der beliebtesten Fahrradwege<span class=\"ez-toc-section-end\"><\/span><\/h2>\n<div class=\"su-spacer\" style=\"height:30px\"><\/div>\nDas Fahrrad ist sicher verpackt, das Transportmittel gew\u00e4hlt \u2013 was fehlt, sind noch ein paar Tipps f\u00fcr ereignisreiche Ausfahrten am Urlaubsort. Platz eins in der Beliebtheitsskala nimmt der <a href=\"https:\/\/www.weserradweg-info.de\/de\/\" target=\"_blank\" rel=\"noopener\">Weser-Radweg<\/a> ein. 520 Kilometer ist dieser lang, f\u00fchrt durch vier Bundesl\u00e4nder vom Weserbergland bis zur Nordsee. Die Top 10 der Radwege ermittelt Jahr f\u00fcr Jahr der ADFC. Der verteilt auch Sterne f\u00fcr die jeweiligen Fahrradwege und zeichnete unter anderem <a href=\"https:\/\/pages.destination.one\/de\/seenland-oderspree\/default\/detail\/Tour\/DAMASTour_79645\/oder-spree-tour\" target=\"_blank\" rel=\"noopener\">Seenland Oder-Spree<\/a>, <a href=\"https:\/\/www.adfc-radtourismus.de\/radrevierruhr\/\" target=\"_blank\" rel=\"noopener\">Radrevier.Ruhr<\/a> und <a href=\"https:\/\/www.adfc-radtourismus.de\/chiemsee-chiemgau\/\" target=\"_blank\" rel=\"noopener\">Chiemsee-Chiemgau<\/a> als Rad-Reise-Regionen aus.<br \/>\n<div class=\"su-spacer\" style=\"height:30px\"><\/div>\n<div class=\"su-custom-gallery su-custom-gallery-align-left su-custom-gallery-title-never\"><div class=\"su-custom-gallery-slide\" style=\"width:708px;height:702px\"><a><img loading=\"lazy\" decoding=\"async\" src=\"https:\/\/www.rajapack.de\/verpackungsnews\/wp-content\/uploads\/2020\/08\/What-to-oack-for-bike-holiday-708x702.jpg\" alt=\"What-to-pack-for-bike-holiday\" width=\"708\" height=\"702\" \/><span class=\"su-custom-gallery-title\">What-to-pack-for-bike-holiday<\/span><\/a><\/div><div class=\"su-clear\"><\/div><\/div>\n<p>&nbsp;<\/p>\n","protected":false},"excerpt":{"rendered":"<p>Die Deutschen und ihr Fahrrad: Im Jahr 2023 ist der Bestand an Fahrr\u00e4dern in Deutschland erneut um 4 Millionen gestiegen und ist mit rund 84 Millionen so hoch wie nie [&#8230;]<\/p>\n","protected":false},"author":24,"featured_media":24788,"comment_status":"open","ping_status":"closed","sticky":false,"template":"","format":"standard","meta":{"_acf_changed":false,"footnotes":""},"categories":[20],"tags":[776,725],"class_list":["post-17162","post","type-post","status-publish","format-standard","has-post-thumbnail","hentry","category-know-how","tag-schuetzen","tag-versenden"],"acf":[],"yoast_head":"<!-- This site is optimized with the Yoast SEO plugin v23.0 - https:\/\/yoast.com\/wordpress\/plugins\/seo\/ -->\n<title>Wie verpacke ich mein Fahrrad sicher?<\/title>\n<meta name=\"description\" content=\"Urlaub mit dem Fahrrad erfreut sich wachsender Beliebtheit. Doch wie das Fahrrad verpacken damit es sicher transportiert werden kann.\" \/>\n<meta name=\"robots\" content=\"index, follow, max-snippet:-1, max-image-preview:large, max-video-preview:-1\" \/>\n<link rel=\"canonical\" href=\"https:\/\/www.rajapack.de\/verpackungsnews\/wie-verpacke-ich-mein-fahrrad\" \/>\n<meta property=\"og:locale\" content=\"de_DE\" \/>\n<meta property=\"og:type\" content=\"article\" \/>\n<meta property=\"og:title\" content=\"Wie verpacke ich mein Fahrrad sicher?\" \/>\n<meta property=\"og:description\" content=\"Urlaub mit dem Fahrrad erfreut sich wachsender Beliebtheit. Doch wie das Fahrrad verpacken damit es sicher transportiert werden kann.\" \/>\n<meta property=\"og:url\" content=\"https:\/\/www.rajapack.de\/verpackungsnews\/wie-verpacke-ich-mein-fahrrad\" \/>\n<meta property=\"og:site_name\" content=\"RAJAPACK Blog DE\" \/>\n<meta property=\"article:published_time\" content=\"2024-05-07T07:56:15+00:00\" \/>\n<meta property=\"article:modified_time\" content=\"2026-04-15T08:32:48+00:00\" \/>\n<meta name=\"author\" content=\"RAJAPACK\" \/>\n<meta name=\"twitter:card\" content=\"summary_large_image\" \/>\n<meta name=\"twitter:image\" content=\"https:\/\/www.rajapack.de\/verpackungsnews\/wp-content\/uploads\/2020\/08\/Fahrrad-verpacken.jpg\" \/>\n<meta name=\"twitter:label1\" content=\"Verfasst von\" \/>\n\t<meta name=\"twitter:data1\" content=\"RAJAPACK\" \/>\n\t<meta name=\"twitter:label2\" content=\"Gesch\u00e4tzte Lesezeit\" \/>\n\t<meta name=\"twitter:data2\" content=\"14 Minuten\" \/>\n<script type=\"application\/ld+json\" class=\"yoast-schema-graph\">{\n\t    \"@context\": \"https:\/\/schema.org\",\n\t    \"@graph\": [\n\t        {\n\t            \"@type\": \"WebPage\",\n\t            \"@id\": \"https:\/\/www.rajapack.de\/verpackungsnews\/wie-verpacke-ich-mein-fahrrad\",\n\t            \"url\": \"https:\/\/www.rajapack.de\/verpackungsnews\/wie-verpacke-ich-mein-fahrrad\",\n\t            \"name\": \"Wie verpacke ich mein Fahrrad sicher?\",\n\t            \"isPartOf\": {\n\t                \"@id\": \"https:\/\/www.rajapack.de\/verpackungsnews\/#website\"\n\t            },\n\t            \"primaryImageOfPage\": {\n\t                \"@id\": \"https:\/\/www.rajapack.de\/verpackungsnews\/wie-verpacke-ich-mein-fahrrad#primaryimage\"\n\t            },\n\t            \"image\": {\n\t                \"@id\": \"https:\/\/www.rajapack.de\/verpackungsnews\/wie-verpacke-ich-mein-fahrrad#primaryimage\"\n\t            },\n\t            \"thumbnailUrl\": \"https:\/\/www.rajapack.de\/verpackungsnews\/wp-content\/uploads\/2020\/08\/Fahrrad-verpacken.jpg\",\n\t            \"datePublished\": \"2024-05-07T07:56:15+00:00\",\n\t            \"dateModified\": \"2026-04-15T08:32:48+00:00\",\n\t            \"author\": {\n\t                \"@id\": \"https:\/\/www.rajapack.de\/verpackungsnews\/#\/schema\/person\/c6abd9a6a6c07cf31072cda42444cbec\"\n\t            },\n\t            \"description\": \"Urlaub mit dem Fahrrad erfreut sich wachsender Beliebtheit. Doch wie das Fahrrad verpacken damit es sicher transportiert werden kann.\",\n\t            \"inLanguage\": \"de-DE\",\n\t            \"potentialAction\": [\n\t                {\n\t                    \"@type\": \"ReadAction\",\n\t                    \"target\": [\n\t                        \"https:\/\/www.rajapack.de\/verpackungsnews\/wie-verpacke-ich-mein-fahrrad\"\n\t                    ]\n\t                }\n\t            ]\n\t        },\n\t        {\n\t            \"@type\": \"ImageObject\",\n\t            \"inLanguage\": \"de-DE\",\n\t            \"@id\": \"https:\/\/www.rajapack.de\/verpackungsnews\/wie-verpacke-ich-mein-fahrrad#primaryimage\",\n\t            \"url\": \"https:\/\/www.rajapack.de\/verpackungsnews\/wp-content\/uploads\/2020\/08\/Fahrrad-verpacken.jpg\",\n\t            \"contentUrl\": \"https:\/\/www.rajapack.de\/verpackungsnews\/wp-content\/uploads\/2020\/08\/Fahrrad-verpacken.jpg\",\n\t            \"width\": 810,\n\t            \"height\": 420,\n\t            \"caption\": \"Fahrrad verpackt\"\n\t        },\n\t        {\n\t            \"@type\": \"WebSite\",\n\t            \"@id\": \"https:\/\/www.rajapack.de\/verpackungsnews\/#website\",\n\t            \"url\": \"https:\/\/www.rajapack.de\/verpackungsnews\/\",\n\t            \"name\": \"RAJAPACK Blog DE\",\n\t            \"description\": \"Verpackungsnews vom Experten\",\n\t            \"potentialAction\": [\n\t                {\n\t                    \"@type\": \"SearchAction\",\n\t                    \"target\": {\n\t                        \"@type\": \"EntryPoint\",\n\t                        \"urlTemplate\": \"https:\/\/www.rajapack.de\/verpackungsnews\/?s={search_term_string}\"\n\t                    },\n\t                    \"query-input\": \"required name=search_term_string\"\n\t                }\n\t            ],\n\t            \"inLanguage\": \"de-DE\"\n\t        },\n\t        {\n\t            \"@type\": \"Person\",\n\t            \"@id\": \"https:\/\/www.rajapack.de\/verpackungsnews\/#\/schema\/person\/c6abd9a6a6c07cf31072cda42444cbec\",\n\t            \"name\": \"RAJAPACK\",\n\t            \"image\": {\n\t                \"@type\": \"ImageObject\",\n\t                \"inLanguage\": \"de-DE\",\n\t                \"@id\": \"https:\/\/www.rajapack.de\/verpackungsnews\/#\/schema\/person\/image\/\",\n\t                \"url\": \"https:\/\/secure.gravatar.com\/avatar\/4c95834f3b6420b1fbe980903e066e22?s=96&d=mm&r=g\",\n\t                \"contentUrl\": \"https:\/\/secure.gravatar.com\/avatar\/4c95834f3b6420b1fbe980903e066e22?s=96&d=mm&r=g\",\n\t                \"caption\": \"RAJAPACK\"\n\t            },\n\t            \"url\": \"https:\/\/www.rajapack.de\/verpackungsnews\/author\/rajapack\"\n\t        }\n\t    ]\n\t}<\/script>\n<!-- \/ Yoast SEO plugin. -->","yoast_head_json":{"title":"Wie verpacke ich mein Fahrrad sicher?","description":"Urlaub mit dem Fahrrad erfreut sich wachsender Beliebtheit. Doch wie das Fahrrad verpacken damit es sicher transportiert werden kann.","robots":{"index":"index","follow":"follow","max-snippet":"max-snippet:-1","max-image-preview":"max-image-preview:large","max-video-preview":"max-video-preview:-1"},"canonical":"https:\/\/www.rajapack.de\/verpackungsnews\/wie-verpacke-ich-mein-fahrrad","og_locale":"de_DE","og_type":"article","og_title":"Wie verpacke ich mein Fahrrad sicher?","og_description":"Urlaub mit dem Fahrrad erfreut sich wachsender Beliebtheit. Doch wie das Fahrrad verpacken damit es sicher transportiert werden kann.","og_url":"https:\/\/www.rajapack.de\/verpackungsnews\/wie-verpacke-ich-mein-fahrrad","og_site_name":"RAJAPACK Blog DE","article_published_time":"2024-05-07T07:56:15+00:00","article_modified_time":"2026-04-15T08:32:48+00:00","author":"RAJAPACK","twitter_card":"summary_large_image","twitter_image":"https:\/\/www.rajapack.de\/verpackungsnews\/wp-content\/uploads\/2020\/08\/Fahrrad-verpacken.jpg","twitter_misc":{"Verfasst von":"RAJAPACK","Gesch\u00e4tzte Lesezeit":"14 Minuten"},"schema":{"@context":"https:\/\/schema.org","@graph":[{"@type":"WebPage","@id":"https:\/\/www.rajapack.de\/verpackungsnews\/wie-verpacke-ich-mein-fahrrad","url":"https:\/\/www.rajapack.de\/verpackungsnews\/wie-verpacke-ich-mein-fahrrad","name":"Wie verpacke ich mein Fahrrad sicher?","isPartOf":{"@id":"https:\/\/www.rajapack.de\/verpackungsnews\/#website"},"primaryImageOfPage":{"@id":"https:\/\/www.rajapack.de\/verpackungsnews\/wie-verpacke-ich-mein-fahrrad#primaryimage"},"image":{"@id":"https:\/\/www.rajapack.de\/verpackungsnews\/wie-verpacke-ich-mein-fahrrad#primaryimage"},"thumbnailUrl":"https:\/\/www.rajapack.de\/verpackungsnews\/wp-content\/uploads\/2020\/08\/Fahrrad-verpacken.jpg","datePublished":"2024-05-07T07:56:15+00:00","dateModified":"2026-04-15T08:32:48+00:00","author":{"@id":"https:\/\/www.rajapack.de\/verpackungsnews\/#\/schema\/person\/c6abd9a6a6c07cf31072cda42444cbec"},"description":"Urlaub mit dem Fahrrad erfreut sich wachsender Beliebtheit. Doch wie das Fahrrad verpacken damit es sicher transportiert werden kann.","inLanguage":"de-DE","potentialAction":[{"@type":"ReadAction","target":["https:\/\/www.rajapack.de\/verpackungsnews\/wie-verpacke-ich-mein-fahrrad"]}]},{"@type":"ImageObject","inLanguage":"de-DE","@id":"https:\/\/www.rajapack.de\/verpackungsnews\/wie-verpacke-ich-mein-fahrrad#primaryimage","url":"https:\/\/www.rajapack.de\/verpackungsnews\/wp-content\/uploads\/2020\/08\/Fahrrad-verpacken.jpg","contentUrl":"https:\/\/www.rajapack.de\/verpackungsnews\/wp-content\/uploads\/2020\/08\/Fahrrad-verpacken.jpg","width":810,"height":420,"caption":"Fahrrad verpackt"},{"@type":"WebSite","@id":"https:\/\/www.rajapack.de\/verpackungsnews\/#website","url":"https:\/\/www.rajapack.de\/verpackungsnews\/","name":"RAJAPACK Blog DE","description":"Verpackungsnews vom Experten","potentialAction":[{"@type":"SearchAction","target":{"@type":"EntryPoint","urlTemplate":"https:\/\/www.rajapack.de\/verpackungsnews\/?s={search_term_string}"},"query-input":"required name=search_term_string"}],"inLanguage":"de-DE"},{"@type":"Person","@id":"https:\/\/www.rajapack.de\/verpackungsnews\/#\/schema\/person\/c6abd9a6a6c07cf31072cda42444cbec","name":"RAJAPACK","image":{"@type":"ImageObject","inLanguage":"de-DE","@id":"https:\/\/www.rajapack.de\/verpackungsnews\/#\/schema\/person\/image\/","url":"https:\/\/secure.gravatar.com\/avatar\/4c95834f3b6420b1fbe980903e066e22?s=96&d=mm&r=g","contentUrl":"https:\/\/secure.gravatar.com\/avatar\/4c95834f3b6420b1fbe980903e066e22?s=96&d=mm&r=g","caption":"RAJAPACK"},"url":"https:\/\/www.rajapack.de\/verpackungsnews\/author\/rajapack"}]}},"_links":{"self":[{"href":"https:\/\/www.rajapack.de\/verpackungsnews\/wp-json\/wp\/v2\/posts\/17162"}],"collection":[{"href":"https:\/\/www.rajapack.de\/verpackungsnews\/wp-json\/wp\/v2\/posts"}],"about":[{"href":"https:\/\/www.rajapack.de\/verpackungsnews\/wp-json\/wp\/v2\/types\/post"}],"author":[{"embeddable":true,"href":"https:\/\/www.rajapack.de\/verpackungsnews\/wp-json\/wp\/v2\/users\/24"}],"replies":[{"embeddable":true,"href":"https:\/\/www.rajapack.de\/verpackungsnews\/wp-json\/wp\/v2\/comments?post=17162"}],"version-history":[{"count":7,"href":"https:\/\/www.rajapack.de\/verpackungsnews\/wp-json\/wp\/v2\/posts\/17162\/revisions"}],"predecessor-version":[{"id":33594,"href":"https:\/\/www.rajapack.de\/verpackungsnews\/wp-json\/wp\/v2\/posts\/17162\/revisions\/33594"}],"wp:featuredmedia":[{"embeddable":true,"href":"https:\/\/www.rajapack.de\/verpackungsnews\/wp-json\/wp\/v2\/media\/24788"}],"wp:attachment":[{"href":"https:\/\/www.rajapack.de\/verpackungsnews\/wp-json\/wp\/v2\/media?parent=17162"}],"wp:term":[{"taxonomy":"category","embeddable":true,"href":"https:\/\/www.rajapack.de\/verpackungsnews\/wp-json\/wp\/v2\/categories?post=17162"},{"taxonomy":"post_tag","embeddable":true,"href":"https:\/\/www.rajapack.de\/verpackungsnews\/wp-json\/wp\/v2\/tags?post=17162"}],"curies":[{"name":"wp","href":"https:\/\/api.w.org\/{rel}","templated":true}]}}