{"id":15611,"date":"2018-07-17T08:53:56","date_gmt":"2018-07-17T06:53:56","guid":{"rendered":"https:\/\/mdc-pvwrp10-de-test.raja-group.com\/verpackungsnews\/?p=15611"},"modified":"2025-08-20T10:41:29","modified_gmt":"2025-08-20T08:41:29","slug":"regalsicherheit","status":"publish","type":"post","link":"https:\/\/www.rajapack.de\/verpackungsnews\/regalsicherheit","title":{"rendered":"Regalpr\u00fcfung f\u00fcr die Regalsicherheit"},"content":{"rendered":"<h5>So ein Lager ist ein eigener Mikrokosmos. Ein Umschlagsplatz f\u00fcr Ware, ein vermeintliches Durcheinander, in dem doch alles seinen exakten Platz hat. Egal ob Warenlager, Materiallager, Werkstattlager, Zwischenlager, Versandlager, Rohstofflager, Verkaufslager oder Fertigwarenlager, unabh\u00e4ngig ob B\u00e4ckereibetrieb, Versandhandel oder G\u00e4rtnerei \u2013 gelagert wird auf Regalen und diese m\u00fcssen in regelm\u00e4\u00dfigen Abst\u00e4nden gepr\u00fcft werden<\/h5>\n<div class=\"su-spacer\" style=\"height:20px\"><\/div><div class=\"su-divider su-divider-style-default\" style=\"margin:15px 0;border-width:3px;border-color:#999999\"><\/div><div class=\"su-spacer\" style=\"height:20px\"><\/div>\n<div class=\"su-button-center\"><a href=\"\/lagerung-handling\/regale_C5050.html\" class=\"su-button su-button-style-default\" style=\"color:#FFFFFF;background-color:#276EF1;border-color:#2058c1;border-radius:34px\" target=\"_blank\" rel=\"noopener noreferrer\"><span style=\"color:#FFFFFF;padding:6px 18px;font-size:14px;line-height:21px;border-color:#689af6;border-radius:34px;text-shadow:none\"><i class=\"sui sui-shopping-cart\" style=\"font-size:14px;color:#ffffff\"><\/i> Sie ben\u00f6tigen Regale? Hier geht&#8217;s zum Shop<\/span><\/a><\/div>\n<div class=\"su-spacer\" style=\"height:20px\"><\/div><div class=\"su-divider su-divider-style-default\" style=\"margin:15px 0;border-width:3px;border-color:#999999\"><\/div><div class=\"su-spacer\" style=\"height:20px\"><\/div>\n<div id=\"ez-toc-container\" class=\"ez-toc-v2_0_67_1 counter-hierarchy ez-toc-counter ez-toc-grey ez-toc-container-direction\">\n<div class=\"ez-toc-title-container\">\n<p class=\"ez-toc-title \" >Direkt zu diesen Themen:<\/p>\n<span class=\"ez-toc-title-toggle\"><a href=\"#\" class=\"ez-toc-pull-right ez-toc-btn ez-toc-btn-xs ez-toc-btn-default ez-toc-toggle\" aria-label=\"Toggle Table of Content\"><span class=\"ez-toc-js-icon-con\"><span class=\"\"><span class=\"eztoc-hide\" style=\"display:none;\">Toggle<\/span><span class=\"ez-toc-icon-toggle-span\"><svg style=\"fill: #999;color:#999\" xmlns=\"http:\/\/www.w3.org\/2000\/svg\" class=\"list-377408\" width=\"20px\" height=\"20px\" viewBox=\"0 0 24 24\" fill=\"none\"><path d=\"M6 6H4v2h2V6zm14 0H8v2h12V6zM4 11h2v2H4v-2zm16 0H8v2h12v-2zM4 16h2v2H4v-2zm16 0H8v2h12v-2z\" fill=\"currentColor\"><\/path><\/svg><svg style=\"fill: #999;color:#999\" class=\"arrow-unsorted-368013\" xmlns=\"http:\/\/www.w3.org\/2000\/svg\" width=\"10px\" height=\"10px\" viewBox=\"0 0 24 24\" version=\"1.2\" baseProfile=\"tiny\"><path d=\"M18.2 9.3l-6.2-6.3-6.2 6.3c-.2.2-.3.4-.3.7s.1.5.3.7c.2.2.4.3.7.3h11c.3 0 .5-.1.7-.3.2-.2.3-.5.3-.7s-.1-.5-.3-.7zM5.8 14.7l6.2 6.3 6.2-6.3c.2-.2.3-.5.3-.7s-.1-.5-.3-.7c-.2-.2-.4-.3-.7-.3h-11c-.3 0-.5.1-.7.3-.2.2-.3.5-.3.7s.1.5.3.7z\"\/><\/svg><\/span><\/span><\/span><\/a><\/span><\/div>\n<nav><ul class='ez-toc-list ez-toc-list-level-1 ' ><li class='ez-toc-page-1 ez-toc-heading-level-2'><a class=\"ez-toc-link ez-toc-heading-1\" href=\"https:\/\/www.rajapack.de\/verpackungsnews\/regalsicherheit\/#Regal_%E2%80%93_egal\" title=\"Regal \u2013 egal?\">Regal \u2013 egal?<\/a><\/li><li class='ez-toc-page-1 ez-toc-heading-level-2'><a class=\"ez-toc-link ez-toc-heading-2\" href=\"https:\/\/www.rajapack.de\/verpackungsnews\/regalsicherheit\/#Welches_Regal_muss_geprueft_werden\" title=\"Welches Regal muss gepr\u00fcft werden?\">Welches Regal muss gepr\u00fcft werden?<\/a><\/li><li class='ez-toc-page-1 ez-toc-heading-level-2'><a class=\"ez-toc-link ez-toc-heading-3\" href=\"https:\/\/www.rajapack.de\/verpackungsnews\/regalsicherheit\/#Warum_ist_die_Regalpruefung_wichtig\" title=\"Warum ist die Regalpr\u00fcfung wichtig?\">Warum ist die Regalpr\u00fcfung wichtig?<\/a><\/li><li class='ez-toc-page-1 ez-toc-heading-level-2'><a class=\"ez-toc-link ez-toc-heading-4\" href=\"https:\/\/www.rajapack.de\/verpackungsnews\/regalsicherheit\/#Wer_darf_pruefen\" title=\"Wer darf pr\u00fcfen?\">Wer darf pr\u00fcfen?<\/a><\/li><li class='ez-toc-page-1 ez-toc-heading-level-2'><a class=\"ez-toc-link ez-toc-heading-5\" href=\"https:\/\/www.rajapack.de\/verpackungsnews\/regalsicherheit\/#Was_prueft_der_Regalpruefer\" title=\"Was pr\u00fcft der Regalpr\u00fcfer?\">Was pr\u00fcft der Regalpr\u00fcfer?<\/a><ul class='ez-toc-list-level-3' ><li class='ez-toc-heading-level-3'><a class=\"ez-toc-link ez-toc-heading-6\" href=\"https:\/\/www.rajapack.de\/verpackungsnews\/regalsicherheit\/#Fachlast_Feldlast\" title=\"Fachlast &amp; Feldlast\">Fachlast &amp; Feldlast<\/a><\/li><li class='ez-toc-page-1 ez-toc-heading-level-3'><a class=\"ez-toc-link ez-toc-heading-7\" href=\"https:\/\/www.rajapack.de\/verpackungsnews\/regalsicherheit\/#Grund-_Anbauregal\" title=\"Grund- &amp; Anbauregal\">Grund- &amp; Anbauregal<\/a><\/li><li class='ez-toc-page-1 ez-toc-heading-level-3'><a class=\"ez-toc-link ez-toc-heading-8\" href=\"https:\/\/www.rajapack.de\/verpackungsnews\/regalsicherheit\/#Kennzeichnung\" title=\"Kennzeichnung\">Kennzeichnung<\/a><\/li><\/ul><\/li><li class='ez-toc-page-1 ez-toc-heading-level-2'><a class=\"ez-toc-link ez-toc-heading-9\" href=\"https:\/\/www.rajapack.de\/verpackungsnews\/regalsicherheit\/#Kennzeichnung_der_Regale\" title=\"Kennzeichnung der Regale\">Kennzeichnung der Regale<\/a><\/li><li class='ez-toc-page-1 ez-toc-heading-level-2'><a class=\"ez-toc-link ez-toc-heading-10\" href=\"https:\/\/www.rajapack.de\/verpackungsnews\/regalsicherheit\/#Warum_wird_jaehrlich_geprueft\" title=\"Warum wird j\u00e4hrlich gepr\u00fcft?\">Warum wird j\u00e4hrlich gepr\u00fcft?<\/a><\/li><\/ul><\/nav><\/div>\n<h2><span class=\"ez-toc-section\" id=\"Regal_%E2%80%93_egal\"><\/span>Regal \u2013 egal?<span class=\"ez-toc-section-end\"><\/span><\/h2>\n<div class=\"su-spacer\" style=\"height:20px\"><\/div>\n<p>Eben nicht! Dass die Auswahl des richtigen\u00a0<a href=\"\/lagerung-handling\/regale\/weitspann-grossfachregale\/weitspannregal-epsivol-modulares-regalsystem_OFF_DE_01494.html\" target=\"_blank\" rel=\"noopener\">Regalsystems<\/a>\u00a0oder\u00a0<a href=\"\/lagerung-handling\/regale_C5050.html\" target=\"_blank\" rel=\"noopener\">Steckregals<\/a>\u00a0f\u00fcr den reibungslosen Arbeitsablauf essentiell ist, ist klar. Nur wenn ich die Lagerfl\u00e4che optimal ausnutze und die n\u00f6tigen Arbeitsmittel mit m\u00f6glichst wenigen Handgriffen parat habe, kann ich effektiv arbeiten.<\/p>\n<p>Aber nicht nur die Auswahl, sondern auch die sachgerechte Bedienung und Wartung eines Regals sollte Augenmerk gelegt werden. Denn:<\/p>\n<div class=\"su-spacer\" style=\"height:20px\"><\/div>\n<h2><span class=\"ez-toc-section\" id=\"Welches_Regal_muss_geprueft_werden\"><\/span>Welches Regal muss gepr\u00fcft werden?<span class=\"ez-toc-section-end\"><\/span><\/h2>\n<div class=\"su-spacer\" style=\"height:20px\"><\/div>\n<p>Gewerblich genutzte Regale sind Arbeitsmittel und unterliegen als solche gem\u00e4\u00df <a href=\"https:\/\/www.gesetze-im-internet.de\/betrsichv_2015\/__14.html\" target=\"_blank\" rel=\"noopener\">\u00a714 der Betriebssicherheitsverordnung (\u201ePr\u00fcfung der Arbeitsmittel\u201c)<\/a> der Pr\u00fcfpflicht. Was hei\u00dft das? Und f\u00fcr welche Regale gilt das?<\/p>\n<p>Der Betreiber des Lagers ist verantwortlich f\u00fcr die Sicherheit seiner Mitarbeiter. Er hat demnach einmal j\u00e4hrlich die Inspektion der\u00a0<a href=\"\/lagerung-handling\/regale_C5050.html\" target=\"_blank\" rel=\"noopener\">Lagerregale<\/a>\u00a0durchzuf\u00fchren bzw. durchf\u00fchren zu lassen.<\/p>\n<p><strong>Die Inspektionspflicht gilt f\u00fcr alle gewerblich genutzten Regale. Sie betrifft Fachbodenregale, Palettenregale, Kragarmregale, Durchlaufregale, Durchfahrregale, Einfahrregale und Mehrgeschosseinrichtungen.<\/strong><\/p>\n<div class=\"su-spacer\" style=\"height:20px\"><\/div>\n<h2><span class=\"ez-toc-section\" id=\"Warum_ist_die_Regalpruefung_wichtig\"><\/span>Warum ist die Regalpr\u00fcfung wichtig?<span class=\"ez-toc-section-end\"><\/span><\/h2>\n<div class=\"su-spacer\" style=\"height:20px\"><\/div>\n<p>T\u00e4glich ist die Lagereinrichtung hohen Belastungen ausgesetzt, was auf Dauer auch die leistungsst\u00e4rksten Industrieregale strapaziert. Ein besch\u00e4digtes Regalsystem kann zu Verletzungen des Personals oder Besch\u00e4digungen der Ware f\u00fchren. Pr\u00e4ventive Ma\u00dfnahmen k\u00f6nnen sich kostensenkend auswirken und Unf\u00e4lle vermeiden. Im Falle eines Schadens sind Sie zudem versicherungsrechtlich abgesichert.<\/p>\n<div class=\"su-spacer\" style=\"height:20px\"><\/div>\n<h2><span class=\"ez-toc-section\" id=\"Wer_darf_pruefen\"><\/span>Wer darf pr\u00fcfen?<span class=\"ez-toc-section-end\"><\/span><\/h2>\n<div class=\"su-spacer\" style=\"height:20px\"><\/div>\n<p>Die j\u00e4hrliche Inspektion muss durch gepr\u00fcfte Inspekteure durchgef\u00fchrt werden. Diese k\u00f6nnen entweder bei externen Anbietern in Auftrag gegeben werden oder von einer \u201ebef\u00e4higten Person\u201c durchgef\u00fchrt werden. Sie k\u00f6nnen also auch einen Mitarbeiter zum verbandgepr\u00fcften Regalinspekteur schulen lassen. Die notwendigen Kenntnisse werden vom Verband f\u00fcr Lagertechnik und Betriebseinrichtungen (LBE) in mehrt\u00e4gigen Schulungen vermittelt und sind durch das Bestehen einer Abschlusspr\u00fcfung nachzuweisen. Regelm\u00e4\u00dfige Nachschulungen sind Pflicht. Schulungen bietet zum Beispiel DEKRA oder die IHK.<\/p>\n<div class=\"su-spacer\" style=\"height:20px\"><\/div>\n<h2><span class=\"ez-toc-section\" id=\"Was_prueft_der_Regalpruefer\"><\/span>Was pr\u00fcft der Regalpr\u00fcfer?<span class=\"ez-toc-section-end\"><\/span><\/h2>\n<div class=\"su-spacer\" style=\"height:20px\"><\/div>\n<ul>\n<li>Sichtkontrolle auf Besch\u00e4digungen oder Verformungen nach den in der DIN\u00a0 EN\u00a0 15635 festgelegten Kriterien<\/li>\n<li>\u00dcberpr\u00fcfung auf unzul\u00e4ssige, \u00fcberlastete oder falsch eingesetzte Lasttr\u00e4ger<\/li>\n<li>Abgleich der Belastungsschilder mit der aufgebauten Regalanlage<\/li>\n<li>Erstellung eines Pr\u00fcfprotokolls und Vergabe der Inspektionsplakette<\/li>\n<\/ul>\n<p>F\u00fcr die vorgeschriebene Gef\u00e4hrdungsbeurteilung m\u00fcssen die Hersteller alle erforderlichen Informationen zur Verf\u00fcgung stellen. Nur so k\u00f6nnen Gefahren, die ohne entsprechende Hinweise nicht unmittelbar erkennbar sind, beurteilt werden.<\/p>\n<div class=\"su-spacer\" style=\"height:20px\"><\/div>\n<h3 class=\"bold\"><span class=\"ez-toc-section\" id=\"Fachlast_Feldlast\"><\/span>Fachlast &amp; Feldlast<span class=\"ez-toc-section-end\"><\/span><\/h3>\n<div class=\"su-custom-gallery su-custom-gallery-align-left su-custom-gallery-title-never\"><div class=\"su-custom-gallery-slide\" style=\"width:440px;height:250px\"><a><img loading=\"lazy\" decoding=\"async\" src=\"https:\/\/www.rajapack.de\/verpackungsnews\/wp-content\/uploads\/2018\/07\/rajapack-tb-dt-fachlast-440x250.jpg\" alt=\"rajapack-tb-dt-fachlast\" width=\"440\" height=\"250\" \/><span class=\"su-custom-gallery-title\">rajapack-tb-dt-fachlast<\/span><\/a><\/div><div class=\"su-clear\"><\/div><\/div>\n<p>Die\u00a0<b>Fachlast<\/b>\u00a0beschreibt die maximale Belastung eines Regalbodens bzw. einer -ebene bei gleichm\u00e4\u00dfiger Belastung des Regalbodens.<\/p>\n<p>Die\u00a0<b>Feldlast\u00a0<\/b>ist die maximale Belastung pro Regalfeld (also pro Grundregal oder pro Anbauregal), das Eigengewicht des Regals ist dabei nicht eingerechnet.<\/p>\n<div class=\"su-spacer\" style=\"height:20px\"><\/div>\n<h3 class=\"bold\"><span class=\"ez-toc-section\" id=\"Grund-_Anbauregal\"><\/span>Grund- &amp; Anbauregal<span class=\"ez-toc-section-end\"><\/span><\/h3>\n<div class=\"su-custom-gallery su-custom-gallery-align-left su-custom-gallery-title-never\"><div class=\"su-custom-gallery-slide\" style=\"width:440px;height:250px\"><a><img loading=\"lazy\" decoding=\"async\" src=\"https:\/\/www.rajapack.de\/verpackungsnews\/wp-content\/uploads\/2018\/07\/rajapack-tb-dt-grundregal-440x250.jpg\" alt=\"rajapack-tb-dt-grundregal\" width=\"440\" height=\"250\" \/><span class=\"su-custom-gallery-title\">rajapack-tb-dt-grundregal<\/span><\/a><\/div><div class=\"su-clear\"><\/div><\/div>\n<p>F\u00fcr einen Aufbau ist immer ein Grundregal erforderlich, welches nach Bedarf mit Anbauregalen erg\u00e4nzt werden kann. Bei mehreren Anbauregalen sollte das Grundregal mittig stehen.<\/p>\n<div class=\"su-spacer\" style=\"height:20px\"><\/div>\n<h3 class=\"bold\"><span class=\"ez-toc-section\" id=\"Kennzeichnung\"><\/span>Kennzeichnung<span class=\"ez-toc-section-end\"><\/span><\/h3>\n<div class=\"su-custom-gallery su-custom-gallery-align-left su-custom-gallery-title-never\"><div class=\"su-custom-gallery-slide\" style=\"width:440px;height:250px\"><a><img loading=\"lazy\" decoding=\"async\" src=\"https:\/\/www.rajapack.de\/verpackungsnews\/wp-content\/uploads\/2018\/07\/rajapack-tb-dt-belastungsschild-440x250.jpg\" alt=\"rajapack-tb-dt-belastungsschild\" width=\"440\" height=\"250\" \/><span class=\"su-custom-gallery-title\">rajapack-tb-dt-belastungsschild<\/span><\/a><\/div><div class=\"su-clear\"><\/div><\/div>\n<p>Bei einer Fachlast &gt; 200 kg und\/oder einer Feldlast &gt; 1000 kg Ihres Regalfeldes ist die Anbringung eines Belastungsschildes gesetzlich erforderlich<\/p>\n<div class=\"su-spacer\" style=\"height:20px\"><\/div>\n<h2><span class=\"ez-toc-section\" id=\"Kennzeichnung_der_Regale\"><\/span>Kennzeichnung der Regale<span class=\"ez-toc-section-end\"><\/span><\/h2>\n<div class=\"su-spacer\" style=\"height:20px\"><\/div>\n<p>Jedes Regal muss mit einem sogenannten Belastungsschild gekennzeichnet werden: Daraus geht hervor, mit wieviel Maximalgewicht der einzelne Fachboden und das Regalfeld belastet werden darf.<\/p>\n<p>Diese Etiketten werden vom Hersteller mitgeliefert- oder k\u00f6nnen dort ggf. nachgefordert werden.<\/p>\n<p>Nach der j\u00e4hrlichen Inspektion werden dann runde Pr\u00fcfplaketten (\u00e4hnlich den T\u00dcV-Aufklebern am Auto) aufgeklebt, die \u00fcber das Datum der letzten Pr\u00fcfung Aufschluss geben.<\/p>\n<div class=\"su-custom-gallery su-custom-gallery-align-left su-custom-gallery-title-never\"><div class=\"su-custom-gallery-slide\" style=\"width:540px;height:630px\"><a><img loading=\"lazy\" decoding=\"async\" src=\"https:\/\/www.rajapack.de\/verpackungsnews\/wp-content\/uploads\/2018\/07\/rajapack-tb-hoch-dt-belastungsschild-540x630.jpg\" alt=\"rajapack-tb-hoch-dt-belastungsschild\" width=\"540\" height=\"630\" \/><span class=\"su-custom-gallery-title\">rajapack-tb-hoch-dt-belastungsschild<\/span><\/a><\/div><div class=\"su-clear\"><\/div><\/div>\n<p>Um die Qualit\u00e4t f\u00fcr den Kunden nachweisbar zu machen, tragen viele (der in Deutschland gefertigten) Regale das\u00a0<b>RAL-RG 614<\/b>\u00a0G\u00fctezeichen, welches durch den Verband f\u00fcr Lager- und Betriebseinrichtung (LBE) vergeben wird. Hersteller, die das G\u00fctesiegel f\u00fchren, werden bei der Fertigung laufend durch ein neutrales Institut \u00fcberwacht, zum Beispiel durch das Materialpr\u00fcfungsamt Nordrhein-Westfalen (MPA-NRW), aus Dortmund. Die \u00dcberwachung erfolgt zweimal im Jahr, dabei werden u.a. Aufbau- und Bedienungsanleitungen sowie Werks- und Schwei\u00dferzeugnisse gepr\u00fcft sowie Materialproben entnommen und \u00fcberpr\u00fcft. Auch Regale die der FEM-Norm 10.2.02 entsprechen, werden durch die FEM (franz.:\u00a0<b>F<\/b>\u00e9d\u00e9ration<b>\u00a0E<\/b>urop\u00e9enne de la<b>\u00a0M<\/b>anutention; engl.: European Federation of Materials Handling and Storage Equipment: dt.: Europ\u00e4ische Vereinigung der F\u00f6rder- und Lagertechnik) nach solchen strengen Regeln gepr\u00fcft.<\/p>\n<div class=\"su-custom-gallery su-custom-gallery-align-left su-custom-gallery-title-never\"><div class=\"su-custom-gallery-slide\" style=\"width:300px;height:300px\"><a><img loading=\"lazy\" decoding=\"async\" src=\"https:\/\/www.rajapack.de\/verpackungsnews\/wp-content\/uploads\/2018\/07\/RAL-Guetezeichen-300x300.png\" alt=\"RAL-G\u00fctezeichen\" width=\"300\" height=\"300\" \/><span class=\"su-custom-gallery-title\">RAL-G\u00fctezeichen<\/span><\/a><\/div><div class=\"su-clear\"><\/div><\/div>\n<div class=\"su-spacer\" style=\"height:20px\"><\/div>\n<h2><span class=\"ez-toc-section\" id=\"Warum_wird_jaehrlich_geprueft\"><\/span>Warum wird j\u00e4hrlich gepr\u00fcft?<span class=\"ez-toc-section-end\"><\/span><\/h2>\n<div class=\"su-spacer\" style=\"height:20px\"><\/div>\n<p>Das liegt eigentlich auf der Hand: In einem Lager gibt es ordentlich Bewegung. Beim Be- und Entladen kann es zu Besch\u00e4digungen kommen, sei es durch die Missachtung der maximalen Fachlast oder durch Unachtsamkeiten beim Befahren mit Hubwagen und Co. M\u00f6gliche M\u00e4ngel sind Sicherheitsrisiken, die unbedingt durch die Inspektion aufgedeckt und Behoben werden m\u00fcssen.<\/p>\n<div class=\"su-spacer\" style=\"height:20px\"><\/div>\n<div class=\"su-box su-box-style-default\" id=\"\" style=\"border-color:#3482bb;border-radius:3px\"><div class=\"su-box-title\" style=\"background-color:#67b5ee;color:#FFFFFF;border-top-left-radius:1px;border-top-right-radius:1px\">Nochmal zusammengefasst: Was also muss ich als Regalbetreiber konkret tun?<\/div><div class=\"su-box-content su-u-clearfix su-u-trim\" style=\"border-bottom-left-radius:1px;border-bottom-right-radius:1px\">\n<ul>\n<li>Die Regale m\u00fcssen mit Belastungsetiketten (gibt\u2019s beim Hersteller, die n\u00f6tigen Infos wie max. Fachlast etc. ebenfalls) versehen werden<\/li>\n<li>Die Regale m\u00fcssen gem\u00e4\u00df den Herstellerangaben genutzt werden (keine \u00dcberladung oder stark ungleiche Belastungen)<\/li>\n<li>Die Regale m\u00fcssen einer regelm\u00e4\u00dfigen Sichtkontrolle unterzogen werden (je nach Beanspruchung w\u00f6chentlich oder monatlich). J\u00e4hrlich muss eine stattfinden, am einfachsten durch einen externen Anbieter.<\/div><\/div><\/li>\n<\/ul>\n","protected":false},"excerpt":{"rendered":"<p>So ein Lager ist ein eigener Mikrokosmos. Ein Umschlagsplatz f\u00fcr Ware, ein vermeintliches Durcheinander, in dem doch alles seinen exakten Platz hat. Egal ob Warenlager, Materiallager, Werkstattlager, Zwischenlager, Versandlager, Rohstofflager, [&#8230;]<\/p>\n","protected":false},"author":24,"featured_media":26573,"comment_status":"open","ping_status":"closed","sticky":false,"template":"","format":"standard","meta":{"_acf_changed":false,"footnotes":""},"categories":[20],"tags":[49,262],"class_list":["post-15611","post","type-post","status-publish","format-standard","has-post-thumbnail","hentry","category-know-how","tag-arbeitsschutz","tag-lager"],"acf":[],"yoast_head":"<!-- This site is optimized with the Yoast SEO plugin v23.0 - https:\/\/yoast.com\/wordpress\/plugins\/seo\/ -->\n<title>Regalpr\u00fcfung f\u00fcr die Regalsicherheit<\/title>\n<meta name=\"description\" content=\"Die Regalpr\u00fcfung ist f\u00fcr die Regalsicherheit von gewerblich genutzten Regalen Pflicht laut Betriebssicherheitsverordnung. Was bedeutet das?\" \/>\n<meta name=\"robots\" content=\"index, follow, max-snippet:-1, max-image-preview:large, max-video-preview:-1\" \/>\n<link rel=\"canonical\" href=\"https:\/\/www.rajapack.de\/verpackungsnews\/regalsicherheit\" \/>\n<meta property=\"og:locale\" content=\"de_DE\" \/>\n<meta property=\"og:type\" content=\"article\" \/>\n<meta property=\"og:title\" content=\"Regalpr\u00fcfung f\u00fcr die Regalsicherheit\" \/>\n<meta property=\"og:description\" content=\"Die Regalpr\u00fcfung ist f\u00fcr die Regalsicherheit von gewerblich genutzten Regalen Pflicht laut Betriebssicherheitsverordnung. Was bedeutet das?\" \/>\n<meta property=\"og:url\" content=\"https:\/\/www.rajapack.de\/verpackungsnews\/regalsicherheit\" \/>\n<meta property=\"og:site_name\" content=\"RAJAPACK Blog DE\" \/>\n<meta property=\"article:published_time\" content=\"2018-07-17T06:53:56+00:00\" \/>\n<meta property=\"article:modified_time\" content=\"2025-08-20T08:41:29+00:00\" \/>\n<meta property=\"og:image\" content=\"https:\/\/www.rajapack.de\/verpackungsnews\/wp-content\/uploads\/2018\/07\/Blog-Titel-Regale.jpg\" \/>\n\t<meta property=\"og:image:width\" content=\"810\" \/>\n\t<meta property=\"og:image:height\" content=\"420\" \/>\n\t<meta property=\"og:image:type\" content=\"image\/jpeg\" \/>\n<meta name=\"author\" content=\"RAJAPACK\" \/>\n<meta name=\"twitter:card\" content=\"summary_large_image\" \/>\n<meta name=\"twitter:label1\" content=\"Verfasst von\" \/>\n\t<meta name=\"twitter:data1\" content=\"RAJAPACK\" \/>\n\t<meta name=\"twitter:label2\" content=\"Gesch\u00e4tzte Lesezeit\" \/>\n\t<meta name=\"twitter:data2\" content=\"5 Minuten\" \/>\n<script type=\"application\/ld+json\" class=\"yoast-schema-graph\">{\n\t    \"@context\": \"https:\/\/schema.org\",\n\t    \"@graph\": [\n\t        {\n\t            \"@type\": \"WebPage\",\n\t            \"@id\": \"https:\/\/www.rajapack.de\/verpackungsnews\/regalsicherheit\",\n\t            \"url\": \"https:\/\/www.rajapack.de\/verpackungsnews\/regalsicherheit\",\n\t            \"name\": \"Regalpr\u00fcfung f\u00fcr die Regalsicherheit\",\n\t            \"isPartOf\": {\n\t                \"@id\": \"https:\/\/www.rajapack.de\/verpackungsnews\/#website\"\n\t            },\n\t            \"primaryImageOfPage\": {\n\t                \"@id\": \"https:\/\/www.rajapack.de\/verpackungsnews\/regalsicherheit#primaryimage\"\n\t            },\n\t            \"image\": {\n\t                \"@id\": \"https:\/\/www.rajapack.de\/verpackungsnews\/regalsicherheit#primaryimage\"\n\t            },\n\t            \"thumbnailUrl\": \"https:\/\/www.rajapack.de\/verpackungsnews\/wp-content\/uploads\/2018\/07\/Blog-Titel-Regale.jpg\",\n\t            \"datePublished\": \"2018-07-17T06:53:56+00:00\",\n\t            \"dateModified\": \"2025-08-20T08:41:29+00:00\",\n\t            \"author\": {\n\t                \"@id\": \"https:\/\/www.rajapack.de\/verpackungsnews\/#\/schema\/person\/c6abd9a6a6c07cf31072cda42444cbec\"\n\t            },\n\t            \"description\": \"Die Regalpr\u00fcfung ist f\u00fcr die Regalsicherheit von gewerblich genutzten Regalen Pflicht laut Betriebssicherheitsverordnung. Was bedeutet das?\",\n\t            \"inLanguage\": \"de-DE\",\n\t            \"potentialAction\": [\n\t                {\n\t                    \"@type\": \"ReadAction\",\n\t                    \"target\": [\n\t                        \"https:\/\/www.rajapack.de\/verpackungsnews\/regalsicherheit\"\n\t                    ]\n\t                }\n\t            ]\n\t        },\n\t        {\n\t            \"@type\": \"ImageObject\",\n\t            \"inLanguage\": \"de-DE\",\n\t            \"@id\": \"https:\/\/www.rajapack.de\/verpackungsnews\/regalsicherheit#primaryimage\",\n\t            \"url\": \"https:\/\/www.rajapack.de\/verpackungsnews\/wp-content\/uploads\/2018\/07\/Blog-Titel-Regale.jpg\",\n\t            \"contentUrl\": \"https:\/\/www.rajapack.de\/verpackungsnews\/wp-content\/uploads\/2018\/07\/Blog-Titel-Regale.jpg\",\n\t            \"width\": 810,\n\t            \"height\": 420,\n\t            \"caption\": \"Regalpr\u00fcfung\"\n\t        },\n\t        {\n\t            \"@type\": \"WebSite\",\n\t            \"@id\": \"https:\/\/www.rajapack.de\/verpackungsnews\/#website\",\n\t            \"url\": \"https:\/\/www.rajapack.de\/verpackungsnews\/\",\n\t            \"name\": \"RAJAPACK Blog DE\",\n\t            \"description\": \"Verpackungsnews vom Experten\",\n\t            \"potentialAction\": [\n\t                {\n\t                    \"@type\": \"SearchAction\",\n\t                    \"target\": {\n\t                        \"@type\": \"EntryPoint\",\n\t                        \"urlTemplate\": \"https:\/\/www.rajapack.de\/verpackungsnews\/?s={search_term_string}\"\n\t                    },\n\t                    \"query-input\": \"required name=search_term_string\"\n\t                }\n\t            ],\n\t            \"inLanguage\": \"de-DE\"\n\t        },\n\t        {\n\t            \"@type\": \"Person\",\n\t            \"@id\": \"https:\/\/www.rajapack.de\/verpackungsnews\/#\/schema\/person\/c6abd9a6a6c07cf31072cda42444cbec\",\n\t            \"name\": \"RAJAPACK\",\n\t            \"image\": {\n\t                \"@type\": \"ImageObject\",\n\t                \"inLanguage\": \"de-DE\",\n\t                \"@id\": \"https:\/\/www.rajapack.de\/verpackungsnews\/#\/schema\/person\/image\/\",\n\t                \"url\": \"https:\/\/secure.gravatar.com\/avatar\/4c95834f3b6420b1fbe980903e066e22?s=96&d=mm&r=g\",\n\t                \"contentUrl\": \"https:\/\/secure.gravatar.com\/avatar\/4c95834f3b6420b1fbe980903e066e22?s=96&d=mm&r=g\",\n\t                \"caption\": \"RAJAPACK\"\n\t            },\n\t            \"url\": \"https:\/\/www.rajapack.de\/verpackungsnews\/author\/rajapack\"\n\t        }\n\t    ]\n\t}<\/script>\n<!-- \/ Yoast SEO plugin. -->","yoast_head_json":{"title":"Regalpr\u00fcfung f\u00fcr die Regalsicherheit","description":"Die Regalpr\u00fcfung ist f\u00fcr die Regalsicherheit von gewerblich genutzten Regalen Pflicht laut Betriebssicherheitsverordnung. Was bedeutet das?","robots":{"index":"index","follow":"follow","max-snippet":"max-snippet:-1","max-image-preview":"max-image-preview:large","max-video-preview":"max-video-preview:-1"},"canonical":"https:\/\/www.rajapack.de\/verpackungsnews\/regalsicherheit","og_locale":"de_DE","og_type":"article","og_title":"Regalpr\u00fcfung f\u00fcr die Regalsicherheit","og_description":"Die Regalpr\u00fcfung ist f\u00fcr die Regalsicherheit von gewerblich genutzten Regalen Pflicht laut Betriebssicherheitsverordnung. Was bedeutet das?","og_url":"https:\/\/www.rajapack.de\/verpackungsnews\/regalsicherheit","og_site_name":"RAJAPACK Blog DE","article_published_time":"2018-07-17T06:53:56+00:00","article_modified_time":"2025-08-20T08:41:29+00:00","og_image":[{"width":810,"height":420,"url":"https:\/\/www.rajapack.de\/verpackungsnews\/wp-content\/uploads\/2018\/07\/Blog-Titel-Regale.jpg","type":"image\/jpeg"}],"author":"RAJAPACK","twitter_card":"summary_large_image","twitter_misc":{"Verfasst von":"RAJAPACK","Gesch\u00e4tzte Lesezeit":"5 Minuten"},"schema":{"@context":"https:\/\/schema.org","@graph":[{"@type":"WebPage","@id":"https:\/\/www.rajapack.de\/verpackungsnews\/regalsicherheit","url":"https:\/\/www.rajapack.de\/verpackungsnews\/regalsicherheit","name":"Regalpr\u00fcfung f\u00fcr die Regalsicherheit","isPartOf":{"@id":"https:\/\/www.rajapack.de\/verpackungsnews\/#website"},"primaryImageOfPage":{"@id":"https:\/\/www.rajapack.de\/verpackungsnews\/regalsicherheit#primaryimage"},"image":{"@id":"https:\/\/www.rajapack.de\/verpackungsnews\/regalsicherheit#primaryimage"},"thumbnailUrl":"https:\/\/www.rajapack.de\/verpackungsnews\/wp-content\/uploads\/2018\/07\/Blog-Titel-Regale.jpg","datePublished":"2018-07-17T06:53:56+00:00","dateModified":"2025-08-20T08:41:29+00:00","author":{"@id":"https:\/\/www.rajapack.de\/verpackungsnews\/#\/schema\/person\/c6abd9a6a6c07cf31072cda42444cbec"},"description":"Die Regalpr\u00fcfung ist f\u00fcr die Regalsicherheit von gewerblich genutzten Regalen Pflicht laut Betriebssicherheitsverordnung. Was bedeutet das?","inLanguage":"de-DE","potentialAction":[{"@type":"ReadAction","target":["https:\/\/www.rajapack.de\/verpackungsnews\/regalsicherheit"]}]},{"@type":"ImageObject","inLanguage":"de-DE","@id":"https:\/\/www.rajapack.de\/verpackungsnews\/regalsicherheit#primaryimage","url":"https:\/\/www.rajapack.de\/verpackungsnews\/wp-content\/uploads\/2018\/07\/Blog-Titel-Regale.jpg","contentUrl":"https:\/\/www.rajapack.de\/verpackungsnews\/wp-content\/uploads\/2018\/07\/Blog-Titel-Regale.jpg","width":810,"height":420,"caption":"Regalpr\u00fcfung"},{"@type":"WebSite","@id":"https:\/\/www.rajapack.de\/verpackungsnews\/#website","url":"https:\/\/www.rajapack.de\/verpackungsnews\/","name":"RAJAPACK Blog DE","description":"Verpackungsnews vom Experten","potentialAction":[{"@type":"SearchAction","target":{"@type":"EntryPoint","urlTemplate":"https:\/\/www.rajapack.de\/verpackungsnews\/?s={search_term_string}"},"query-input":"required name=search_term_string"}],"inLanguage":"de-DE"},{"@type":"Person","@id":"https:\/\/www.rajapack.de\/verpackungsnews\/#\/schema\/person\/c6abd9a6a6c07cf31072cda42444cbec","name":"RAJAPACK","image":{"@type":"ImageObject","inLanguage":"de-DE","@id":"https:\/\/www.rajapack.de\/verpackungsnews\/#\/schema\/person\/image\/","url":"https:\/\/secure.gravatar.com\/avatar\/4c95834f3b6420b1fbe980903e066e22?s=96&d=mm&r=g","contentUrl":"https:\/\/secure.gravatar.com\/avatar\/4c95834f3b6420b1fbe980903e066e22?s=96&d=mm&r=g","caption":"RAJAPACK"},"url":"https:\/\/www.rajapack.de\/verpackungsnews\/author\/rajapack"}]}},"_links":{"self":[{"href":"https:\/\/www.rajapack.de\/verpackungsnews\/wp-json\/wp\/v2\/posts\/15611"}],"collection":[{"href":"https:\/\/www.rajapack.de\/verpackungsnews\/wp-json\/wp\/v2\/posts"}],"about":[{"href":"https:\/\/www.rajapack.de\/verpackungsnews\/wp-json\/wp\/v2\/types\/post"}],"author":[{"embeddable":true,"href":"https:\/\/www.rajapack.de\/verpackungsnews\/wp-json\/wp\/v2\/users\/24"}],"replies":[{"embeddable":true,"href":"https:\/\/www.rajapack.de\/verpackungsnews\/wp-json\/wp\/v2\/comments?post=15611"}],"version-history":[{"count":2,"href":"https:\/\/www.rajapack.de\/verpackungsnews\/wp-json\/wp\/v2\/posts\/15611\/revisions"}],"predecessor-version":[{"id":31207,"href":"https:\/\/www.rajapack.de\/verpackungsnews\/wp-json\/wp\/v2\/posts\/15611\/revisions\/31207"}],"wp:featuredmedia":[{"embeddable":true,"href":"https:\/\/www.rajapack.de\/verpackungsnews\/wp-json\/wp\/v2\/media\/26573"}],"wp:attachment":[{"href":"https:\/\/www.rajapack.de\/verpackungsnews\/wp-json\/wp\/v2\/media?parent=15611"}],"wp:term":[{"taxonomy":"category","embeddable":true,"href":"https:\/\/www.rajapack.de\/verpackungsnews\/wp-json\/wp\/v2\/categories?post=15611"},{"taxonomy":"post_tag","embeddable":true,"href":"https:\/\/www.rajapack.de\/verpackungsnews\/wp-json\/wp\/v2\/tags?post=15611"}],"curies":[{"name":"wp","href":"https:\/\/api.w.org\/{rel}","templated":true}]}}