{"id":15607,"date":"2025-07-07T09:44:10","date_gmt":"2025-07-07T07:44:10","guid":{"rendered":"https:\/\/mdc-pvwrp10-de-test.raja-group.com\/verpackungsnews\/?p=15607"},"modified":"2026-01-12T11:22:10","modified_gmt":"2026-01-12T10:22:10","slug":"isolierbox","status":"publish","type":"post","link":"https:\/\/www.rajapack.de\/verpackungsnews\/isolierbox","title":{"rendered":"Wie lange h\u00e4lt die Isolierbox k\u00fchl?"},"content":{"rendered":"<h5 align=\"justify\">Sommer, Sonne, Sommerhitze. Der eine vertr\u00e4gt sie besser, der andere weniger gut. Genauso ist es auch beim Versenden oder Transportieren von w\u00e4rmeempfindlichen Produkten. Gerade beim Versand von pharmazeutischen Produkten aber nat\u00fcrlich auch bestimmten Lebensmitteln ist die Einhaltung eines bestimmten Temperaturlevels sogar verpflichtend. Lebensmittel etwa, Impfstoffe und bestimmten Medikamente geh\u00f6ren in <a href=\"\/kartons-schachteln-container\/thermoverpackungen-gefahrgutversand_C1032.html\" target=\"_blank\" rel=\"noopener\">Thermoverpackungen<\/a>. Doch wie sch\u00fctze ich meine w\u00e4rmeempfindlichen Produkte w\u00e4hrend des Versands? Wieso h\u00e4lt eine K\u00fchlbox kalt? Und wie lange h\u00e4lt eine Styropor K\u00fchlbox kalt?<\/h5>\n<div class=\"su-divider su-divider-style-default\" style=\"margin:15px 0;border-width:3px;border-color:#999999\"><\/div>\n<div class=\"su-button-center\"><a href=\"\/kartons-schachteln-container\/thermoverpackungen-gefahrgutversand_C1032.html\" class=\"su-button su-button-style-default\" style=\"color:#FFFFFF;background-color:#276EF1;border-color:#2058c1;border-radius:34px\" target=\"_blank\" rel=\"noopener noreferrer\"><span style=\"color:#FFFFFF;padding:6px 18px;font-size:14px;line-height:21px;border-color:#689af6;border-radius:34px;text-shadow:0px 0px 0px #000000\"><i class=\"sui sui-shopping-cart\" style=\"font-size:14px;color:#ffffff\"><\/i> Thermoverpackungen finden Sie in unserem Online-Shop!<\/span><\/a><\/div>\n<div class=\"su-divider su-divider-style-default\" style=\"margin:15px 0;border-width:3px;border-color:#999999\"><\/div><div class=\"su-spacer\" style=\"height:30px\"><\/div>\n<div id=\"ez-toc-container\" class=\"ez-toc-v2_0_67_1 counter-hierarchy ez-toc-counter ez-toc-grey ez-toc-container-direction\">\n<div class=\"ez-toc-title-container\">\n<p class=\"ez-toc-title \" >Direkt zu diesen Themen:<\/p>\n<span class=\"ez-toc-title-toggle\"><a href=\"#\" class=\"ez-toc-pull-right ez-toc-btn ez-toc-btn-xs ez-toc-btn-default ez-toc-toggle\" aria-label=\"Toggle Table of Content\"><span class=\"ez-toc-js-icon-con\"><span class=\"\"><span class=\"eztoc-hide\" style=\"display:none;\">Toggle<\/span><span class=\"ez-toc-icon-toggle-span\"><svg style=\"fill: #999;color:#999\" xmlns=\"http:\/\/www.w3.org\/2000\/svg\" class=\"list-377408\" width=\"20px\" height=\"20px\" viewBox=\"0 0 24 24\" fill=\"none\"><path d=\"M6 6H4v2h2V6zm14 0H8v2h12V6zM4 11h2v2H4v-2zm16 0H8v2h12v-2zM4 16h2v2H4v-2zm16 0H8v2h12v-2z\" fill=\"currentColor\"><\/path><\/svg><svg style=\"fill: #999;color:#999\" class=\"arrow-unsorted-368013\" xmlns=\"http:\/\/www.w3.org\/2000\/svg\" width=\"10px\" height=\"10px\" viewBox=\"0 0 24 24\" version=\"1.2\" baseProfile=\"tiny\"><path d=\"M18.2 9.3l-6.2-6.3-6.2 6.3c-.2.2-.3.4-.3.7s.1.5.3.7c.2.2.4.3.7.3h11c.3 0 .5-.1.7-.3.2-.2.3-.5.3-.7s-.1-.5-.3-.7zM5.8 14.7l6.2 6.3 6.2-6.3c.2-.2.3-.5.3-.7s-.1-.5-.3-.7c-.2-.2-.4-.3-.7-.3h-11c-.3 0-.5.1-.7.3-.2.2-.3.5-.3.7s.1.5.3.7z\"\/><\/svg><\/span><\/span><\/span><\/a><\/span><\/div>\n<nav><ul class='ez-toc-list ez-toc-list-level-1 ' ><li class='ez-toc-page-1 ez-toc-heading-level-2'><a class=\"ez-toc-link ez-toc-heading-1\" href=\"https:\/\/www.rajapack.de\/verpackungsnews\/isolierbox\/#Temperaturempfindliche_Produkte_verpacken\" title=\"Temperaturempfindliche Produkte verpacken\">Temperaturempfindliche Produkte verpacken<\/a><ul class='ez-toc-list-level-3' ><li class='ez-toc-heading-level-3'><a class=\"ez-toc-link ez-toc-heading-2\" href=\"https:\/\/www.rajapack.de\/verpackungsnews\/isolierbox\/#Aussentemperatur_beruecksichtigen\" title=\"Au\u00dfentemperatur ber\u00fccksichtigen\">Au\u00dfentemperatur ber\u00fccksichtigen<\/a><\/li><li class='ez-toc-page-1 ez-toc-heading-level-3'><a class=\"ez-toc-link ez-toc-heading-3\" href=\"https:\/\/www.rajapack.de\/verpackungsnews\/isolierbox\/#Groesse_der_Verpackung\" title=\"Gr\u00f6\u00dfe der Verpackung\">Gr\u00f6\u00dfe der Verpackung<\/a><\/li><li class='ez-toc-page-1 ez-toc-heading-level-3'><a class=\"ez-toc-link ez-toc-heading-4\" href=\"https:\/\/www.rajapack.de\/verpackungsnews\/isolierbox\/#Geeigneten_Kuehlakku_verwenden\" title=\"Geeigneten K\u00fchlakku verwenden\">Geeigneten K\u00fchlakku verwenden<\/a><\/li><\/ul><\/li><li class='ez-toc-page-1 ez-toc-heading-level-2'><a class=\"ez-toc-link ez-toc-heading-5\" href=\"https:\/\/www.rajapack.de\/verpackungsnews\/isolierbox\/#Was_ist_der_eutektische_Punkt\" title=\"Was ist der eutektische Punkt?\">Was ist der eutektische Punkt?<\/a><\/li><li class='ez-toc-page-1 ez-toc-heading-level-2'><a class=\"ez-toc-link ez-toc-heading-6\" href=\"https:\/\/www.rajapack.de\/verpackungsnews\/isolierbox\/#Was_geschieht_waehrend_des_Phasenwechsels\" title=\"Was geschieht w\u00e4hrend des Phasenwechsels?\">Was geschieht w\u00e4hrend des Phasenwechsels?<\/a><\/li><li class='ez-toc-page-1 ez-toc-heading-level-2'><a class=\"ez-toc-link ez-toc-heading-7\" href=\"https:\/\/www.rajapack.de\/verpackungsnews\/isolierbox\/#Reflektion_Absorption_und_Transmission\" title=\"Reflektion, Absorption und Transmission\">Reflektion, Absorption und Transmission<\/a><\/li><li class='ez-toc-page-1 ez-toc-heading-level-2'><a class=\"ez-toc-link ez-toc-heading-8\" href=\"https:\/\/www.rajapack.de\/verpackungsnews\/isolierbox\/#Aktive_oder_passive_Kuehlung_%E2%80%93_was_versteht_man_darunter\" title=\"Aktive oder passive K\u00fchlung &#8211; was versteht man darunter?\">Aktive oder passive K\u00fchlung &#8211; was versteht man darunter?<\/a><\/li><li class='ez-toc-page-1 ez-toc-heading-level-2'><a class=\"ez-toc-link ez-toc-heading-9\" href=\"https:\/\/www.rajapack.de\/verpackungsnews\/isolierbox\/#Passive_Kuehlung_Isolierende_Verpackungen\" title=\"Passive K\u00fchlung: Isolierende Verpackungen\">Passive K\u00fchlung: Isolierende Verpackungen<\/a><ul class='ez-toc-list-level-3' ><li class='ez-toc-heading-level-3'><a class=\"ez-toc-link ez-toc-heading-10\" href=\"https:\/\/www.rajapack.de\/verpackungsnews\/isolierbox\/#Isolierbox_%E2%80%93_cleverer_Aufbau_fuer_mehr_Temperaturstabilitaet_im_Karton\" title=\"Isolierbox \u2013 cleverer Aufbau f\u00fcr mehr Temperaturstabilit\u00e4t im Karton\">Isolierbox \u2013 cleverer Aufbau f\u00fcr mehr Temperaturstabilit\u00e4t im Karton<\/a><\/li><li class='ez-toc-page-1 ez-toc-heading-level-3'><a class=\"ez-toc-link ez-toc-heading-11\" href=\"https:\/\/www.rajapack.de\/verpackungsnews\/isolierbox\/#Isolierboxen_aus_Styropor\" title=\"Isolierboxen aus Styropor\">Isolierboxen aus Styropor<\/a><\/li><li class='ez-toc-page-1 ez-toc-heading-level-3'><a class=\"ez-toc-link ez-toc-heading-12\" href=\"https:\/\/www.rajapack.de\/verpackungsnews\/isolierbox\/#Papier_fuer_den_Kuehl-Versand\" title=\"Papier f\u00fcr den K\u00fchl-Versand\">Papier f\u00fcr den K\u00fchl-Versand<\/a><\/li><li class='ez-toc-page-1 ez-toc-heading-level-3'><a class=\"ez-toc-link ez-toc-heading-13\" href=\"https:\/\/www.rajapack.de\/verpackungsnews\/isolierbox\/#Thermo-Luftpolsterfolie\" title=\"Thermo-Luftpolsterfolie\">Thermo-Luftpolsterfolie<\/a><\/li><li class='ez-toc-page-1 ez-toc-heading-level-3'><a class=\"ez-toc-link ez-toc-heading-14\" href=\"https:\/\/www.rajapack.de\/verpackungsnews\/isolierbox\/#Die_platzsparenden_Alternativen_Thermobox_Isostar\" title=\"Die platzsparenden Alternativen: Thermobox Isostar\">Die platzsparenden Alternativen: Thermobox Isostar<\/a><\/li><li class='ez-toc-page-1 ez-toc-heading-level-3'><a class=\"ez-toc-link ez-toc-heading-15\" href=\"https:\/\/www.rajapack.de\/verpackungsnews\/isolierbox\/#Isolierboxen_fuer_den_Versand_von_waermeempfindlichen_Lebensmitteln\" title=\"Isolierboxen f\u00fcr den Versand von w\u00e4rmeempfindlichen Lebensmitteln\">Isolierboxen f\u00fcr den Versand von w\u00e4rmeempfindlichen Lebensmitteln<\/a><\/li><li class='ez-toc-page-1 ez-toc-heading-level-3'><a class=\"ez-toc-link ez-toc-heading-16\" href=\"https:\/\/www.rajapack.de\/verpackungsnews\/isolierbox\/#Thermobeutel_Direkten_Kontakt_mit_dem_Kuehlakku_vermeiden\" title=\"Thermobeutel: Direkten Kontakt mit dem K\u00fchlakku vermeiden\">Thermobeutel: Direkten Kontakt mit dem K\u00fchlakku vermeiden<\/a><\/li><\/ul><\/li><li class='ez-toc-page-1 ez-toc-heading-level-2'><a class=\"ez-toc-link ez-toc-heading-17\" href=\"https:\/\/www.rajapack.de\/verpackungsnews\/isolierbox\/#Drei_Daemm-Materialien_im_Test\" title=\"Drei D\u00e4mm-Materialien im Test\">Drei D\u00e4mm-Materialien im Test<\/a><\/li><\/ul><\/nav><\/div>\n<h2><span class=\"ez-toc-section\" id=\"Temperaturempfindliche_Produkte_verpacken\"><\/span>Temperaturempfindliche Produkte verpacken<span class=\"ez-toc-section-end\"><\/span><\/h2>\n<div class=\"su-spacer\" style=\"height:30px\"><\/div>\n<p>Um temperaturempfindliche Produkte zu versenden, gelten grunds\u00e4tzlich die drei folgenden Hinweise f\u00fcr die optimale Verpackung:<\/p>\n<div class=\"su-image-carousel  su-image-carousel-columns-3 su-image-carousel-has-spacing su-image-carousel-has-outline su-image-carousel-adaptive su-image-carousel-slides-style-default su-image-carousel-controls-style-light su-image-carousel-align-center\" style=\"\" data-flickity-options='{\"groupCells\":true,\"cellSelector\":\".su-image-carousel-item\",\"adaptiveHeight\":true,\"cellAlign\":\"left\",\"prevNextButtons\":true,\"pageDots\":false,\"autoPlay\":3000,\"imagesLoaded\":true,\"contain\":false,\"selectedAttraction\":0.025,\"friction\":0.28}' id=\"su_image_carousel_69f11880adfdf\"><div class=\"su-image-carousel-item\"><div class=\"su-image-carousel-item-content\"><img loading=\"lazy\" decoding=\"async\" width=\"440\" height=\"246\" src=\"https:\/\/www.rajapack.de\/verpackungsnews\/wp-content\/uploads\/2018\/10\/rajapack-tb-klein-dt-aussentemparatur.jpg\" class=\"\" alt=\"k\u00fchl halten w\u00e4hrend Versand\" srcset=\"https:\/\/www.rajapack.de\/verpackungsnews\/wp-content\/uploads\/2018\/10\/rajapack-tb-klein-dt-aussentemparatur.jpg 440w, https:\/\/www.rajapack.de\/verpackungsnews\/wp-content\/uploads\/2018\/10\/rajapack-tb-klein-dt-aussentemparatur-300x168.jpg 300w\" sizes=\"(max-width: 440px) 100vw, 440px\" \/><\/div><\/div><div class=\"su-image-carousel-item\"><div class=\"su-image-carousel-item-content\"><img loading=\"lazy\" decoding=\"async\" width=\"440\" height=\"246\" src=\"https:\/\/www.rajapack.de\/verpackungsnews\/wp-content\/uploads\/2018\/10\/rajapack-tb-klein-dt-groesse.jpg\" class=\"\" alt=\"So versenden Sie k\u00fchl Verpackung\" srcset=\"https:\/\/www.rajapack.de\/verpackungsnews\/wp-content\/uploads\/2018\/10\/rajapack-tb-klein-dt-groesse.jpg 440w, https:\/\/www.rajapack.de\/verpackungsnews\/wp-content\/uploads\/2018\/10\/rajapack-tb-klein-dt-groesse-300x168.jpg 300w\" sizes=\"(max-width: 440px) 100vw, 440px\" \/><\/div><\/div><div class=\"su-image-carousel-item\"><div class=\"su-image-carousel-item-content\"><img loading=\"lazy\" decoding=\"async\" width=\"440\" height=\"246\" src=\"https:\/\/www.rajapack.de\/verpackungsnews\/wp-content\/uploads\/2018\/10\/rajapack-tb-klein-dt-kuehlakku.jpg\" class=\"\" alt=\"K\u00fchl halten w\u00e4hrend Versand Akku\" srcset=\"https:\/\/www.rajapack.de\/verpackungsnews\/wp-content\/uploads\/2018\/10\/rajapack-tb-klein-dt-kuehlakku.jpg 440w, https:\/\/www.rajapack.de\/verpackungsnews\/wp-content\/uploads\/2018\/10\/rajapack-tb-klein-dt-kuehlakku-300x168.jpg 300w\" sizes=\"(max-width: 440px) 100vw, 440px\" \/><\/div><\/div><\/div><script id=\"su_image_carousel_69f11880adfdf_script\">if(window.SUImageCarousel){setTimeout(function() {window.SUImageCarousel.initGallery(document.getElementById(\"su_image_carousel_69f11880adfdf\"))}, 0);}var su_image_carousel_69f11880adfdf_script=document.getElementById(\"su_image_carousel_69f11880adfdf_script\");if(su_image_carousel_69f11880adfdf_script){su_image_carousel_69f11880adfdf_script.parentNode.removeChild(su_image_carousel_69f11880adfdf_script);}<\/script>\n<h3><span class=\"ez-toc-section\" id=\"Aussentemperatur_beruecksichtigen\"><\/span>Au\u00dfentemperatur ber\u00fccksichtigen<span class=\"ez-toc-section-end\"><\/span><\/h3>\n<p>Verpacken Sie m\u00f6glichst bei der Temperatur, die Ihr Packgut haben soll. Wenn die Verpackung bedeutend w\u00e4rmer ist als das Packgut, geht das zu Kosten der K\u00fchldauer des K\u00fchlelements. Denn: Der K\u00fchlakku verwendet wertvolle (K\u00fchl-) Energie darauf, seine Umgebung herunterzuk\u00fchlen.<\/p>\n<div class=\"su-spacer\" style=\"height:30px\"><\/div>\n<h3><span class=\"ez-toc-section\" id=\"Groesse_der_Verpackung\"><\/span>Gr\u00f6\u00dfe der Verpackung<span class=\"ez-toc-section-end\"><\/span><\/h3>\n<p>Verwenden Sie die kleinstm\u00f6gliche Umverpackung. Je weniger Luft \u201emitverpackt\u201c und mitgek\u00fchlt wird, desto eher kann der K\u00fchlakku seine eigentliche Aufgabe erf\u00fcllen: Das Packgut k\u00fchl halten.<\/p>\n<div class=\"su-spacer\" style=\"height:30px\"><\/div>\n<h3><span class=\"ez-toc-section\" id=\"Geeigneten_Kuehlakku_verwenden\"><\/span>Geeigneten K\u00fchlakku verwenden<span class=\"ez-toc-section-end\"><\/span><\/h3>\n<p>W\u00e4hlen Sie den richtigen K\u00fchlakku. Abh\u00e4ngig von der K\u00fchlfl\u00fcssigkeit variiert der eutektische Punkt \u2013 und damit die K\u00fchlleistung!<\/p>\n<div class=\"su-spacer\" style=\"height:30px\"><\/div>\n<div class=\"su-divider su-divider-style-default\" style=\"margin:15px 0;border-width:3px;border-color:#999999\"><\/div>\n<h2><span class=\"ez-toc-section\" id=\"Was_ist_der_eutektische_Punkt\"><\/span>Was ist der eutektische Punkt?<span class=\"ez-toc-section-end\"><\/span><\/h2>\n<div class=\"su-spacer\" style=\"height:30px\"><\/div>\n<p>Was klingt wie ein Begriff aus dem klassischen griechischen Drama, hilft bei der Wahl des richtigen K\u00fchlakkus. Jeder K\u00fchlakku ist mit einer Fl\u00fcssigkeit gef\u00fcllt, die bei einer bestimmten Temperatur fest friert. Den allm\u00e4hlichen Wechsel des Aggregatzustandes von fl\u00fcssig zu fest bzw. umgekehrt nennt man Phasenwechsel. Abh\u00e4ngig von der Fl\u00fcssigkeit, mit der der K\u00fchlakku gef\u00fcllt ist, findet dieser Phasenwechsel bei einer anderen Temperatur statt. Wasser gefriert beispielsweise bei 0 Grad Celsius, der eutektische Punkt von Wasser liegt demnach bei null Grad, es beginnt der Phasenwechsel.<\/p>\n<div class=\"su-divider su-divider-style-default\" style=\"margin:15px 0;border-width:3px;border-color:#999999\"><\/div>\n<h2><span class=\"ez-toc-section\" id=\"Was_geschieht_waehrend_des_Phasenwechsels\"><\/span>Was geschieht w\u00e4hrend des Phasenwechsels?<span class=\"ez-toc-section-end\"><\/span><\/h2>\n<div class=\"su-spacer\" style=\"height:30px\"><\/div>\n<div class=\"su-image-carousel  su-image-carousel-has-spacing su-image-carousel-has-outline su-image-carousel-adaptive su-image-carousel-slides-style-default su-image-carousel-controls-style-light su-image-carousel-align-center\" style=\"\" data-flickity-options='{\"groupCells\":true,\"cellSelector\":\".su-image-carousel-item\",\"adaptiveHeight\":true,\"cellAlign\":\"left\",\"prevNextButtons\":true,\"pageDots\":false,\"autoPlay\":3000,\"imagesLoaded\":true,\"contain\":false,\"selectedAttraction\":0.025,\"friction\":0.28}' id=\"su_image_carousel_69f11880ae67a\"><div class=\"su-image-carousel-item\"><div class=\"su-image-carousel-item-content\"><img loading=\"lazy\" decoding=\"async\" width=\"1130\" height=\"480\" src=\"https:\/\/www.rajapack.de\/verpackungsnews\/wp-content\/uploads\/2018\/10\/rajapack-tb-dt-phasenwechsel.jpg\" class=\"\" alt=\"Wie k\u00fchl versenden\" srcset=\"https:\/\/www.rajapack.de\/verpackungsnews\/wp-content\/uploads\/2018\/10\/rajapack-tb-dt-phasenwechsel.jpg 1130w, https:\/\/www.rajapack.de\/verpackungsnews\/wp-content\/uploads\/2018\/10\/rajapack-tb-dt-phasenwechsel-300x127.jpg 300w, https:\/\/www.rajapack.de\/verpackungsnews\/wp-content\/uploads\/2018\/10\/rajapack-tb-dt-phasenwechsel-768x326.jpg 768w, https:\/\/www.rajapack.de\/verpackungsnews\/wp-content\/uploads\/2018\/10\/rajapack-tb-dt-phasenwechsel-1024x435.jpg 1024w\" sizes=\"(max-width: 1130px) 100vw, 1130px\" \/><\/div><\/div><\/div><script id=\"su_image_carousel_69f11880ae67a_script\">if(window.SUImageCarousel){setTimeout(function() {window.SUImageCarousel.initGallery(document.getElementById(\"su_image_carousel_69f11880ae67a\"))}, 0);}var su_image_carousel_69f11880ae67a_script=document.getElementById(\"su_image_carousel_69f11880ae67a_script\");if(su_image_carousel_69f11880ae67a_script){su_image_carousel_69f11880ae67a_script.parentNode.removeChild(su_image_carousel_69f11880ae67a_script);}<\/script>\n<p>Um den Aggregatzustand zu wechseln, ben\u00f6tigt der Akku Energie. Diese entzieht der Akku beim Wechsel von fest zu fl\u00fcssig in Form von W\u00e4rme seiner Umgebung: Das Packgut wird gek\u00fchlt! Und das geschieht nicht linear, sondern in drei verschiedenen Phasen: Temperaturanstieg, Temperaturkonstanz, erneut Temperaturanstieg. Zum besseren Verst\u00e4ndnis eine Grafik und deren Beschreibung (www.logismarket.at):<\/p>\n<p><strong>1 &#8211; Niedrigste Temperatur<\/strong><\/p>\n<p>Das Phasenwechselmaterial im Inneren des K\u00fchlakkus befindet sich in festem Zustand (gefroren). Die Akkutemperatur steigt allm\u00e4hlich an, da w\u00e4rmere Umgebungstemperaturen auf ihn einwirken.<\/p>\n<p><strong>2 &#8211; Eutektischer Punkt\u00a0<\/strong><\/p>\n<p>Die Temperatur des K\u00fchlakkus steigt weiter an, bis die Temperatur des eutektischen Punktes erreicht wird. Nun absorbiert der K\u00fchlakku W\u00e4rme, ohne dass sich die K\u00fchlakkutemperatur ver\u00e4ndert. Der K\u00fchlakku gibt in dieser Phase eine bestimmte Temperatur konstant an die Umgebung und somit an das zu transportierende Produkt ab. Ziel des Isoliersystems ist es, dass dieser Phasenwechsel so lang wie m\u00f6glich andauert. In dieser Phase befindet sich das Akkuinnere in einem fest-fl\u00fcssigen Zustand.<\/p>\n<p><strong>3 &#8211; Phasenwechsel<\/strong><\/p>\n<p>Der Phasenwechsel ist beendet und die Substanz im Inneren des K\u00fchlakkus ist nun fl\u00fcssig. Die K\u00fchlakkutemperatur steigt allm\u00e4hlich und nimmt die Umgebungstemperatur an.<\/p>\n<div class=\"su-divider su-divider-style-default\" style=\"margin:15px 0;border-width:3px;border-color:#999999\"><\/div>\n<h2><span class=\"ez-toc-section\" id=\"Reflektion_Absorption_und_Transmission\"><\/span>Reflektion, Absorption und Transmission<span class=\"ez-toc-section-end\"><\/span><\/h2>\n<div class=\"su-spacer\" style=\"height:30px\"><\/div>\n<p>Man kennt das Prinzip von Rettungsdecken: Durch ihre helle, metallisch gl\u00e4nzende Oberfl\u00e4che wird die K\u00f6rperw\u00e4rme des Patienten teilweise reflektiert und somit am K\u00f6rper gehalten. Das schwarze, matte Gewebe des T-Shirts wiederum wird in der Sonneneinstrahlung w\u00e4rmer als das wei\u00dfe. Es absorbiert die W\u00e4rme (Absorption), das Gewebe des T-Shirts l\u00e4sst sie Strahlung passieren (Transmission).<\/p>\n<div class=\"su-spacer\" style=\"height:30px\"><\/div>\n<div class=\"su-image-carousel  su-image-carousel-has-spacing su-image-carousel-adaptive su-image-carousel-slides-style-default su-image-carousel-controls-style-light su-image-carousel-align-center\" style=\"max-width:430px\" data-flickity-options='{\"groupCells\":true,\"cellSelector\":\".su-image-carousel-item\",\"adaptiveHeight\":true,\"cellAlign\":\"left\",\"prevNextButtons\":true,\"pageDots\":false,\"autoPlay\":4000,\"imagesLoaded\":true,\"contain\":false,\"selectedAttraction\":0.007,\"friction\":0.25}' id=\"su_image_carousel_69f11880aec02\"><div class=\"su-image-carousel-item\"><div class=\"su-image-carousel-item-content\"><img loading=\"lazy\" decoding=\"async\" width=\"1050\" height=\"600\" src=\"https:\/\/www.rajapack.de\/verpackungsnews\/wp-content\/uploads\/2017\/07\/grafik-transmission-absorption-reflexion.png\" class=\"\" alt=\"Grafik Funktionsweise Thermofolie\" srcset=\"https:\/\/www.rajapack.de\/verpackungsnews\/wp-content\/uploads\/2017\/07\/grafik-transmission-absorption-reflexion.png 1050w, https:\/\/www.rajapack.de\/verpackungsnews\/wp-content\/uploads\/2017\/07\/grafik-transmission-absorption-reflexion-300x171.png 300w, https:\/\/www.rajapack.de\/verpackungsnews\/wp-content\/uploads\/2017\/07\/grafik-transmission-absorption-reflexion-768x439.png 768w, https:\/\/www.rajapack.de\/verpackungsnews\/wp-content\/uploads\/2017\/07\/grafik-transmission-absorption-reflexion-1024x585.png 1024w\" sizes=\"(max-width: 1050px) 100vw, 1050px\" \/><\/div><\/div><\/div><script id=\"su_image_carousel_69f11880aec02_script\">if(window.SUImageCarousel){setTimeout(function() {window.SUImageCarousel.initGallery(document.getElementById(\"su_image_carousel_69f11880aec02\"))}, 0);}var su_image_carousel_69f11880aec02_script=document.getElementById(\"su_image_carousel_69f11880aec02_script\");if(su_image_carousel_69f11880aec02_script){su_image_carousel_69f11880aec02_script.parentNode.removeChild(su_image_carousel_69f11880aec02_script);}<\/script>\n<div class=\"su-divider su-divider-style-default\" style=\"margin:15px 0;border-width:3px;border-color:#999999\"><\/div>\n<h2><span class=\"ez-toc-section\" id=\"Aktive_oder_passive_Kuehlung_%E2%80%93_was_versteht_man_darunter\"><\/span>Aktive oder passive K\u00fchlung &#8211; was versteht man darunter?<span class=\"ez-toc-section-end\"><\/span><\/h2>\n<div class=\"su-spacer\" style=\"height:30px\"><\/div>\n<p>Um Ware k\u00fchl zu versenden bzw. zu transportieren, gibt es grunds\u00e4tzlich zwei &#8222;Methoden&#8220;. Bei der aktiven K\u00fchlung wird die Ware durch \u00e4u\u00dfere, externe K\u00fchlung dauerhaft heruntergek\u00fchlt. Dies geschieht, indem die W\u00e4rmeenergie der Umgebungsluft mithilfe eines L\u00fcfters oder einer Pumpe kontinuierlich abtransportiert wird. Das ist sehr effektiv &#8211; aber auch sehr teuer. Denn es ist eine Stromquelle vonn\u00f6ten, die die k\u00fchlende Komponente antreibt. Versenden Sie regelm\u00e4\u00dfig gr\u00f6\u00dfere Mengen an homogener K\u00fchlware, lohnt sich diese Variante, zum Beispiel der Transport in einem K\u00fchlwagen, also einem LKW mit klimatisiertem Laderaum. Kompliziert wird es allerdings dann, wenn die zu transportierenden G\u00fcter nicht dieselbe Temperatur \u201em\u00f6gen\u201c. Was f\u00fcr Schokolade ideal ist (um die 15 Grad Celsius), ist f\u00fcr Produkte wie Tiefk\u00fchlgem\u00fcse (ideal sind -18 Grad Celsius) schon Hochsommer. Bestimmte Gem\u00fcsearten wie Blumenkohl, Karotten, Lauch oder Salat m\u00f6gen es bei 1-2 Grad Celsius, w\u00e4hrend zum Beispiel Tomaten eine Wohlf\u00fchltemperatur von 12-16 Grad Celsius haben. G\u00fcnstiger und flexibler f\u00fcr den gek\u00fchlten Transport ist die passive K\u00fchlung: Mittels geeigneter Verpackungsmaterialien wird die erforderliche Temperatur in jeder Verpackungseinheit gesondert aufrechterhalten.<\/p>\n<div class=\"su-divider su-divider-style-default\" style=\"margin:15px 0;border-width:3px;border-color:#999999\"><\/div>\n<h2><span class=\"ez-toc-section\" id=\"Passive_Kuehlung_Isolierende_Verpackungen\"><\/span>Passive K\u00fchlung: Isolierende Verpackungen<span class=\"ez-toc-section-end\"><\/span><\/h2>\n<div class=\"su-spacer\" style=\"height:30px\"><\/div>\n<p>Isolationsverpackungen helfen den Temperaturanstieg m\u00f6glichst lange hinauszuz\u00f6gern. Sie reflektieren die K\u00e4lte im Paketinneren (ideal sind hier metallische Oberfl\u00e4chen) und d\u00e4mmen gegen W\u00e4rmeeinfl\u00fcsse von au\u00dfen. Wie funktionieren diese &#8222;K\u00fchlboxen&#8220; und wie lange halten sie kalt?<\/p>\n<div class=\"su-divider su-divider-style-default\" style=\"margin:15px 0;border-width:3px;border-color:#999999\"><\/div>\n<h3><span class=\"ez-toc-section\" id=\"Isolierbox_%E2%80%93_cleverer_Aufbau_fuer_mehr_Temperaturstabilitaet_im_Karton\"><\/span>Isolierbox \u2013 cleverer Aufbau f\u00fcr mehr Temperaturstabilit\u00e4t im Karton<span class=\"ez-toc-section-end\"><\/span><\/h3>\n<div class=\"su-spacer\" style=\"height:30px\"><\/div>\n<p>Die <a href=\"\/kartons-schachteln-container\/thermoverpackungen-gefahrgutversand\/thermoboxen-zubehoer_C103210.html\" target=\"_blank\" rel=\"noopener\">Thermobox<\/a> beispielsweise macht sich die hervorragenden Isolationseigenschaften von extrudiertem Polystyrol (wird auch beim Bau verwendet!) zunutze. Extrudiertes Polystyrol (XPS) ist ein geschlossenzelliger, harter D\u00e4mmstoff aus Polystyrol (Kunststoff). das Polystyrol-Granulat wird unter Zusatz eines Treibmittels in einem Extruder aufgesch\u00e4umt. Durch die Extrusion (hierbei handelt es sich um eine Verfahrenstechnik, bei der Bestandteile unter Druck geschmolzen und in Form gebracht werden) wird eine Vielzahl kleiner geschlossener Zellen erzeugt, die f\u00fcr die gute Isolierung und die hohe Unempfindlichkeit gegen Feuchtigkeit sorgen.<\/p>\n<div class=\"su-divider su-divider-style-default\" style=\"margin:15px 0;border-width:3px;border-color:#999999\"><\/div>\n<h3><span class=\"ez-toc-section\" id=\"Isolierboxen_aus_Styropor\"><\/span>Isolierboxen aus Styropor<span class=\"ez-toc-section-end\"><\/span><\/h3>\n<div class=\"su-spacer\" style=\"height:30px\"><\/div>\n<p>Die Isolierboxen aus Styropor erf\u00fcllen in der Regel somit gleich zwei Anspr\u00fcche: Eine zuverl\u00e4ssige K\u00fchlleistung w\u00e4hrend der gesamten Dauer des Versands und durch das geringe Gewicht gleichzeitig geringe Portoposten. Aber wie funktioniert \u00fcberhaupt so eine \u201epassive K\u00fchlbox\u201c? Anders als bei einer elektrisch betriebenen K\u00fchlbox, die kontinuierlich (W\u00e4rme-) Energie entzieht, muss ich meinem Paket die -zeitlich begrenzte!- K\u00fchlleistung direkt mit ins Paket geben. Die Kombination aus dem richtigen K\u00fchlakku und isolierender Umverpackung kann die Temperatur, wenn ich ein paar Regeln beachte, bis zu vier Tage konstant k\u00fchl halten. Diese Variante empfiehlt sich also insbesondere f\u00fcr einen Versand der l\u00e4nger dauert. Durch die Trennplatten werden auch empfindliche Produkte vor dem direkten Kontakt mit den K\u00fchlakkus gesch\u00fctzt.<\/p>\n<div class=\"su-image-carousel  su-image-carousel-columns-2 su-image-carousel-has-spacing su-image-carousel-has-outline su-image-carousel-adaptive su-image-carousel-slides-style-default su-image-carousel-controls-style-light su-image-carousel-align-center\" style=\"\" data-flickity-options='{\"groupCells\":true,\"cellSelector\":\".su-image-carousel-item\",\"adaptiveHeight\":true,\"cellAlign\":\"left\",\"prevNextButtons\":true,\"pageDots\":false,\"autoPlay\":3000,\"imagesLoaded\":true,\"contain\":false,\"selectedAttraction\":0.025,\"friction\":0.28}' id=\"su_image_carousel_69f11880af249\"><div class=\"su-image-carousel-item\"><div class=\"su-image-carousel-item-content\"><img loading=\"lazy\" decoding=\"async\" width=\"500\" height=\"502\" src=\"https:\/\/www.rajapack.de\/verpackungsnews\/wp-content\/uploads\/2018\/10\/COOL05_A_BE.jpg\" class=\"\" alt=\"Coolbox mit Inlet und K\u00fchlakku\" srcset=\"https:\/\/www.rajapack.de\/verpackungsnews\/wp-content\/uploads\/2018\/10\/COOL05_A_BE.jpg 500w, https:\/\/www.rajapack.de\/verpackungsnews\/wp-content\/uploads\/2018\/10\/COOL05_A_BE-150x150.jpg 150w, https:\/\/www.rajapack.de\/verpackungsnews\/wp-content\/uploads\/2018\/10\/COOL05_A_BE-300x300.jpg 300w, https:\/\/www.rajapack.de\/verpackungsnews\/wp-content\/uploads\/2018\/10\/COOL05_A_BE-120x120.jpg 120w\" sizes=\"(max-width: 500px) 100vw, 500px\" \/><\/div><\/div><div class=\"su-image-carousel-item\"><div class=\"su-image-carousel-item-content\"><img loading=\"lazy\" decoding=\"async\" width=\"500\" height=\"828\" src=\"https:\/\/www.rajapack.de\/verpackungsnews\/wp-content\/uploads\/2018\/10\/Thermobox-Aufbau_Schema_F.jpg\" class=\"\" alt=\"So ist eine Thermobox aufgebaut\" srcset=\"https:\/\/www.rajapack.de\/verpackungsnews\/wp-content\/uploads\/2018\/10\/Thermobox-Aufbau_Schema_F.jpg 500w, https:\/\/www.rajapack.de\/verpackungsnews\/wp-content\/uploads\/2018\/10\/Thermobox-Aufbau_Schema_F-181x300.jpg 181w\" sizes=\"(max-width: 500px) 100vw, 500px\" \/><\/div><\/div><\/div><script id=\"su_image_carousel_69f11880af249_script\">if(window.SUImageCarousel){setTimeout(function() {window.SUImageCarousel.initGallery(document.getElementById(\"su_image_carousel_69f11880af249\"))}, 0);}var su_image_carousel_69f11880af249_script=document.getElementById(\"su_image_carousel_69f11880af249_script\");if(su_image_carousel_69f11880af249_script){su_image_carousel_69f11880af249_script.parentNode.removeChild(su_image_carousel_69f11880af249_script);}<\/script>\n<div class=\"su-divider su-divider-style-default\" style=\"margin:15px 0;border-width:3px;border-color:#999999\"><\/div>\n<h3><span class=\"ez-toc-section\" id=\"Papier_fuer_den_Kuehl-Versand\"><\/span>Papier f\u00fcr den K\u00fchl-Versand<span class=\"ez-toc-section-end\"><\/span><\/h3>\n<div class=\"su-spacer\" style=\"height:30px\"><\/div>\n<p>Auch Papier hat verbl\u00fcffend gute Isolationseigenschaften, wenn es richtig verwendet wird. Tats\u00e4chlich kann Papier, wenn es richtig verwendet wird, die Isolationseigenschaften von Styropor sogar noch \u00fcbertreffen. Mehrere Lagen \u201eflaches\u201c Zeitungspapier k\u00f6nnen bereits einen ganz guten Unterschied machen. Der Zellstoff bringt also schon von Natur wegen eine gewisse D\u00e4mmleistung mit. Das wahre \u201eGeheimnis\u201c der hervorragenden D\u00e4mmeigenschaften liegt in der speziellen Falzung \u2013 und den Luftkammern, die damit optimal ihre Arbeit tun k\u00f6nnen: N\u00e4mlich isolieren!<\/p>\n<p>So beeinflussen Anzahl und Anordnung der Schichten sowie die H\u00f6he der Wellen (in z.B. Wellpappe oder aber \u201eKn\u00fcllpapier\u201c) die<a href=\"https:\/\/www.oekologisch-bauen.info\/baustoffe\/naturdaemmstoffe\/zellstoffverbundelemente-daemmen-mit-wellpappe\/\" target=\"_blank\" rel=\"noopener\" data-gtm-tracked-element=\"true\">\u00a0W\u00e4rmeleitf\u00e4higkeit.<\/a><\/p>\n<p><img loading=\"lazy\" decoding=\"async\" class=\"aligncenter wp-image-24901 size-full\" src=\"https:\/\/www.rajapack.de\/verpackungsnews\/wp-content\/uploads\/2019\/04\/Papierpolster-fuer-Kuehlversand.jpg\" alt=\"Isolierverpackung\" width=\"810\" height=\"420\" srcset=\"https:\/\/www.rajapack.de\/verpackungsnews\/wp-content\/uploads\/2019\/04\/Papierpolster-fuer-Kuehlversand.jpg 810w, https:\/\/www.rajapack.de\/verpackungsnews\/wp-content\/uploads\/2019\/04\/Papierpolster-fuer-Kuehlversand-300x156.jpg 300w, https:\/\/www.rajapack.de\/verpackungsnews\/wp-content\/uploads\/2019\/04\/Papierpolster-fuer-Kuehlversand-768x398.jpg 768w\" sizes=\"(max-width: 810px) 100vw, 810px\" \/><\/p>\n<p><span id=\"Der_richtige_Kniff_beim_Papier\" class=\"ez-toc-section\" data-gtm-tracked-element=\"true\"><\/span><strong>Der richtige Kniff beim Papier<\/strong><\/p>\n<div class=\"su-spacer\" style=\"height:30px\"><\/div>\n<p>Unser langj\u00e4hriger Lieferant\u00a0<a href=\"https:\/\/www.ranpak.com\/de\/\" target=\"_blank\" rel=\"noopener\" data-gtm-tracked-element=\"true\">Ranpak<\/a> arbeitet und forscht schon seit jeher an den guten Polstereigenschaften von Papier. Und hat mit der WrapPak Protector eine Maschine entwickelt, die den nat\u00fcrlichen Zellstoff so schnell und effektiv \u201ein Falten legt\u201c, dass das Papierpolster zum Schluss nicht nur hervorragend gegen Transportsch\u00e4den wie St\u00f6\u00dfe, Kratzer und Bruch sch\u00fctzt, sondern auch ganz nebenbei mit seinen Isolationseigenschaften sogar Styropor in den Schatten stellt! Wie lange h\u00e4lt Papier kalt?<\/p>\n<p><img loading=\"lazy\" decoding=\"async\" class=\"size-full wp-image-24897 aligncenter\" src=\"https:\/\/www.rajapack.de\/verpackungsnews\/wp-content\/uploads\/2019\/04\/Bild3.png\" alt=\"isolierende Papierpolster\" width=\"680\" height=\"359\" srcset=\"https:\/\/www.rajapack.de\/verpackungsnews\/wp-content\/uploads\/2019\/04\/Bild3.png 680w, https:\/\/www.rajapack.de\/verpackungsnews\/wp-content\/uploads\/2019\/04\/Bild3-300x158.png 300w\" sizes=\"(max-width: 680px) 100vw, 680px\" \/><\/p>\n<div class=\"su-divider su-divider-style-default\" style=\"margin:15px 0;border-width:3px;border-color:#999999\"><\/div>\n<h3><span class=\"ez-toc-section\" id=\"Thermo-Luftpolsterfolie\"><\/span>Thermo-Luftpolsterfolie<span class=\"ez-toc-section-end\"><\/span><\/h3>\n<div class=\"su-spacer\" style=\"height:30px\"><\/div>\n<p>Aus dem All inspiriert: Um im All immer richtig temperiert zu sein, ben\u00f6tigt ein Raumfahrer einen entsprechenden <a href=\"https:\/\/de.wikipedia.org\/wiki\/Raumanzug\" target=\"_blank\" rel=\"noopener\" data-gtm-tracked-element=\"true\">Schutzanzug<\/a>. Nur so ist er bei seinem Weltraumspaziergang sowohl vor Ausk\u00fchlung als auch vor \u00dcberhitzung gesch\u00fctzt. Ein solcher Raumanzug ist aus mehreren Schichten aufgebaut, die aus verschiedenen Textilien, Kunststoffen und auch Metallen bestehen. Diese Schutzschichten machen den Anzug widerstandsf\u00e4hig und sind wichtig f\u00fcr den Temperaturausgleich. Unterst\u00fctzt werden sie durch die metallische Beschichtung, die die Sonnenstrahlung reflektiert. Integrierte Luftkammern \u201epolstern\u201c zus\u00e4tzlich den Astronaut vor St\u00f6\u00dfen z.B. durch umherfliegende kleine Meteoriten.<\/p>\n<h4>Wof\u00fcr eignet sich die isolierende Luftpolsterfolie:<\/h4>\n<p>In gleicher Weise sch\u00fctzt die 3-lagige Thermo-Luftpolsterfolie empfindliche Waren vor Temperaturschwankungen und St\u00f6\u00dfen. Speziell bei w\u00e4rme- oder k\u00e4lteempfindlichen Verpackungsg\u00fctern m\u00fcssen Sie auf eine m\u00f6glichst konstante Temperatur achten. Genau diese Anforderung erf\u00fcllt diese spezielle Folie! Durch die isolierende Funktion eignet sie sich z.B. zum Auskleiden von Transportkisten, Beh\u00e4ltern und Kartonagen, in denen empfindliche Waren wie Arzneimittel, Chemikalien oder Kosmetika transportiert werden. Von der Beschaffenheit her ist diese Folie genauso flexibel zu handhaben wie andere Luftpolsterfolien auch: Man kann sie einfach zuschneiden und zum Einwickeln oder Einschlagen der Transportwaren verwenden. Die Thermofolie sorgt hierbei f\u00fcr eine gleichbleibende Temperatur. Ebenso wie der Raumanzug bildet sie eine Schutzschicht um das Produkt herum und ist dabei noch wasserdicht bzw. feuchtigkeitsabweisend.<\/p>\n<h4>Wieso ist die Farbe entscheidend f\u00fcr die Isolation?<\/h4>\n<p>Die silberne \u201eRaumanzug-Farbe\u201c erh\u00e4lt die Luftpolsterfolie \u00fcbrigens durch eine metallisierte Polyesterbeschichtung. Dabei wird mittels eines Bedampfungsverfahrens eine isolierende Schicht auf die Folie aufgetragen. Diese einseitige\u00a0<a href=\"https:\/\/de.wikipedia.org\/wiki\/Kaschierung_(Fertigungstechnik)\" target=\"_blank\" rel=\"noopener\" data-gtm-tracked-element=\"true\">Kaschierung\u00a0<\/a>\u00a0bietet eine hervorragende W\u00e4rme- und K\u00e4lteisolation: Die Metallbeschichtung reflektiert die Sonnenstrahlen und sch\u00fctzt die verpackten Produkte dadurch zuverl\u00e4ssig vor hohen Au\u00dfentemperaturen. Das bew\u00e4hrt sich nicht nur an hei\u00dfen Tagen, sondern auch dann, wenn Waren l\u00e4ngere Transportwege bewerkstelligen sollen um frisch \u201ezur Landung\u201c anzusetzen \u2013 eben\u00a0 wie Astronauten in ihren Raumanz\u00fcgen. \ud83d\ude42<\/p>\n<div class=\"su-spacer\" style=\"height:30px\"><\/div>\n<div class=\"su-image-carousel  su-image-carousel-columns-2 su-image-carousel-has-spacing su-image-carousel-adaptive su-image-carousel-slides-style-default su-image-carousel-controls-style-light su-image-carousel-align-center\" style=\"max-width:430px\" data-flickity-options='{\"groupCells\":true,\"cellSelector\":\".su-image-carousel-item\",\"adaptiveHeight\":true,\"cellAlign\":\"left\",\"prevNextButtons\":true,\"pageDots\":false,\"autoPlay\":4000,\"imagesLoaded\":true,\"contain\":false,\"selectedAttraction\":0.007,\"friction\":0.25}' id=\"su_image_carousel_69f11880af79e\"><div class=\"su-image-carousel-item\"><div class=\"su-image-carousel-item-content\"><img loading=\"lazy\" decoding=\"async\" width=\"300\" height=\"240\" src=\"https:\/\/www.rajapack.de\/verpackungsnews\/wp-content\/uploads\/2017\/07\/folienaufbau-300x240-1.png\" class=\"\" alt=\"isolierende Folie Aufbau\" \/><\/div><\/div><div class=\"su-image-carousel-item\"><div class=\"su-image-carousel-item-content\"><img loading=\"lazy\" decoding=\"async\" width=\"300\" height=\"240\" src=\"https:\/\/www.rajapack.de\/verpackungsnews\/wp-content\/uploads\/2017\/07\/folienverpackung-300x240-1.png\" class=\"\" alt=\"Beispiel isolierende Folie\" \/><\/div><\/div><\/div><script id=\"su_image_carousel_69f11880af79e_script\">if(window.SUImageCarousel){setTimeout(function() {window.SUImageCarousel.initGallery(document.getElementById(\"su_image_carousel_69f11880af79e\"))}, 0);}var su_image_carousel_69f11880af79e_script=document.getElementById(\"su_image_carousel_69f11880af79e_script\");if(su_image_carousel_69f11880af79e_script){su_image_carousel_69f11880af79e_script.parentNode.removeChild(su_image_carousel_69f11880af79e_script);}<\/script>\n<div class=\"su-spacer\" style=\"height:30px\"><\/div>\n<p><strong>So funktioniert isolierende Luftpolsterfolie:\u00a0<\/strong><\/p>\n<p>Die Thermoluftpolsterfolie \u201ebedient\u201c sich dabei gleich doppelt bei der Physik: Zum einen ist\u00a0<strong>Luft<\/strong>\u00a0ein schlechter\u00a0<a href=\"https:\/\/www.grund-wissen.de\/physik\/waermelehre\/ausbreitung-von-waerme.html\" target=\"_blank\" rel=\"noopener\" data-gtm-tracked-element=\"true\">W\u00e4rmeleiter<\/a>, das hei\u00dft, sie gibt die Erw\u00e4rmung der au\u00dfen auftreffenden Sonnenstrahlen nur sehr gem\u00e4chlich weiter. F\u00fcr eine gewisse Zeit dient die in den Luftpolstern eingeschlossene, stehende Luft also als nat\u00fcrliche Barriere zwischen W\u00e4rme und Produkt: Die W\u00e4rmestr\u00f6mung (Konvektion) wird unterbrochen beziehungsweise verlangsamt .<\/p>\n<p>Und diesen Effekt verst\u00e4rkt zus\u00e4tzlich noch die gl\u00e4nzende Oberfl\u00e4che der Thermoluftpolsterfolie! Denn die auftreffende <a href=\"https:\/\/de.wikipedia.org\/wiki\/W%C3%A4rmestrahlung\" target=\"_blank\" rel=\"noopener\" data-gtm-tracked-element=\"true\">W\u00e4rmestrahlung<\/a>\u00a0wird von der silbermetallisch gl\u00e4nzenden Oberfl\u00e4che zu gro\u00dfen Teilen direkt zur\u00fcckgeworfen und reflektiert. Die Oberfl\u00e4che heizt sich also nicht auf (keine Absorption der W\u00e4rme) und l\u00e4sst die Luftisolation so ungehindert ihre Arbeit tun.<\/p>\n<div class=\"su-divider su-divider-style-default\" style=\"margin:15px 0;border-width:3px;border-color:#999999\"><\/div>\n<h3><span class=\"ez-toc-section\" id=\"Die_platzsparenden_Alternativen_Thermobox_Isostar\"><\/span>Die platzsparenden Alternativen: Thermobox Isostar<span class=\"ez-toc-section-end\"><\/span><\/h3>\n<div class=\"su-spacer\" style=\"height:30px\"><\/div>\n<p>Die <a href=\"\/kartons-schachteln-container\/thermoverpackungen-gefahrgutversand\/thermoboxen-zubehoer\/isostar_OFF_DE_1028.html\" target=\"_blank\" rel=\"noopener\">Thermobox Isostar<\/a> sieht nicht nur toll aus, sie ist auch als Transportkarton verwendbar. Der Vorteil: Dank der flachen Anlieferung ben\u00f6tigt sie weniger Lagerplatz ben\u00f6tigt im Vergleich zur Thermobox Cool. Die Spezialverpackung hat eine sehr geringe Wandst\u00e4rke und dabei trotz allem eine gute Isolierwirkung. Bei der Ausstattung mit K\u00fchlakkus, bleibt die Temperatur je nach Ausf\u00fchrung bis zu 24 Stunden im Bereich von 2\u00b0C bis 8\u00b0C.<\/p>\n<div class=\"su-image-carousel  su-image-carousel-has-spacing su-image-carousel-has-outline su-image-carousel-adaptive su-image-carousel-slides-style-default su-image-carousel-controls-style-light su-image-carousel-align-center\" style=\"\" data-flickity-options='{\"groupCells\":true,\"cellSelector\":\".su-image-carousel-item\",\"adaptiveHeight\":true,\"cellAlign\":\"left\",\"prevNextButtons\":true,\"pageDots\":false,\"autoPlay\":3000,\"imagesLoaded\":true,\"contain\":false,\"selectedAttraction\":0.025,\"friction\":0.28}' id=\"su_image_carousel_69f11880afc2e\"><div class=\"su-image-carousel-item\"><div class=\"su-image-carousel-item-content\"><img loading=\"lazy\" decoding=\"async\" width=\"1200\" height=\"685\" src=\"https:\/\/www.rajapack.de\/verpackungsnews\/wp-content\/uploads\/2018\/10\/isolierverpackung.jpg\" class=\"\" alt=\"So isoliert die Verpackung beim Versand\" srcset=\"https:\/\/www.rajapack.de\/verpackungsnews\/wp-content\/uploads\/2018\/10\/isolierverpackung.jpg 1200w, https:\/\/www.rajapack.de\/verpackungsnews\/wp-content\/uploads\/2018\/10\/isolierverpackung-300x171.jpg 300w, https:\/\/www.rajapack.de\/verpackungsnews\/wp-content\/uploads\/2018\/10\/isolierverpackung-768x438.jpg 768w, https:\/\/www.rajapack.de\/verpackungsnews\/wp-content\/uploads\/2018\/10\/isolierverpackung-1024x585.jpg 1024w\" sizes=\"(max-width: 1200px) 100vw, 1200px\" \/><\/div><\/div><\/div><script id=\"su_image_carousel_69f11880afc2e_script\">if(window.SUImageCarousel){setTimeout(function() {window.SUImageCarousel.initGallery(document.getElementById(\"su_image_carousel_69f11880afc2e\"))}, 0);}var su_image_carousel_69f11880afc2e_script=document.getElementById(\"su_image_carousel_69f11880afc2e_script\");if(su_image_carousel_69f11880afc2e_script){su_image_carousel_69f11880afc2e_script.parentNode.removeChild(su_image_carousel_69f11880afc2e_script);}<\/script>\n<div class=\"su-divider su-divider-style-default\" style=\"margin:15px 0;border-width:3px;border-color:#999999\"><\/div>\n<h3><span class=\"ez-toc-section\" id=\"Isolierboxen_fuer_den_Versand_von_waermeempfindlichen_Lebensmitteln\"><\/span>Isolierboxen f\u00fcr den Versand von w\u00e4rmeempfindlichen Lebensmitteln<span class=\"ez-toc-section-end\"><\/span><\/h3>\n<div class=\"su-spacer\" style=\"height:30px\"><\/div>\n<p>Die <a href=\"\/kartons-schachteln-container\/thermoverpackungen-gefahrgutversand\/thermoboxen-zubehoer\/isolierbox-isopro_OFF_DE_1036.html\" target=\"_blank\" rel=\"noopener\">Isolierbox Isopro<\/a> ist eine Versandverpackung die insbesondere f\u00fcr Lebensmittel geeignet ist. Der extrudierte Schaum ist 3 mm stark und kann damit eine Isolierfunktion leisten, die mit der von 24 mm starkem extrudierten Polystyrol vergleichbar ist. Sie gew\u00e4hrt eine gleichbleibende Transporttemperatur von 0\u00b0C bis 4 \u00b0C je nach Anzahl der verwendeten K\u00fchlakkus.<\/p>\n<div class=\"su-image-carousel  su-image-carousel-has-spacing su-image-carousel-has-outline su-image-carousel-adaptive su-image-carousel-slides-style-default su-image-carousel-controls-style-light su-image-carousel-align-center\" style=\"\" data-flickity-options='{\"groupCells\":true,\"cellSelector\":\".su-image-carousel-item\",\"adaptiveHeight\":true,\"cellAlign\":\"left\",\"prevNextButtons\":true,\"pageDots\":false,\"autoPlay\":3000,\"imagesLoaded\":true,\"contain\":false,\"selectedAttraction\":0.025,\"friction\":0.28}' id=\"su_image_carousel_69f11880b01a5\"><div class=\"su-image-carousel-item\"><div class=\"su-image-carousel-item-content\"><img loading=\"lazy\" decoding=\"async\" width=\"1200\" height=\"1050\" src=\"https:\/\/www.rajapack.de\/verpackungsnews\/wp-content\/uploads\/2018\/10\/Karton-isoliert.jpg\" class=\"\" alt=\"Isolierbox aus Karton mit silberner, k\u00fchlender Innenwand\" srcset=\"https:\/\/www.rajapack.de\/verpackungsnews\/wp-content\/uploads\/2018\/10\/Karton-isoliert.jpg 1200w, https:\/\/www.rajapack.de\/verpackungsnews\/wp-content\/uploads\/2018\/10\/Karton-isoliert-300x263.jpg 300w, https:\/\/www.rajapack.de\/verpackungsnews\/wp-content\/uploads\/2018\/10\/Karton-isoliert-768x672.jpg 768w, https:\/\/www.rajapack.de\/verpackungsnews\/wp-content\/uploads\/2018\/10\/Karton-isoliert-1024x896.jpg 1024w\" sizes=\"(max-width: 1200px) 100vw, 1200px\" \/><\/div><\/div><\/div><script id=\"su_image_carousel_69f11880b01a5_script\">if(window.SUImageCarousel){setTimeout(function() {window.SUImageCarousel.initGallery(document.getElementById(\"su_image_carousel_69f11880b01a5\"))}, 0);}var su_image_carousel_69f11880b01a5_script=document.getElementById(\"su_image_carousel_69f11880b01a5_script\");if(su_image_carousel_69f11880b01a5_script){su_image_carousel_69f11880b01a5_script.parentNode.removeChild(su_image_carousel_69f11880b01a5_script);}<\/script>\n<div class=\"su-divider su-divider-style-default\" style=\"margin:15px 0;border-width:3px;border-color:#999999\"><\/div>\n<h3><span class=\"ez-toc-section\" id=\"Thermobeutel_Direkten_Kontakt_mit_dem_Kuehlakku_vermeiden\"><\/span>Thermobeutel: Direkten Kontakt mit dem K\u00fchlakku vermeiden<span class=\"ez-toc-section-end\"><\/span><\/h3>\n<div class=\"su-spacer\" style=\"height:30px\"><\/div>\n<p>Empfindliche Produkte sch\u00fctzen Sie mit <a href=\"\/kartons-schachteln-container\/thermoverpackungen-gefahrgutversand\/thermobeutel_C103220.html\" target=\"_blank\" rel=\"noopener\">Thermobeuteln<\/a> oder Thermo-Luftpolsterfolie. Wichtig: ein direkter Kontakt zu den K\u00fchlakkus sollte vermieden werden, damit es nicht zu Einfrierungen oder Gefrierbrand am Produkt kommt. Gleichzeitig sorgen aber auch die zus\u00e4tzlichen Thermoverpackungen f\u00fcr einen Schutz vor Temperaturschwankungen.<\/p>\n<p>F\u00fcr den Versand oder die Lieferung einzelner Produkte oder Medikamente sind Thermobeutel mit Druckverschluss eine empfehlenswerte Alternative. Durch eine integrierte wasserdichte Innentasche f\u00fcr den K\u00fchlakku sind die Produkte vor dem Einfrieren gesch\u00fctzt.<\/p>\n<div class=\"su-divider su-divider-style-default\" style=\"margin:15px 0;border-width:3px;border-color:#999999\"><\/div>\n<h2><span class=\"ez-toc-section\" id=\"Drei_Daemm-Materialien_im_Test\"><\/span>Drei D\u00e4mm-Materialien<strong> im Test<\/strong><span class=\"ez-toc-section-end\"><\/span><\/h2>\n<div class=\"su-spacer\" style=\"height:30px\"><\/div>\n<p>Im Test wurden drei Schokoladentafeln \u00e1 850 Gramm bei 5 Grad Celsius gelagert und verpackt, und zwar jeweils mit zwei GelPacks (680g bei minus 10 Grad Celsius gelagert) und in einem Paket 30x25x18cm. Dreimal identische Bedingungen also, bis auf einen Unterschied: Gepolstert wurde einmal mit\u00a0<strong>Styropor (EPS)<\/strong>, einmal mit\u00a0<strong>alubeschichteter Luftpolsterfolie<\/strong>, und einmal mit\u00a0<strong>Papierpolster<\/strong>\u00a0aus der WrapPak Protector.<\/p>\n<p><img loading=\"lazy\" decoding=\"async\" class=\"size-full wp-image-24893 aligncenter\" src=\"https:\/\/www.rajapack.de\/verpackungsnews\/wp-content\/uploads\/2019\/04\/Schaubild-test-Materialien.png\" alt=\"K\u00fchltest verpackung\" width=\"544\" height=\"312\" srcset=\"https:\/\/www.rajapack.de\/verpackungsnews\/wp-content\/uploads\/2019\/04\/Schaubild-test-Materialien.png 544w, https:\/\/www.rajapack.de\/verpackungsnews\/wp-content\/uploads\/2019\/04\/Schaubild-test-Materialien-300x172.png 300w\" sizes=\"(max-width: 544px) 100vw, 544px\" \/><\/p>\n<p>Styropor =<strong>\u00a0<span data-gtm-tracked-element=\"true\">gelb<\/span><\/strong>; alubeschichtete Luftpolsterfolie =\u00a0<strong><span data-gtm-tracked-element=\"true\">rot<\/span><\/strong>; Papierpolster =\u00a0<strong><span data-gtm-tracked-element=\"true\">blau<\/span><\/strong><\/p>\n<p><span id=\"Das_Ergebnis_des_Tests\" class=\"ez-toc-section\" data-gtm-tracked-element=\"true\"><\/span><strong>Das Ergebnis des Tests:<\/strong><\/p>\n<div class=\"su-spacer\"><div class=\"su-spacer\" style=\"height:30px\"><\/div><\/div>\n<p>Die Temperaturkurven verlaufen zun\u00e4chst ziemlich parallel. Ungef\u00e4hr nach 18 Stunden aber geht der Luftpolsterfolie, im Sinne der K\u00fchlleistung, buchst\u00e4blich die Luft aus: Ein rasanter Temperaturanstieg auf bis zu 16 Grad Celsius nach 24 Stunden im Paket f\u00fchrt zu einer Unterbrechung der K\u00fchlkette und somit zu m\u00f6glichen Sch\u00e4den am Produkt.<\/p>\n<p>Die EPS-Isolierung und das Papierpolster haben im Test auch nach 24h noch vergleichbar gute Werte: Die Temperatur im Paket lag bei beiden nach dieser Zeit bei rund 8 Grad Celsius.<\/p>\n<p>&nbsp;<\/p>\n<p><strong>Der Sommer kann also kommen \ud83d\ude42<\/strong><\/p>\n","protected":false},"excerpt":{"rendered":"<p>Sommer, Sonne, Sommerhitze. Der eine vertr\u00e4gt sie besser, der andere weniger gut. Genauso ist es auch beim Versenden oder Transportieren von w\u00e4rmeempfindlichen Produkten. Gerade beim Versand von pharmazeutischen Produkten aber [&#8230;]<\/p>\n","protected":false},"author":24,"featured_media":25486,"comment_status":"open","ping_status":"closed","sticky":false,"template":"","format":"standard","meta":{"_acf_changed":false,"footnotes":""},"categories":[20],"tags":[754,776,725],"class_list":["post-15607","post","type-post","status-publish","format-standard","has-post-thumbnail","hentry","category-know-how","tag-lebensmittel","tag-schuetzen","tag-versenden"],"acf":[],"yoast_head":"<!-- This site is optimized with the Yoast SEO plugin v23.0 - https:\/\/yoast.com\/wordpress\/plugins\/seo\/ -->\n<title>Wie lange h\u00e4lt die Isolierbox k\u00fchl?<\/title>\n<meta name=\"description\" content=\"Tipps f\u00fcr den Versand von w\u00e4rmeempfindlichen Produkten: Wie lange h\u00e4lt die K\u00fchlbox kalt? Wir zeigen, wie der K\u00fchlversand gelingt.\" \/>\n<meta name=\"robots\" content=\"index, follow, max-snippet:-1, max-image-preview:large, max-video-preview:-1\" \/>\n<link rel=\"canonical\" href=\"https:\/\/www.rajapack.de\/verpackungsnews\/isolierbox\" \/>\n<meta property=\"og:locale\" content=\"de_DE\" \/>\n<meta property=\"og:type\" content=\"article\" \/>\n<meta property=\"og:title\" content=\"Wie lange h\u00e4lt die Isolierbox k\u00fchl?\" \/>\n<meta property=\"og:description\" content=\"Tipps f\u00fcr den Versand von w\u00e4rmeempfindlichen Produkten: Wie lange h\u00e4lt die K\u00fchlbox kalt? Wir zeigen, wie der K\u00fchlversand gelingt.\" \/>\n<meta property=\"og:url\" content=\"https:\/\/www.rajapack.de\/verpackungsnews\/isolierbox\" \/>\n<meta property=\"og:site_name\" content=\"RAJAPACK Blog DE\" \/>\n<meta property=\"article:published_time\" content=\"2025-07-07T07:44:10+00:00\" \/>\n<meta property=\"article:modified_time\" content=\"2026-01-12T10:22:10+00:00\" \/>\n<meta property=\"og:image\" content=\"https:\/\/www.rajapack.de\/verpackungsnews\/wp-content\/uploads\/2018\/10\/rajapack-header-dt-thermobox.jpg\" \/>\n\t<meta property=\"og:image:width\" content=\"1545\" \/>\n\t<meta property=\"og:image:height\" content=\"588\" \/>\n\t<meta property=\"og:image:type\" content=\"image\/jpeg\" \/>\n<meta name=\"author\" content=\"RAJAPACK\" \/>\n<meta name=\"twitter:card\" content=\"summary_large_image\" \/>\n<meta name=\"twitter:label1\" content=\"Verfasst von\" \/>\n\t<meta name=\"twitter:data1\" content=\"RAJAPACK\" \/>\n\t<meta name=\"twitter:label2\" content=\"Gesch\u00e4tzte Lesezeit\" \/>\n\t<meta name=\"twitter:data2\" content=\"13 Minuten\" \/>\n<script type=\"application\/ld+json\" class=\"yoast-schema-graph\">{\n\t    \"@context\": \"https:\/\/schema.org\",\n\t    \"@graph\": [\n\t        {\n\t            \"@type\": \"WebPage\",\n\t            \"@id\": \"https:\/\/www.rajapack.de\/verpackungsnews\/isolierbox\",\n\t            \"url\": \"https:\/\/www.rajapack.de\/verpackungsnews\/isolierbox\",\n\t            \"name\": \"Wie lange h\u00e4lt die Isolierbox k\u00fchl?\",\n\t            \"isPartOf\": {\n\t                \"@id\": \"https:\/\/www.rajapack.de\/verpackungsnews\/#website\"\n\t            },\n\t            \"primaryImageOfPage\": {\n\t                \"@id\": \"https:\/\/www.rajapack.de\/verpackungsnews\/isolierbox#primaryimage\"\n\t            },\n\t            \"image\": {\n\t                \"@id\": \"https:\/\/www.rajapack.de\/verpackungsnews\/isolierbox#primaryimage\"\n\t            },\n\t            \"thumbnailUrl\": \"https:\/\/www.rajapack.de\/verpackungsnews\/wp-content\/uploads\/2018\/10\/rajapack-header-dt-thermobox.jpg\",\n\t            \"datePublished\": \"2025-07-07T07:44:10+00:00\",\n\t            \"dateModified\": \"2026-01-12T10:22:10+00:00\",\n\t            \"author\": {\n\t                \"@id\": \"https:\/\/www.rajapack.de\/verpackungsnews\/#\/schema\/person\/c6abd9a6a6c07cf31072cda42444cbec\"\n\t            },\n\t            \"description\": \"Tipps f\u00fcr den Versand von w\u00e4rmeempfindlichen Produkten: Wie lange h\u00e4lt die K\u00fchlbox kalt? Wir zeigen, wie der K\u00fchlversand gelingt.\",\n\t            \"inLanguage\": \"de-DE\",\n\t            \"potentialAction\": [\n\t                {\n\t                    \"@type\": \"ReadAction\",\n\t                    \"target\": [\n\t                        \"https:\/\/www.rajapack.de\/verpackungsnews\/isolierbox\"\n\t                    ]\n\t                }\n\t            ]\n\t        },\n\t        {\n\t            \"@type\": \"ImageObject\",\n\t            \"inLanguage\": \"de-DE\",\n\t            \"@id\": \"https:\/\/www.rajapack.de\/verpackungsnews\/isolierbox#primaryimage\",\n\t            \"url\": \"https:\/\/www.rajapack.de\/verpackungsnews\/wp-content\/uploads\/2018\/10\/rajapack-header-dt-thermobox.jpg\",\n\t            \"contentUrl\": \"https:\/\/www.rajapack.de\/verpackungsnews\/wp-content\/uploads\/2018\/10\/rajapack-header-dt-thermobox.jpg\",\n\t            \"width\": 1545,\n\t            \"height\": 588,\n\t            \"caption\": \"Wie k\u00fchl versenden\"\n\t        },\n\t        {\n\t            \"@type\": \"WebSite\",\n\t            \"@id\": \"https:\/\/www.rajapack.de\/verpackungsnews\/#website\",\n\t            \"url\": \"https:\/\/www.rajapack.de\/verpackungsnews\/\",\n\t            \"name\": \"RAJAPACK Blog DE\",\n\t            \"description\": \"Verpackungsnews vom Experten\",\n\t            \"potentialAction\": [\n\t                {\n\t                    \"@type\": \"SearchAction\",\n\t                    \"target\": {\n\t                        \"@type\": \"EntryPoint\",\n\t                        \"urlTemplate\": \"https:\/\/www.rajapack.de\/verpackungsnews\/?s={search_term_string}\"\n\t                    },\n\t                    \"query-input\": \"required name=search_term_string\"\n\t                }\n\t            ],\n\t            \"inLanguage\": \"de-DE\"\n\t        },\n\t        {\n\t            \"@type\": \"Person\",\n\t            \"@id\": \"https:\/\/www.rajapack.de\/verpackungsnews\/#\/schema\/person\/c6abd9a6a6c07cf31072cda42444cbec\",\n\t            \"name\": \"RAJAPACK\",\n\t            \"image\": {\n\t                \"@type\": \"ImageObject\",\n\t                \"inLanguage\": \"de-DE\",\n\t                \"@id\": \"https:\/\/www.rajapack.de\/verpackungsnews\/#\/schema\/person\/image\/\",\n\t                \"url\": \"https:\/\/secure.gravatar.com\/avatar\/4c95834f3b6420b1fbe980903e066e22?s=96&d=mm&r=g\",\n\t                \"contentUrl\": \"https:\/\/secure.gravatar.com\/avatar\/4c95834f3b6420b1fbe980903e066e22?s=96&d=mm&r=g\",\n\t                \"caption\": \"RAJAPACK\"\n\t            },\n\t            \"url\": \"https:\/\/www.rajapack.de\/verpackungsnews\/author\/rajapack\"\n\t        }\n\t    ]\n\t}<\/script>\n<!-- \/ Yoast SEO plugin. -->","yoast_head_json":{"title":"Wie lange h\u00e4lt die Isolierbox k\u00fchl?","description":"Tipps f\u00fcr den Versand von w\u00e4rmeempfindlichen Produkten: Wie lange h\u00e4lt die K\u00fchlbox kalt? Wir zeigen, wie der K\u00fchlversand gelingt.","robots":{"index":"index","follow":"follow","max-snippet":"max-snippet:-1","max-image-preview":"max-image-preview:large","max-video-preview":"max-video-preview:-1"},"canonical":"https:\/\/www.rajapack.de\/verpackungsnews\/isolierbox","og_locale":"de_DE","og_type":"article","og_title":"Wie lange h\u00e4lt die Isolierbox k\u00fchl?","og_description":"Tipps f\u00fcr den Versand von w\u00e4rmeempfindlichen Produkten: Wie lange h\u00e4lt die K\u00fchlbox kalt? Wir zeigen, wie der K\u00fchlversand gelingt.","og_url":"https:\/\/www.rajapack.de\/verpackungsnews\/isolierbox","og_site_name":"RAJAPACK Blog DE","article_published_time":"2025-07-07T07:44:10+00:00","article_modified_time":"2026-01-12T10:22:10+00:00","og_image":[{"width":1545,"height":588,"url":"https:\/\/www.rajapack.de\/verpackungsnews\/wp-content\/uploads\/2018\/10\/rajapack-header-dt-thermobox.jpg","type":"image\/jpeg"}],"author":"RAJAPACK","twitter_card":"summary_large_image","twitter_misc":{"Verfasst von":"RAJAPACK","Gesch\u00e4tzte Lesezeit":"13 Minuten"},"schema":{"@context":"https:\/\/schema.org","@graph":[{"@type":"WebPage","@id":"https:\/\/www.rajapack.de\/verpackungsnews\/isolierbox","url":"https:\/\/www.rajapack.de\/verpackungsnews\/isolierbox","name":"Wie lange h\u00e4lt die Isolierbox k\u00fchl?","isPartOf":{"@id":"https:\/\/www.rajapack.de\/verpackungsnews\/#website"},"primaryImageOfPage":{"@id":"https:\/\/www.rajapack.de\/verpackungsnews\/isolierbox#primaryimage"},"image":{"@id":"https:\/\/www.rajapack.de\/verpackungsnews\/isolierbox#primaryimage"},"thumbnailUrl":"https:\/\/www.rajapack.de\/verpackungsnews\/wp-content\/uploads\/2018\/10\/rajapack-header-dt-thermobox.jpg","datePublished":"2025-07-07T07:44:10+00:00","dateModified":"2026-01-12T10:22:10+00:00","author":{"@id":"https:\/\/www.rajapack.de\/verpackungsnews\/#\/schema\/person\/c6abd9a6a6c07cf31072cda42444cbec"},"description":"Tipps f\u00fcr den Versand von w\u00e4rmeempfindlichen Produkten: Wie lange h\u00e4lt die K\u00fchlbox kalt? Wir zeigen, wie der K\u00fchlversand gelingt.","inLanguage":"de-DE","potentialAction":[{"@type":"ReadAction","target":["https:\/\/www.rajapack.de\/verpackungsnews\/isolierbox"]}]},{"@type":"ImageObject","inLanguage":"de-DE","@id":"https:\/\/www.rajapack.de\/verpackungsnews\/isolierbox#primaryimage","url":"https:\/\/www.rajapack.de\/verpackungsnews\/wp-content\/uploads\/2018\/10\/rajapack-header-dt-thermobox.jpg","contentUrl":"https:\/\/www.rajapack.de\/verpackungsnews\/wp-content\/uploads\/2018\/10\/rajapack-header-dt-thermobox.jpg","width":1545,"height":588,"caption":"Wie k\u00fchl versenden"},{"@type":"WebSite","@id":"https:\/\/www.rajapack.de\/verpackungsnews\/#website","url":"https:\/\/www.rajapack.de\/verpackungsnews\/","name":"RAJAPACK Blog DE","description":"Verpackungsnews vom Experten","potentialAction":[{"@type":"SearchAction","target":{"@type":"EntryPoint","urlTemplate":"https:\/\/www.rajapack.de\/verpackungsnews\/?s={search_term_string}"},"query-input":"required name=search_term_string"}],"inLanguage":"de-DE"},{"@type":"Person","@id":"https:\/\/www.rajapack.de\/verpackungsnews\/#\/schema\/person\/c6abd9a6a6c07cf31072cda42444cbec","name":"RAJAPACK","image":{"@type":"ImageObject","inLanguage":"de-DE","@id":"https:\/\/www.rajapack.de\/verpackungsnews\/#\/schema\/person\/image\/","url":"https:\/\/secure.gravatar.com\/avatar\/4c95834f3b6420b1fbe980903e066e22?s=96&d=mm&r=g","contentUrl":"https:\/\/secure.gravatar.com\/avatar\/4c95834f3b6420b1fbe980903e066e22?s=96&d=mm&r=g","caption":"RAJAPACK"},"url":"https:\/\/www.rajapack.de\/verpackungsnews\/author\/rajapack"}]}},"_links":{"self":[{"href":"https:\/\/www.rajapack.de\/verpackungsnews\/wp-json\/wp\/v2\/posts\/15607"}],"collection":[{"href":"https:\/\/www.rajapack.de\/verpackungsnews\/wp-json\/wp\/v2\/posts"}],"about":[{"href":"https:\/\/www.rajapack.de\/verpackungsnews\/wp-json\/wp\/v2\/types\/post"}],"author":[{"embeddable":true,"href":"https:\/\/www.rajapack.de\/verpackungsnews\/wp-json\/wp\/v2\/users\/24"}],"replies":[{"embeddable":true,"href":"https:\/\/www.rajapack.de\/verpackungsnews\/wp-json\/wp\/v2\/comments?post=15607"}],"version-history":[{"count":14,"href":"https:\/\/www.rajapack.de\/verpackungsnews\/wp-json\/wp\/v2\/posts\/15607\/revisions"}],"predecessor-version":[{"id":33379,"href":"https:\/\/www.rajapack.de\/verpackungsnews\/wp-json\/wp\/v2\/posts\/15607\/revisions\/33379"}],"wp:featuredmedia":[{"embeddable":true,"href":"https:\/\/www.rajapack.de\/verpackungsnews\/wp-json\/wp\/v2\/media\/25486"}],"wp:attachment":[{"href":"https:\/\/www.rajapack.de\/verpackungsnews\/wp-json\/wp\/v2\/media?parent=15607"}],"wp:term":[{"taxonomy":"category","embeddable":true,"href":"https:\/\/www.rajapack.de\/verpackungsnews\/wp-json\/wp\/v2\/categories?post=15607"},{"taxonomy":"post_tag","embeddable":true,"href":"https:\/\/www.rajapack.de\/verpackungsnews\/wp-json\/wp\/v2\/tags?post=15607"}],"curies":[{"name":"wp","href":"https:\/\/api.w.org\/{rel}","templated":true}]}}