{"id":11655,"date":"2017-03-01T08:48:53","date_gmt":"2017-03-01T07:48:53","guid":{"rendered":"https:\/\/www.rajapack.de\/verpackungsnews\/?p=11655"},"modified":"2025-08-20T10:42:13","modified_gmt":"2025-08-20T08:42:13","slug":"faschingskostuem-aus-karton","status":"publish","type":"post","link":"https:\/\/www.rajapack.de\/verpackungsnews\/faschingskostuem-aus-karton","title":{"rendered":"Kost\u00fcme aus Verpackungsmaterial"},"content":{"rendered":"<h5>Fasching, Karneval, Fasnet, Fasnacht, Fastelovend&#8230; So vielf\u00e4ltig wie die Begrifflichkeiten je Region, so vielf\u00e4ltig und kreativ sind auch immer die ausgefallenen Kost\u00fcme. Das sich Verpackungsmaterialien nicht nur zum Verpacken von Produkten eignen, zeigen uns auch immer wieder unsere Kunden und \u00fcberraschen uns mit ausgefallenen Ideen. Was man zur Fasching so alles mit Wellpappe anstellen kann zeigt uns diesmal eine Kundin aus der Schweiz. Die Bastler haben damit sogar den ersten Preis bei der Schulfasnacht gewonnen! V\u00f6llig verdient wie wir finden.<\/h5>\n<div class=\"su-spacer\" style=\"height:20px\"><\/div><div class=\"su-divider su-divider-style-default\" style=\"margin:15px 0;border-width:3px;border-color:#999999\"><\/div><div class=\"su-spacer\" style=\"height:20px\"><\/div>\n<p>Die Idee stammt von einem der Jungs selbst\u00a0 \u2013 in seiner Klasse gibt es derzeit 7 Jungs, also 7 Zwerge. Alle seiner Klassenkameraden wollten dann aber nicht mitmachen da waren es nur noch 4 Zwerge, die sich aber umso eifriger ans Basteln gemacht haben.<\/p>\n<p>Die H\u00fcte wurden mit Wellkarton geformt und anschlie\u00dfend mit 2 Schichten Papier zus\u00e4tzlich gekleistert und mit roter Spr\u00fchfarbe angespr\u00fcht. Aus den folgenden Materialien wurde dann der Zwergenk\u00f6rper geformt:<\/p>\n<p>Jacken\/Hemden, eine hautfarbenes T-Shirt, Handschuhe, Nase, Brille und Bart und Stopfwatte, um die \u00c4rmel auszustopfen. F\u00fcr das Gesicht wurden die Kulleraugen auf das T-Shirt geklebt, Bart, Nase und Brille wurden angen\u00e4ht.<\/p>\n<p>Der j\u00fcngere Bruder wollte seinem gro\u00dfen Bruder nat\u00fcrlich in nichts nachstehen und hat mit der Giraffe sogar noch eines drauf gesetzt. Der Giraffenhals ist aus einer Kartonr\u00f6hre. Der Kopf ist aus einem Ballon, ebenfalls mit Kleister \u00fcberzogen, und der Hals wurde dann noch mit einigen Schichten Kleister verst\u00e4rkt. Das Kleid wurde aus Giraffenstoff gen\u00e4ht und der ganze Hals inkl. Kopf wurde mit Hilfe von Spr\u00fchkleber mit dem restlichen Stoff \u00fcberzogen.<\/p>\n<p>Wahre Kunstwerke die dann bei der heimischen Schulfasnacht beide den ersten Preis gewonnen haben: einmal in der Kategorie Einzelmasken und in der Kategorie Gruppen. Und doppelten Spa\u00df hatten die Jungs auch \u2013 sowohl beim Basteln als auch beim Fasching selbst. \ud83d\ude42<\/p>\n<div class=\"su-image-carousel  su-image-carousel-columns-2 su-image-carousel-has-spacing su-image-carousel-has-outline su-image-carousel-adaptive su-image-carousel-slides-style-default su-image-carousel-controls-style-dark su-image-carousel-align-center\" style=\"\" data-flickity-options='{\"groupCells\":true,\"cellSelector\":\".su-image-carousel-item\",\"adaptiveHeight\":true,\"cellAlign\":\"left\",\"prevNextButtons\":false,\"pageDots\":false,\"autoPlay\":5000,\"imagesLoaded\":true,\"contain\":false,\"selectedAttraction\":0.025,\"friction\":0.28}' id=\"su_image_carousel_69f1fe31d1749\"><div class=\"su-image-carousel-item\"><div class=\"su-image-carousel-item-content\"><img loading=\"lazy\" decoding=\"async\" width=\"300\" height=\"200\" src=\"https:\/\/www.rajapack.de\/verpackungsnews\/wp-content\/uploads\/2017\/03\/Zwerge-Huete.jpg\" class=\"\" alt=\"Zwergen-Kost\u00fcm aus Verpackungsmaterial\" \/><\/div><\/div><div class=\"su-image-carousel-item\"><div class=\"su-image-carousel-item-content\"><img loading=\"lazy\" decoding=\"async\" width=\"201\" height=\"300\" src=\"https:\/\/www.rajapack.de\/verpackungsnews\/wp-content\/uploads\/2017\/03\/Giraffe-kostuem.jpg\" class=\"\" alt=\"Giraffenkost\u00fcm aus Verpackungsmaterial\" \/><\/div><\/div><\/div><script id=\"su_image_carousel_69f1fe31d1749_script\">if(window.SUImageCarousel){setTimeout(function() {window.SUImageCarousel.initGallery(document.getElementById(\"su_image_carousel_69f1fe31d1749\"))}, 0);}var su_image_carousel_69f1fe31d1749_script=document.getElementById(\"su_image_carousel_69f1fe31d1749_script\");if(su_image_carousel_69f1fe31d1749_script){su_image_carousel_69f1fe31d1749_script.parentNode.removeChild(su_image_carousel_69f1fe31d1749_script);}<\/script>\n<div class=\"su-spacer\" style=\"height:20px\"><\/div>\n<div class=\"column mcb-column one column_column\">\n<div class=\"column_attr clearfix align_center\">\n<h2>Roboter-Kost\u00fcm aus Karton<\/h2>\n<\/div>\n<\/div>\n<div class=\"column mcb-column one column_column\">\n<div class=\"column_attr clearfix\">\n<div class=\"su-spacer\" style=\"height:20px\"><\/div>\n<p>Eine weitere Anregung von uns f\u00fcr originelle Kost\u00fcme aus Verpackungsmaterial: Der Roboter. Simpel und einfach nachzubauen, dank futuristischer Formen l\u00e4sst sich nahezu alles aus der Welt der Verpackung verbauen. Dieses nette Kerlchen ist beispielsweise aus vorhandenen Verpackungen aus unserem Musterlager entstanden \ud83d\ude09<\/p>\n<div class=\"su-custom-gallery su-custom-gallery-align-left su-custom-gallery-title-never\"><div class=\"su-custom-gallery-slide\" style=\"width:680px;height:410px\"><a><img loading=\"lazy\" decoding=\"async\" src=\"https:\/\/www.rajapack.de\/verpackungsnews\/wp-content\/uploads\/2017\/03\/roboter-kostuem-680x410.jpg\" alt=\"roboter-kostuem\" width=\"680\" height=\"410\" \/><span class=\"su-custom-gallery-title\">roboter-kostuem<\/span><\/a><\/div><div class=\"su-clear\"><\/div><\/div>\n<\/div>\n<\/div>\n<div class=\"column mcb-column mcb-item-4fcfa0b7a one column_nb_txt\">\n<div class=\"section mcb-section spacing-standard \">\n<div class=\"section_wrapper mcb-section-inner\">\n<div class=\"wrap mcb-wrap one small-con valign-top clearfix\">\n<div class=\"mcb-wrap-inner\">\n<div class=\"column mcb-column one column_column\">\n<div class=\"column_attr clearfix align_center\"><\/div>\n<\/div>\n<\/div>\n<\/div>\n<\/div>\n<\/div>\n<\/div>\n","protected":false},"excerpt":{"rendered":"<p>Fasching, Karneval, Fasnet, Fasnacht, Fastelovend&#8230; So vielf\u00e4ltig wie die Begrifflichkeiten je Region, so vielf\u00e4ltig und kreativ sind auch immer die ausgefallenen Kost\u00fcme. Das sich Verpackungsmaterialien nicht nur zum Verpacken von [&#8230;]<\/p>\n","protected":false},"author":24,"featured_media":27112,"comment_status":"open","ping_status":"closed","sticky":false,"template":"","format":"standard","meta":{"_acf_changed":false,"footnotes":""},"categories":[12],"tags":[769],"class_list":["post-11655","post","type-post","status-publish","format-standard","has-post-thumbnail","hentry","category-raja-insights","tag-diy"],"acf":[],"yoast_head":"<!-- This site is optimized with the Yoast SEO plugin v23.0 - https:\/\/yoast.com\/wordpress\/plugins\/seo\/ -->\n<title>Kost\u00fcme aus Verpackungsmaterial<\/title>\n<meta name=\"description\" content=\"Verpackungen eignen sich nicht nur zum Verpacken von Produkten, unsere Kundenzeigen uns Kostueme aus Verpackungsmaterial.\" \/>\n<meta name=\"robots\" content=\"index, follow, max-snippet:-1, max-image-preview:large, max-video-preview:-1\" \/>\n<link rel=\"canonical\" href=\"https:\/\/www.rajapack.de\/verpackungsnews\/faschingskostuem-aus-karton\" \/>\n<meta property=\"og:locale\" content=\"de_DE\" \/>\n<meta property=\"og:type\" content=\"article\" \/>\n<meta property=\"og:title\" content=\"Kost\u00fcme aus Verpackungsmaterial\" \/>\n<meta property=\"og:description\" content=\"Verpackungen eignen sich nicht nur zum Verpacken von Produkten, unsere Kundenzeigen uns Kostueme aus Verpackungsmaterial.\" \/>\n<meta property=\"og:url\" content=\"https:\/\/www.rajapack.de\/verpackungsnews\/faschingskostuem-aus-karton\" \/>\n<meta property=\"og:site_name\" content=\"RAJAPACK Blog DE\" \/>\n<meta property=\"article:published_time\" content=\"2017-03-01T07:48:53+00:00\" \/>\n<meta property=\"article:modified_time\" content=\"2025-08-20T08:42:13+00:00\" \/>\n<meta property=\"og:image\" content=\"https:\/\/www.rajapack.de\/verpackungsnews\/wp-content\/uploads\/2017\/03\/Kostuem-aus-Verpackung.jpg\" \/>\n\t<meta property=\"og:image:width\" content=\"810\" \/>\n\t<meta property=\"og:image:height\" content=\"420\" \/>\n\t<meta property=\"og:image:type\" content=\"image\/jpeg\" \/>\n<meta name=\"author\" content=\"RAJAPACK\" \/>\n<meta name=\"twitter:card\" content=\"summary_large_image\" \/>\n<meta name=\"twitter:label1\" content=\"Verfasst von\" \/>\n\t<meta name=\"twitter:data1\" content=\"RAJAPACK\" \/>\n\t<meta name=\"twitter:label2\" content=\"Gesch\u00e4tzte Lesezeit\" \/>\n\t<meta name=\"twitter:data2\" content=\"3 Minuten\" \/>\n<script type=\"application\/ld+json\" class=\"yoast-schema-graph\">{\n\t    \"@context\": \"https:\/\/schema.org\",\n\t    \"@graph\": [\n\t        {\n\t            \"@type\": \"WebPage\",\n\t            \"@id\": \"https:\/\/www.rajapack.de\/verpackungsnews\/faschingskostuem-aus-karton\",\n\t            \"url\": \"https:\/\/www.rajapack.de\/verpackungsnews\/faschingskostuem-aus-karton\",\n\t            \"name\": \"Kost\u00fcme aus Verpackungsmaterial\",\n\t            \"isPartOf\": {\n\t                \"@id\": \"https:\/\/www.rajapack.de\/verpackungsnews\/#website\"\n\t            },\n\t            \"primaryImageOfPage\": {\n\t                \"@id\": \"https:\/\/www.rajapack.de\/verpackungsnews\/faschingskostuem-aus-karton#primaryimage\"\n\t            },\n\t            \"image\": {\n\t                \"@id\": \"https:\/\/www.rajapack.de\/verpackungsnews\/faschingskostuem-aus-karton#primaryimage\"\n\t            },\n\t            \"thumbnailUrl\": \"https:\/\/www.rajapack.de\/verpackungsnews\/wp-content\/uploads\/2017\/03\/Kostuem-aus-Verpackung.jpg\",\n\t            \"datePublished\": \"2017-03-01T07:48:53+00:00\",\n\t            \"dateModified\": \"2025-08-20T08:42:13+00:00\",\n\t            \"author\": {\n\t                \"@id\": \"https:\/\/www.rajapack.de\/verpackungsnews\/#\/schema\/person\/c6abd9a6a6c07cf31072cda42444cbec\"\n\t            },\n\t            \"description\": \"Verpackungen eignen sich nicht nur zum Verpacken von Produkten, unsere Kundenzeigen uns Kostueme aus Verpackungsmaterial.\",\n\t            \"inLanguage\": \"de-DE\",\n\t            \"potentialAction\": [\n\t                {\n\t                    \"@type\": \"ReadAction\",\n\t                    \"target\": [\n\t                        \"https:\/\/www.rajapack.de\/verpackungsnews\/faschingskostuem-aus-karton\"\n\t                    ]\n\t                }\n\t            ]\n\t        },\n\t        {\n\t            \"@type\": \"ImageObject\",\n\t            \"inLanguage\": \"de-DE\",\n\t            \"@id\": \"https:\/\/www.rajapack.de\/verpackungsnews\/faschingskostuem-aus-karton#primaryimage\",\n\t            \"url\": \"https:\/\/www.rajapack.de\/verpackungsnews\/wp-content\/uploads\/2017\/03\/Kostuem-aus-Verpackung.jpg\",\n\t            \"contentUrl\": \"https:\/\/www.rajapack.de\/verpackungsnews\/wp-content\/uploads\/2017\/03\/Kostuem-aus-Verpackung.jpg\",\n\t            \"width\": 810,\n\t            \"height\": 420,\n\t            \"caption\": \"Kost\u00fcme aus Verpackungsmaterial\"\n\t        },\n\t        {\n\t            \"@type\": \"WebSite\",\n\t            \"@id\": \"https:\/\/www.rajapack.de\/verpackungsnews\/#website\",\n\t            \"url\": \"https:\/\/www.rajapack.de\/verpackungsnews\/\",\n\t            \"name\": \"RAJAPACK Blog DE\",\n\t            \"description\": \"Verpackungsnews vom Experten\",\n\t            \"potentialAction\": [\n\t                {\n\t                    \"@type\": \"SearchAction\",\n\t                    \"target\": {\n\t                        \"@type\": \"EntryPoint\",\n\t                        \"urlTemplate\": \"https:\/\/www.rajapack.de\/verpackungsnews\/?s={search_term_string}\"\n\t                    },\n\t                    \"query-input\": \"required name=search_term_string\"\n\t                }\n\t            ],\n\t            \"inLanguage\": \"de-DE\"\n\t        },\n\t        {\n\t            \"@type\": \"Person\",\n\t            \"@id\": \"https:\/\/www.rajapack.de\/verpackungsnews\/#\/schema\/person\/c6abd9a6a6c07cf31072cda42444cbec\",\n\t            \"name\": \"RAJAPACK\",\n\t            \"image\": {\n\t                \"@type\": \"ImageObject\",\n\t                \"inLanguage\": \"de-DE\",\n\t                \"@id\": \"https:\/\/www.rajapack.de\/verpackungsnews\/#\/schema\/person\/image\/\",\n\t                \"url\": \"https:\/\/secure.gravatar.com\/avatar\/4c95834f3b6420b1fbe980903e066e22?s=96&d=mm&r=g\",\n\t                \"contentUrl\": \"https:\/\/secure.gravatar.com\/avatar\/4c95834f3b6420b1fbe980903e066e22?s=96&d=mm&r=g\",\n\t                \"caption\": \"RAJAPACK\"\n\t            },\n\t            \"url\": \"https:\/\/www.rajapack.de\/verpackungsnews\/author\/rajapack\"\n\t        }\n\t    ]\n\t}<\/script>\n<!-- \/ Yoast SEO plugin. -->","yoast_head_json":{"title":"Kost\u00fcme aus Verpackungsmaterial","description":"Verpackungen eignen sich nicht nur zum Verpacken von Produkten, unsere Kundenzeigen uns Kostueme aus Verpackungsmaterial.","robots":{"index":"index","follow":"follow","max-snippet":"max-snippet:-1","max-image-preview":"max-image-preview:large","max-video-preview":"max-video-preview:-1"},"canonical":"https:\/\/www.rajapack.de\/verpackungsnews\/faschingskostuem-aus-karton","og_locale":"de_DE","og_type":"article","og_title":"Kost\u00fcme aus Verpackungsmaterial","og_description":"Verpackungen eignen sich nicht nur zum Verpacken von Produkten, unsere Kundenzeigen uns Kostueme aus Verpackungsmaterial.","og_url":"https:\/\/www.rajapack.de\/verpackungsnews\/faschingskostuem-aus-karton","og_site_name":"RAJAPACK Blog DE","article_published_time":"2017-03-01T07:48:53+00:00","article_modified_time":"2025-08-20T08:42:13+00:00","og_image":[{"width":810,"height":420,"url":"https:\/\/www.rajapack.de\/verpackungsnews\/wp-content\/uploads\/2017\/03\/Kostuem-aus-Verpackung.jpg","type":"image\/jpeg"}],"author":"RAJAPACK","twitter_card":"summary_large_image","twitter_misc":{"Verfasst von":"RAJAPACK","Gesch\u00e4tzte Lesezeit":"3 Minuten"},"schema":{"@context":"https:\/\/schema.org","@graph":[{"@type":"WebPage","@id":"https:\/\/www.rajapack.de\/verpackungsnews\/faschingskostuem-aus-karton","url":"https:\/\/www.rajapack.de\/verpackungsnews\/faschingskostuem-aus-karton","name":"Kost\u00fcme aus Verpackungsmaterial","isPartOf":{"@id":"https:\/\/www.rajapack.de\/verpackungsnews\/#website"},"primaryImageOfPage":{"@id":"https:\/\/www.rajapack.de\/verpackungsnews\/faschingskostuem-aus-karton#primaryimage"},"image":{"@id":"https:\/\/www.rajapack.de\/verpackungsnews\/faschingskostuem-aus-karton#primaryimage"},"thumbnailUrl":"https:\/\/www.rajapack.de\/verpackungsnews\/wp-content\/uploads\/2017\/03\/Kostuem-aus-Verpackung.jpg","datePublished":"2017-03-01T07:48:53+00:00","dateModified":"2025-08-20T08:42:13+00:00","author":{"@id":"https:\/\/www.rajapack.de\/verpackungsnews\/#\/schema\/person\/c6abd9a6a6c07cf31072cda42444cbec"},"description":"Verpackungen eignen sich nicht nur zum Verpacken von Produkten, unsere Kundenzeigen uns Kostueme aus Verpackungsmaterial.","inLanguage":"de-DE","potentialAction":[{"@type":"ReadAction","target":["https:\/\/www.rajapack.de\/verpackungsnews\/faschingskostuem-aus-karton"]}]},{"@type":"ImageObject","inLanguage":"de-DE","@id":"https:\/\/www.rajapack.de\/verpackungsnews\/faschingskostuem-aus-karton#primaryimage","url":"https:\/\/www.rajapack.de\/verpackungsnews\/wp-content\/uploads\/2017\/03\/Kostuem-aus-Verpackung.jpg","contentUrl":"https:\/\/www.rajapack.de\/verpackungsnews\/wp-content\/uploads\/2017\/03\/Kostuem-aus-Verpackung.jpg","width":810,"height":420,"caption":"Kost\u00fcme aus Verpackungsmaterial"},{"@type":"WebSite","@id":"https:\/\/www.rajapack.de\/verpackungsnews\/#website","url":"https:\/\/www.rajapack.de\/verpackungsnews\/","name":"RAJAPACK Blog DE","description":"Verpackungsnews vom Experten","potentialAction":[{"@type":"SearchAction","target":{"@type":"EntryPoint","urlTemplate":"https:\/\/www.rajapack.de\/verpackungsnews\/?s={search_term_string}"},"query-input":"required name=search_term_string"}],"inLanguage":"de-DE"},{"@type":"Person","@id":"https:\/\/www.rajapack.de\/verpackungsnews\/#\/schema\/person\/c6abd9a6a6c07cf31072cda42444cbec","name":"RAJAPACK","image":{"@type":"ImageObject","inLanguage":"de-DE","@id":"https:\/\/www.rajapack.de\/verpackungsnews\/#\/schema\/person\/image\/","url":"https:\/\/secure.gravatar.com\/avatar\/4c95834f3b6420b1fbe980903e066e22?s=96&d=mm&r=g","contentUrl":"https:\/\/secure.gravatar.com\/avatar\/4c95834f3b6420b1fbe980903e066e22?s=96&d=mm&r=g","caption":"RAJAPACK"},"url":"https:\/\/www.rajapack.de\/verpackungsnews\/author\/rajapack"}]}},"_links":{"self":[{"href":"https:\/\/www.rajapack.de\/verpackungsnews\/wp-json\/wp\/v2\/posts\/11655"}],"collection":[{"href":"https:\/\/www.rajapack.de\/verpackungsnews\/wp-json\/wp\/v2\/posts"}],"about":[{"href":"https:\/\/www.rajapack.de\/verpackungsnews\/wp-json\/wp\/v2\/types\/post"}],"author":[{"embeddable":true,"href":"https:\/\/www.rajapack.de\/verpackungsnews\/wp-json\/wp\/v2\/users\/24"}],"replies":[{"embeddable":true,"href":"https:\/\/www.rajapack.de\/verpackungsnews\/wp-json\/wp\/v2\/comments?post=11655"}],"version-history":[{"count":1,"href":"https:\/\/www.rajapack.de\/verpackungsnews\/wp-json\/wp\/v2\/posts\/11655\/revisions"}],"predecessor-version":[{"id":27645,"href":"https:\/\/www.rajapack.de\/verpackungsnews\/wp-json\/wp\/v2\/posts\/11655\/revisions\/27645"}],"wp:featuredmedia":[{"embeddable":true,"href":"https:\/\/www.rajapack.de\/verpackungsnews\/wp-json\/wp\/v2\/media\/27112"}],"wp:attachment":[{"href":"https:\/\/www.rajapack.de\/verpackungsnews\/wp-json\/wp\/v2\/media?parent=11655"}],"wp:term":[{"taxonomy":"category","embeddable":true,"href":"https:\/\/www.rajapack.de\/verpackungsnews\/wp-json\/wp\/v2\/categories?post=11655"},{"taxonomy":"post_tag","embeddable":true,"href":"https:\/\/www.rajapack.de\/verpackungsnews\/wp-json\/wp\/v2\/tags?post=11655"}],"curies":[{"name":"wp","href":"https:\/\/api.w.org\/{rel}","templated":true}]}}