{"id":11268,"date":"2021-01-08T09:42:39","date_gmt":"2021-01-08T08:42:39","guid":{"rendered":"https:\/\/www.rajapack.de\/verpackungsnews\/?p=11268"},"modified":"2025-08-20T10:44:55","modified_gmt":"2025-08-20T08:44:55","slug":"5-fragen-vbff","status":"publish","type":"post","link":"https:\/\/www.rajapack.de\/verpackungsnews\/raja-fuer-vbff","title":{"rendered":"RAJA f\u00fcr VbFF e.V."},"content":{"rendered":"<h5>Mit dem Aktionsprogramm &#8222;<a href=\"\/verpackungsnews\/perspektiven-fuer-frauen\" target=\"_blank\" rel=\"noopener\">Perspektiven f\u00fcr Frauen<\/a>&#8220; engagiert sich die Rajapack GmbH f\u00fcr drei Organisationen, die sich deutschlandweit f\u00fcr die Themen Ausbildung und Chancengleichheit im Beruf, Integration von Frauen und M\u00e4dchen sowie Schutz der Frauen vor Gewalt einsetzen.<br \/>\nSeit 1978 unterst\u00fctzt der\u00a0<a href=\"https:\/\/www.vbff-ffm.de\/\" target=\"_blank\" rel=\"noopener\" data-gtm-tracked-element=\"true\">VbFF<\/a>\u00a0Frauen und M\u00e4dchen in allen beruflichen Fragen: von der Ausbildung \u00fcber Berufs- und Karriereplanung bis hin zum Coaching f\u00fcr F\u00fchrungspositionen. Er ist die \u00e4lteste Einrichtung dieser Art in Hessen. \u00dcber 40 Mitarbeiterinnen engagieren sich dabei in unterschiedlichen Beratungsangeboten, Ausbildungsprojekten und Kursen.<\/h5>\n<div class=\"su-spacer\" style=\"height:20px\"><\/div><div class=\"su-divider su-divider-style-default\" style=\"margin:15px 0;border-width:3px;border-color:#999999\"><\/div><div class=\"su-spacer\" style=\"height:20px\"><\/div>\n<div id=\"ez-toc-container\" class=\"ez-toc-v2_0_67_1 counter-hierarchy ez-toc-counter ez-toc-grey ez-toc-container-direction\">\n<div class=\"ez-toc-title-container\">\n<p class=\"ez-toc-title \" >Direkt zu diesen Themen:<\/p>\n<span class=\"ez-toc-title-toggle\"><a href=\"#\" class=\"ez-toc-pull-right ez-toc-btn ez-toc-btn-xs ez-toc-btn-default ez-toc-toggle\" aria-label=\"Toggle Table of Content\"><span class=\"ez-toc-js-icon-con\"><span class=\"\"><span class=\"eztoc-hide\" style=\"display:none;\">Toggle<\/span><span class=\"ez-toc-icon-toggle-span\"><svg style=\"fill: #999;color:#999\" xmlns=\"http:\/\/www.w3.org\/2000\/svg\" class=\"list-377408\" width=\"20px\" height=\"20px\" viewBox=\"0 0 24 24\" fill=\"none\"><path d=\"M6 6H4v2h2V6zm14 0H8v2h12V6zM4 11h2v2H4v-2zm16 0H8v2h12v-2zM4 16h2v2H4v-2zm16 0H8v2h12v-2z\" fill=\"currentColor\"><\/path><\/svg><svg style=\"fill: #999;color:#999\" class=\"arrow-unsorted-368013\" xmlns=\"http:\/\/www.w3.org\/2000\/svg\" width=\"10px\" height=\"10px\" viewBox=\"0 0 24 24\" version=\"1.2\" baseProfile=\"tiny\"><path d=\"M18.2 9.3l-6.2-6.3-6.2 6.3c-.2.2-.3.4-.3.7s.1.5.3.7c.2.2.4.3.7.3h11c.3 0 .5-.1.7-.3.2-.2.3-.5.3-.7s-.1-.5-.3-.7zM5.8 14.7l6.2 6.3 6.2-6.3c.2-.2.3-.5.3-.7s-.1-.5-.3-.7c-.2-.2-.4-.3-.7-.3h-11c-.3 0-.5.1-.7.3-.2.2-.3.5-.3.7s.1.5.3.7z\"\/><\/svg><\/span><\/span><\/span><\/a><\/span><\/div>\n<nav><ul class='ez-toc-list ez-toc-list-level-1 ' ><li class='ez-toc-page-1 ez-toc-heading-level-2'><a class=\"ez-toc-link ez-toc-heading-1\" href=\"https:\/\/www.rajapack.de\/verpackungsnews\/raja-fuer-vbff\/#Was_macht_der_VbFF_eV\" title=\"Was macht der VbFF e.V.\">Was macht der VbFF e.V.<\/a><\/li><li class='ez-toc-page-1 ez-toc-heading-level-2'><a class=\"ez-toc-link ez-toc-heading-2\" href=\"https:\/\/www.rajapack.de\/verpackungsnews\/raja-fuer-vbff\/#Deutsch-_und_Kreativunterricht_fuer_Frauen_mit_Flucht-_und_Migrationshintergrund\" title=\"Deutsch- und Kreativunterricht f\u00fcr Frauen mit Flucht- und Migrationshintergrund\">Deutsch- und Kreativunterricht f\u00fcr Frauen mit Flucht- und Migrationshintergrund<\/a><ul class='ez-toc-list-level-3' ><li class='ez-toc-heading-level-3'><a class=\"ez-toc-link ez-toc-heading-3\" href=\"https:\/\/www.rajapack.de\/verpackungsnews\/raja-fuer-vbff\/#Das_Tanzprojekt_TABEA\" title=\"Das Tanzprojekt TABEA\">Das Tanzprojekt TABEA<\/a><\/li><\/ul><\/li><li class='ez-toc-page-1 ez-toc-heading-level-2'><a class=\"ez-toc-link ez-toc-heading-4\" href=\"https:\/\/www.rajapack.de\/verpackungsnews\/raja-fuer-vbff\/#Das_Deutsch-Sprachcafe\" title=\"Das Deutsch-Sprachcaf\u00e9\">Das Deutsch-Sprachcaf\u00e9<\/a><\/li><li class='ez-toc-page-1 ez-toc-heading-level-2'><a class=\"ez-toc-link ez-toc-heading-5\" href=\"https:\/\/www.rajapack.de\/verpackungsnews\/raja-fuer-vbff\/#Interview_mit_Frau_Einecke_Geschaeftsfuehrerin_im_VbFF_seit_mehr_als_10_Jahren\" title=\"Interview mit Frau Einecke, Gesch\u00e4ftsf\u00fchrerin im VbFF seit mehr als 10 Jahren\">Interview mit Frau Einecke, Gesch\u00e4ftsf\u00fchrerin im VbFF seit mehr als 10 Jahren<\/a><\/li><li class='ez-toc-page-1 ez-toc-heading-level-2'><a class=\"ez-toc-link ez-toc-heading-6\" href=\"https:\/\/www.rajapack.de\/verpackungsnews\/raja-fuer-vbff\/#Wanda_blogt_beim_VbFF\" title=\"Wanda blogt beim VbFF\">Wanda blogt beim VbFF<\/a><\/li><\/ul><\/nav><\/div>\n<h2><span class=\"ez-toc-section\" id=\"Was_macht_der_VbFF_eV\"><\/span>Was macht der VbFF e.V.<span class=\"ez-toc-section-end\"><\/span><\/h2>\n<div class=\"su-spacer\" style=\"height:20px\"><\/div>\n<h5>Der <a href=\"https:\/\/www.vbff-ffm.de\/\" target=\"_blank\" rel=\"noopener\" data-gtm-tracked-element=\"true\">VbFF \u2013 Verein zur beruflichen F\u00f6rderung von Frauen e.V.<\/a> aus Frankfurt setzt sich f\u00fcr die Chancengleichheit von Frauen auf dem Arbeitsmarkt ein und leistet hierzu konzeptionelle Grundlagenarbeit.\u00a0 Dabei wird ein\u00a0 ganzheitlicher Ansatz verfolgt, nach dem die unterschiedlichen Lebensentw\u00fcrfe der Frauen und deren Lebenszusammenhang ber\u00fccksichtigt werden. Im Mittelpunkt stehen Beratung, Berufsvorbereitung, Ausbildung und Unterst\u00fctzung beim Wiedereinstieg.<\/h5>\n<h5>Mit den Spendengeldern von RAJA werden mehrere Projekte unterst\u00fctzt. Etwa Sprachf\u00f6rderungskurse zur Vorbereitung auf eine Ausbildung, aber auch Tanz- oder Theaterworkshops, Stimm- und Sprechtraining und Kommunikationsworkshops zur Bildung von Selbstvertrauen. Auf diese Weise lernen die Frauen, sich selbst zu pr\u00e4sentieren und frei zu sprechen, eine wichtige Grundvoraussetzung f\u00fcr den sp\u00e4teren Berufsalltag.<\/h5>\n<div class=\"su-spacer\" style=\"height:20px\"><\/div>\n<p><img loading=\"lazy\" decoding=\"async\" class=\"alignnone wp-image-25285 size-medium\" src=\"https:\/\/www.rajapack.de\/verpackungsnews\/wp-content\/uploads\/2021\/01\/DSC0483-300x194.jpg\" alt=\"Vbff Computerkurs\" width=\"300\" height=\"194\" srcset=\"https:\/\/www.rajapack.de\/verpackungsnews\/wp-content\/uploads\/2021\/01\/DSC0483-300x194.jpg 300w, https:\/\/www.rajapack.de\/verpackungsnews\/wp-content\/uploads\/2021\/01\/DSC0483-768x496.jpg 768w, https:\/\/www.rajapack.de\/verpackungsnews\/wp-content\/uploads\/2021\/01\/DSC0483-1024x661.jpg 1024w, https:\/\/www.rajapack.de\/verpackungsnews\/wp-content\/uploads\/2021\/01\/DSC0483-1536x992.jpg 1536w, https:\/\/www.rajapack.de\/verpackungsnews\/wp-content\/uploads\/2021\/01\/DSC0483-2048x1322.jpg 2048w\" sizes=\"(max-width: 300px) 100vw, 300px\" \/><\/p>\n<div class=\"su-expand su-expand-collapsed su-expand-link-style-button\" data-height=\"100\"><div class=\"su-expand-content su-u-trim\" style=\"color:#333333;max-height:100px;overflow:hidden\">\n<h2><span class=\"ez-toc-section\" id=\"Deutsch-_und_Kreativunterricht_fuer_Frauen_mit_Flucht-_und_Migrationshintergrund\"><\/span>Deutsch- und Kreativunterricht f\u00fcr Frauen mit Flucht- und Migrationshintergrund<span class=\"ez-toc-section-end\"><\/span><\/h2>\n<div class=\"su-spacer\"><div class=\"su-spacer\" style=\"height:20px\"><\/div><\/div>\n<p>Durch die im Rahmen des\u00a0<a href=\"\/verpackungsnews\/perspektiven-fuer-frauen\" target=\"_blank\" rel=\"noopener\" data-gtm-tracked-element=\"true\">Aktionsprogrammes \u201ePerspektiven f\u00fcr Frauen\u201c<\/a>\u00a0gesammelten Gelder, konnte der VbFF zus\u00e4tzlichen Deutsch- und Kreativunterricht f\u00fcr Frauen mit Flucht- und Migrationshintergrund anbieten. Dazu geh\u00f6ren Sprach- und Mathe-Caf\u00e9s, verschiedene Stimm- und Sprechtrainingseinheiten, Einzel-Deutschf\u00f6rderunterricht oder das Tanzprojekt TABEA. Die Hilfe kommt dabei gefl\u00fcchteten Frauen mit sehr geringen Sprachkenntnissen genauso zu Gute wie Frauen, die an einem Vorbereitungskurs teilnehmen oder sich bereits in Ausbildung befinden. Derartig individuelle Angebote sind in der Regelfinanzierung der \u00f6ffentlichen Geldgeber nicht vorgesehen. Exemplarisch hat uns der VbFF \u00a0im Folgenden vom Tanzprojekt TABEA und dem Deutsch- Sprachcaf\u00e9 berichtet:<\/p>\n<div class=\"su-spacer\"><div class=\"su-spacer\" style=\"height:20px\"><\/div><\/div>\n<h3><span class=\"ez-toc-section\" id=\"Das_Tanzprojekt_TABEA\"><\/span>Das Tanzprojekt TABEA<span class=\"ez-toc-section-end\"><\/span><\/h3>\n<div class=\"su-spacer\"><div class=\"su-spacer\" style=\"height:20px\"><\/div><\/div>\n<p>W\u00e4hrend unserer Arbeit mit gefl\u00fcchteten Frauen im VbFF wurde deutlich, dass insbesondere Frauen und M\u00e4dchen, die in Unterk\u00fcnften oder sogenannten \u201eHotels\u201c wohnen sehr in famili\u00e4ren Strukturen verhaftet sind und kaum Kontakte nach au\u00dfen haben. Aber gerade diese Kontakte sind f\u00fcr den Spracherwerb und letztlich f\u00fcr die gesellschaftliche Teilhabe der Frauen dringend notwendig. Aus dieser Notwendigkeit heraus entstand auch die Idee im Rahmen unserer Arbeit ein\u00a0<strong>Frauen-Caf\u00e9 in Frankfurter Fl\u00fcchtlingsheimen\u00a0<\/strong>anzubieten. Ziel ist es, die Bewohnerinnen zu ermutigen, eigeninitiativ ihre Unterkunft zu verlassen,\u00a0 Kontakte zu kn\u00fcpfen und Angebote beispielsweise von Sport- und Kulturvereinen eigenst\u00e4ndig wahrzunehmen.<br \/>\nDas Frauen-Caf\u00e9 bietet den Teilnehmerinnen die M\u00f6glichkeit sich auszutauschen, Deutsch zu sprechen und mehr \u00fcber Bildung und berufliche M\u00f6glichkeiten in Deutschland zu erfahren. Begleitet wird das Projekt von zwei Kolleginnen mit jahrelanger Erfahrung in der Migrations- und Fl\u00fcchtlingsarbeit.<br \/>\nDas Thema\u00a0<strong>\u201ekreatives Lernen\u201c\u00a0<\/strong>spielt im VbFF allgemein eine gro\u00dfe Rolle. Unser Ansatz ist es, traditionelle Lernmethoden um kreative zu erg\u00e4nzen. So f\u00fchren u.a. unsere Teilnehmerinnen aus den Vorbereitungskursen bereits im vierten Jahr eine Theaterauff\u00fchrung auf. Gerade aufgrund der sprachlichen Barrieren war uns mit TABEA die Arbeit mit K\u00f6rper und Musik besonders wichtig. Auf diesem Weg k\u00f6nnen alle Frauen (ob deutschsprachig oder nicht) am Projekt teilnehmen.<\/p>\n<ul>\n<li>\u00a0<strong>Die Umsetzung (April-Juli 2017)<br \/>\n<\/strong>Tanzen, sich begegnen, miteinander in Kontakt kommen und einen Ort der Begegnung schaffen, das sind die Schwerpunkte des Tanzprojekts TABEA (<strong>T<\/strong>anz\u00a0<strong>a<\/strong>ls\u00a0<strong>B<\/strong>egegnungs<strong>a<\/strong>ngebot) im Frankfurter Stadtteil Bonames. Ende April trafen sich gefl\u00fcchtete Frauen aus der Gro\u00dfunterkunft am Alten Flugplatz Bonames, mit \u201eeingesessenen\u201c Bonameserinnen zur ersten gemeinsamen Tanz Zeit. Unter der Leitung der beiden VbFF-Tanzp\u00e4dagoginnen wurden jeden Samstag f\u00fcr jeweils zweieinhalb Stunden verschiedene Tanzstile und Bewegungsformen ausprobiert. Zu den Tanzvormittagen kamen ganz unterschiedliche Frauen (u.a. vom \u00f6rtlichen Turn- und Sportverein), so dass ein kleines Netzwerk entstand. F\u00fcr die Tanztreffen wurden sowohl R\u00e4ume in der Gro\u00dfunterkunft als auch der Gemeindesaal der evangelischen Gemeinde genutzt. Durch das Projekt TABEA lernten und lernen auch wir viel Neues dazu. So hatten wir beispielsweise eine sehr konkrete Vorstellung vom Ablauf und der Umsetzung. Allerdings kamen nicht wie geplant immer dieselben Frauen zu den Proben, weshalb wir nochmal unser Konzept \u00fcberarbeiten mussten. Mal kamen sehr junge Frauen und beim n\u00e4chsten Mal wieder M\u00fctter, die auch ihre kleinen Kinder mitbrachten. An das \u201ekonventionelle Einstudieren\u201c einer Choreographie war damit erstmal nicht zu denken. So entschieden wir uns gegen die urspr\u00fcngliche Idee einer klassischen Auff\u00fchrung hin zu einem gemeinsamen Tanzfest, ausschlie\u00dflich f\u00fcr Frauen, an dem alle teilnehmen k\u00f6nnen.<br \/>\nDie unterschiedlichen St\u00fccke, vom klassischen Klavierst\u00fcck bis hin zu orientalischer Musik, wurden zusammen mit den Frauen ausgesucht oder z.T. von Ihnen vorgeschlagen.<\/li>\n<li><strong>Das Tanzfest<br \/>\n<\/strong>Am 01. Juli fand das Tanzfest statt. Die Vorfreude war gro\u00df und die Aufregung stieg bei allen Beteiligten. Die Stadtr\u00e4tin Rosemarie Heilig (Dezernentin f\u00fcr Frauen und Umwelt) \u00a0brachte in ihrer Rede zum Ausdruck, wie wichtig derartige Projekte sind, um auch als Gesellschaft zusammenzuwachsen. In diesem Zusammenhang betonte sie auch die wichtige Rolle der Fraueninitiativen in Frankfurt. Nach dem \u201eoffiziellen\u201c Teil folgten die Tanzauff\u00fchrungen aus dem Balkan, \u00fcber Afghanistan bis hin zum orientalischen Bauchtanz. Das Fest wurde auch zum Anlass genommen miteinander ins Gespr\u00e4ch zu kommen und mehr \u00fcbereinander zu erfahren. Die R\u00fcckmeldungen zum Projekt TABEA waren so positiv, dass es weiter fortgef\u00fchrt wird.<div class=\"su-spacer\" style=\"height:20px\"><\/div><\/li>\n<\/ul>\n<h2><span class=\"ez-toc-section\" id=\"Das_Deutsch-Sprachcafe\"><\/span>Das Deutsch-Sprachcaf\u00e9<span class=\"ez-toc-section-end\"><\/span><\/h2>\n<div class=\"su-spacer\"><div class=\"su-spacer\" style=\"height:20px\"><\/div><\/div>\n<p>Viele unserer Teilnehmerinnen besuchen motiviert Integrationskurse oder befinden sich bereits in Ausbildung. Die deutsche Sprache bleibt dennoch eine gro\u00dfe Herausforderung. Dabei bringen einige der Frauen sogar einen gro\u00dfen Wortschatz und gute grammatikalische Kenntnisse mit. Schwierig wird es aber mit dem Sprech- und H\u00f6rverst\u00e4ndnis aufgrund von fehlender Sprachpraxis. Hinzukommen gro\u00dfe Probleme bei der Phonetik trotz guter schriftlicher Ausdrucksweise. Im Gegensatz zu gro\u00dfen Sprachkursen oder dem Unterricht an der Berufsschule, k\u00f6nnen wir durch die F\u00f6rderung im VbFF besser auf die individuellen Bed\u00fcrfnisse eingehen und das Tempo an die Lernfortschritte der Frauen anpassen. Die Dozentinnen bringen Expertise im Bereich \u201eDaF \u2013 Deutsch als Fremdsprache\u201c mit. Neben den vielen Sprech\u00fcbungen ist uns auch wichtig, Inhalte spielerisch und kreativ zu vermitteln.<\/p>\n<p>Der VbFF hat \u00fcber 35 Jahre Erfahrung bei der beruflichen F\u00f6rderung von Frauen, ein Thema das uns bei RAJA sehr am Herzen liegt. Wir freuen uns dass wir mit dem VbFF einen Verein unterst\u00fctzen k\u00f6nnen, der seit vielen Jahren auf die Chancengleichheit von Frauen auf dem Arbeitsmarkt hinarbeitet und schon sehr viele Frauen auf ihrem beruflichen Weg begleitet hat. Wir danken dem Team des VbFF f\u00fcr ihren unerm\u00fcdlichen Einsatz und ihre tolle und wichtige Arbeit.<\/p>\n<\/div><div class=\"su-expand-link su-expand-link-more\" style=\"text-align:left\"><a href=\"javascript:;\" style=\"color:#0088FF;border-color:#0088FF\"><i class=\"sui sui-chevron-circle-down\" style=\"\" aria-label=\"\"><\/i><span style=\"border-color:#0088FF\">VbFF: Weiterlesen<\/span><\/a><\/div><div class=\"su-expand-link su-expand-link-less\" style=\"text-align:left\"><a href=\"javascript:;\" style=\"color:#0088FF;border-color:#0088FF\"><i class=\"sui sui-chevron-circle-up\" style=\"\" aria-label=\"\"><\/i><span style=\"border-color:#0088FF\">VbFF: Schlie\u00dfen<\/span><\/a><\/div><\/div>\n<div class=\"su-divider su-divider-style-default\" style=\"margin:15px 0;border-width:3px;border-color:#999999\"><\/div>\n<h2><span class=\"ez-toc-section\" id=\"Interview_mit_Frau_Einecke_Geschaeftsfuehrerin_im_VbFF_seit_mehr_als_10_Jahren\"><\/span>Interview mit Frau Einecke, Gesch\u00e4ftsf\u00fchrerin im VbFF seit mehr als 10 Jahren<span class=\"ez-toc-section-end\"><\/span><\/h2>\n<div class=\"su-spacer\" style=\"height:20px\"><\/div>\n<h4>Das Interview mit dem dem <a href=\"https:\/\/www.vbff-ffm.de\/\" target=\"_blank\" rel=\"noopener\">VbFF<\/a>, dem Verein zur beruflichen F\u00f6rderung von Frauen e.V. in Frankfurt. Vielen Dank, Frau Einecke, <em>Gesch\u00e4ftsf\u00fchrerin im VbFF seit mehr als 10 Jahren,\u00a0<\/em>f\u00fcr die Beantwortung unserer Fragen!<\/h4>\n<div class=\"su-spacer\" style=\"height:20px\"><\/div>\n<p><img loading=\"lazy\" decoding=\"async\" class=\"alignnone wp-image-26499 size-large\" src=\"https:\/\/www.rajapack.de\/verpackungsnews\/wp-content\/uploads\/2017\/09\/VbFF-sagt-Danke-1536x585-1-1024x390.png\" alt=\"Neuigkeiten aus dem VbFF\" width=\"1024\" height=\"390\" srcset=\"https:\/\/www.rajapack.de\/verpackungsnews\/wp-content\/uploads\/2017\/09\/VbFF-sagt-Danke-1536x585-1-1024x390.png 1024w, https:\/\/www.rajapack.de\/verpackungsnews\/wp-content\/uploads\/2017\/09\/VbFF-sagt-Danke-1536x585-1-300x114.png 300w, https:\/\/www.rajapack.de\/verpackungsnews\/wp-content\/uploads\/2017\/09\/VbFF-sagt-Danke-1536x585-1-768x293.png 768w, https:\/\/www.rajapack.de\/verpackungsnews\/wp-content\/uploads\/2017\/09\/VbFF-sagt-Danke-1536x585-1.png 1536w\" sizes=\"(max-width: 1024px) 100vw, 1024px\" \/><\/p>\n<div class=\"su-expand su-expand-collapsed su-expand-link-style-button\" data-height=\"100\"><div class=\"su-expand-content su-u-trim\" style=\"color:#333333;max-height:100px;overflow:hidden\">\n<h4><strong>Schildern Sie uns die Idee zu dem konkret von Rajapack unterst\u00fctzten Projekt (&#8222;Vorbeitungskurs&#8220;) und dessen Inhalte?<\/strong><\/h4>\n<div class=\"su-spacer\" style=\"height:20px\"><\/div>\n<p><em>&#8222;Die Vorbereitungskurse sind wesentlicher Bestandteil unserer Arbeit. Zu uns kommen u.a. M\u00fctter, deren Schulzeit bereits viele Jahre zur\u00fcckliegt oder, die keinen guten Abschluss vorzuweisen haben. Frauen mit Migrationshintergrund oder Fluchtgeschichte, die gro\u00dfe Schwierigkeiten mit der Deutschen Sprache haben. Ohne gute Vorbereitung k\u00f6nnen diese Frauen nicht ohne weiteres in Ausbildung oder Arbeit vermittelt werden. Im schlimmsten Fall m\u00fcssen sie nach einiger Zeit die Ausbildung abbrechen. Parallel zu unserem Konzept \u201eTeilzeitausbildung f\u00fcr M\u00fctter\u201c haben wir dann auch den ersten Vorbereitungskurs entwickelt und die Angebote mit den Jahren auch um Pflegeberufe erweitert. Neben der Auffrischung von Mathekenntnissen und Fachunterricht in der Pflege ben\u00f6tigen viele Frauen auch eine intensive Sprachf\u00f6rderung. \u00dcber integrierten, berufsspezifischen Deutschunterricht werden au\u00dferdem wichtige Ausbildungsinhalte vermittelt. In unseren kreativen Workshops lernen die Frauen, sich selbst zu pr\u00e4sentieren, frei zu sprechen und insgesamt selbstbewusster aufzutreten. Alles wichtige Voraussetzungen sp\u00e4ter im Beruf.&#8220; \u00a0<\/em><\/p>\n<h4><strong>Welche Institutionen sind an dem Projekt beteiligt? Wo und wie gewinnen Sie die Partner? (f\u00fcr Sprachkurse, Tanz- oder Theaterworkshops)<\/strong><\/h4>\n<div class=\"su-spacer\" style=\"height:20px\"><\/div>\n<p><em>&#8222;Die Sprachf\u00f6rderkurse werden von Dozentinnen und Mitarbeiterinnen durchgef\u00fchrt, die sich regelm\u00e4\u00dfig in diesem Bereich weiterbilden. Bei der Umsetzung unserer unterschiedlichen kreativen Angebote arbeiten wir mit erfahrenen K\u00fcnstlerinnen oder Tanz- und Theaterp\u00e4dagoginnen zusammen. Wichtig ist uns, dass es eine Premiere der Theaterauff\u00fchrung vor Publikum gibt, wenn m\u00f6glich in einem richtigen Theater. Hier sind die unterschiedlichen Theater in Frankfurt wirklich sehr kooperativ. Nach dem Theaterprojekt bekommen wir sehr h\u00e4ufig die R\u00fcckmeldung, wie gl\u00fccklich Schauspielerinnen waren vor ihren Familien und Freunden und vor allem vor ihren Kindern auf der B\u00fchne zu stehen. Gerade die Kinder sind dann sichtlich stolz auf ihre M\u00fctter. Wir hatten bisher keine Auff\u00fchrung, in der nicht laute \u201eMama, Mama\u201c-Rufe zu h\u00f6ren waren.&#8220;<\/em><\/p>\n<h4><strong>Wie finden die Frauen den Weg zum VbFF e.V.?<\/strong><\/h4>\n<div class=\"su-spacer\" style=\"height:20px\"><\/div>\n<p><em>&#8222;<\/em><em>Der Gro\u00dfteil unserer Teilnehmerinnen kommt tats\u00e4chlich \u00fcber \u201eMundpropaganda\u201c zu uns. Meist hat eine Freundin, die Schwester oder Nachbarin schon mal bei uns einen Kurs oder sogar die Ausbildung gemacht. Gerade bei M\u00fcttern \u2013 mit und ohne Migrationshintergrund \u2013 ist der VbFF sehr bekannt, weil unsere Angebote gr\u00f6\u00dftenteils in Teilzeit stattfinden und damit die Vereinbarkeit von Familie und Ausbildung erst m\u00f6glich wird. Im zweiten Schritt ben\u00f6tigen die Frauen aber meistens noch ein \u201eEinverst\u00e4ndnis\u201c vom zust\u00e4ndigen Jobcenter \u2013 die sogenannte Zuweisung. Die meisten Frau beziehen bis dahin n\u00e4mlich noch Hartz IV. Nat\u00fcrlich machen wir aber auch zus\u00e4tzliche Werbung f\u00fcr unsere unterschiedlichen Angebote. Z.B. legen wir Flyer aus in Kinderg\u00e4rten, bei \u00c4rzt*innen und in Beratungsstellen.&#8220;<\/em><\/p>\n<h4><strong>Wie finden Sie im Anschluss an den Vorbereitungskurs Lehrstellen f\u00fcr die Frauen?<\/strong><\/h4>\n<div class=\"su-spacer\" style=\"height:20px\"><\/div>\n<p><em>&#8222;Bei der Suche nach Ausbildungsstellen kommen unsere langj\u00e4hrige Expertise und unsere gute Vernetzung zum Tragen. Mit den Jahren konnten wir uns einen guten Unternehmenspool aufbauen. Wichtig ist auch die enge Zusammenarbeit mit Kammern und Pflegeschulen. Damit die Frauen sich ein realistisches Berufsbild machen k\u00f6nnen, absolvieren viele ein Praktikum w\u00e4hrend des Vorbereitungskurses. Wenn das Praktikum gut gelaufen ist, kann es schon mal passieren, dass der Betrieb die Frau dann auch gleich als Auszubildende dabeh\u00e4lt. \u00a0<\/em><\/p>\n<p><em>Mit Bewerbungs- und Pr\u00e4sentationstraining bereiten wir die Teilnehmerinnen dann bestm\u00f6glich auf die Vorstellungsgespr\u00e4che vor. Hier kommen ihnen die \u00dcbungen aus den kreativen Workshops zu gute. Mit allem gewappnet gehen sie dann auch regelm\u00e4\u00dfig in die Betriebe und geben ihre Unterlagen initiativ ab. Das kostet gerade am Anfang sehr viel \u00dcberwindung, aber die Methode hat sich bew\u00e4hrt. Die Frauen k\u00f6nnen n\u00e4mlich auch mit ihrer Pers\u00f6nlichkeit und ihrem Engagement punkten. Weniger gute Zeugnisse fallen so manchmal nicht so stark ins Gewicht. Einen wesentlichen Teil der Arbeit leisten wir aber mit unseren Akquise-Teams. Die suchen Stellenanzeigen raus, erl\u00e4utern unsere Arbeit nochmal genauer und verschicken die Bewerbungsunterlagen.&#8220;<\/em><\/p>\n<h4><strong>K\u00f6nnen Sie uns den Lebensweg einer am Projekt beteiligten Person beschreiben, der Sie besonders ber\u00fchrt hat? K\u00f6nnen Sie uns den Lebensweg einer am Projekt beteiligten Person beschreiben, der Sie besonders ber\u00fchrt hat?<\/strong><\/h4>\n<div class=\"su-spacer\" style=\"height:20px\"><\/div>\n<p><em>&#8222;Mit den Jahren habe ich viele Geschichten geh\u00f6rt und Schicksale gesehen, die mich ber\u00fchrt und traurig oder sogar w\u00fctend gemacht haben. Doch unsere Arbeit hat auch viel mit Beharrlichkeit und Durchhalteverm\u00f6gen zu tun. Aus diesem Grund m\u00f6chte ich von einer Teilnehmerin erz\u00e4hlen, die sich gerade auf einem sehr guten Weg befindet. Die junge Frau ist in \u00c4thiopien aufgewachsen und wollte schon immer Krankenschwester werden. Da die Kosten f\u00fcr die Ausbildung zu hoch waren, entschied sie sich f\u00fcr einen Wirtschaftsstudiengang. Als sie aufgrund der politischen Unruhen ihr Heimatland verlassen und nach Deutschland fliehen musste war das nat\u00fcrlich eine enorme Belastung. Ohne ausreichende Deutschkenntnisse blieb auch eine Ausbildung ein fernes Ziel. Im letzten Jahr startete sie dann mit unserem Orientierungskurs f\u00fcr junge gefl\u00fcchtete Frauen \u201eAnkommen-Weiterkommen\u201c. Ihre Deutschkenntnisse machten unglaublich rasante Fortschritte. Als sie nach einer Weile von unserem Vorbereitungskurs f\u00fcr die Ausbildung zur Gesundheits- und Krankenpflegerin erfuhr, war sie nat\u00fcrlich total aus dem H\u00e4uschen. Mittlerweile besucht sie den Kurs erfolgreich und wir sind sicher, dass sie im n\u00e4chsten Jahr mit der Ausbildung beginnen kann. Ihrem Traum Krankenschwester zu werden ist sie damit ein sehr gro\u00dfes St\u00fcck n\u00e4her gekommen.&#8220;<\/em><\/p>\n<\/div><div class=\"su-expand-link su-expand-link-more\" style=\"text-align:left\"><a href=\"javascript:;\" style=\"color:#0088FF;border-color:#0088FF\"><i class=\"sui sui-chevron-circle-down\" style=\"\" aria-label=\"\"><\/i><span style=\"border-color:#0088FF\">Interview VbFF: Weiterlesen<\/span><\/a><\/div><div class=\"su-expand-link su-expand-link-less\" style=\"text-align:left\"><a href=\"javascript:;\" style=\"color:#0088FF;border-color:#0088FF\"><i class=\"sui sui-chevron-circle-up\" style=\"\" aria-label=\"\"><\/i><span style=\"border-color:#0088FF\">Interview VbFF: Schlie\u00dfen<\/span><\/a><\/div><\/div>\n<div class=\"su-divider su-divider-style-default\" style=\"margin:15px 0;border-width:3px;border-color:#999999\"><\/div>\n<h2><span class=\"ez-toc-section\" id=\"Wanda_blogt_beim_VbFF\"><\/span>Wanda blogt beim VbFF<span class=\"ez-toc-section-end\"><\/span><\/h2>\n<div class=\"su-spacer\" style=\"height:20px\"><\/div>\n<h5>Der VbfF unterst\u00fctzt Frauen, vorallem aber nicht nur mit Migrationshintergrund, bei dem (Wieder)Einstieg ins Berufsleben. Hier geht es um Weiterbildungen oder Sprach- und Bewerbungstrainings. Von den RAJA-Spenden werden im Allgemeinen die Sprachkurse finanziert. W\u00e4hrend Corona kamen die Spendengelder aber genau richtig, um die Frauen auf digitalen Unterricht umzustellen. Leih-Laptops, Headsets, Schulungen, wie das Online-Lerntool zu nutzen ist. Im neuen\u00a0<a href=\"https:\/\/wandabloggt.vbff-ffm.de\/\" target=\"_blank\" rel=\"noopener\" data-gtm-tracked-element=\"true\">Blog WANDA<\/a> berichtet der VbfF genau \u00fcber ihre Erfahrungen mit der Umstellung aufs digitale Lernen. Spannend.<\/h5>\n<div class=\"su-spacer\" style=\"height:20px\"><\/div>\n<p><img loading=\"lazy\" decoding=\"async\" class=\"alignnone wp-image-26635 size-large\" src=\"https:\/\/www.rajapack.de\/verpackungsnews\/wp-content\/uploads\/2020\/07\/VbFF_WANDA_Blogtitel-1536x585-1-1024x390.jpg\" alt=\"WANDA BLOGGT BEIM vBff\" width=\"1024\" height=\"390\" srcset=\"https:\/\/www.rajapack.de\/verpackungsnews\/wp-content\/uploads\/2020\/07\/VbFF_WANDA_Blogtitel-1536x585-1-1024x390.jpg 1024w, https:\/\/www.rajapack.de\/verpackungsnews\/wp-content\/uploads\/2020\/07\/VbFF_WANDA_Blogtitel-1536x585-1-300x114.jpg 300w, https:\/\/www.rajapack.de\/verpackungsnews\/wp-content\/uploads\/2020\/07\/VbFF_WANDA_Blogtitel-1536x585-1-768x293.jpg 768w, https:\/\/www.rajapack.de\/verpackungsnews\/wp-content\/uploads\/2020\/07\/VbFF_WANDA_Blogtitel-1536x585-1.jpg 1536w\" sizes=\"(max-width: 1024px) 100vw, 1024px\" \/><\/p>\n<div class=\"su-expand su-expand-collapsed su-expand-link-style-button\" data-height=\"100\"><div class=\"su-expand-content su-u-trim\" style=\"color:#333333;max-height:100px;overflow:hidden\">\n<p>Anfang M\u00e4rz 2020, also noch vor Corona, hat der VbFF das Projekt WANDA gestartet, da neu entstehende Berufe auch immer mehr digitale Kompetenz verlangen und Frauen in dieser Arbeitswelt noch unterrepr\u00e4sentiert sind. <a href=\"https:\/\/www.vbff-ffm.de\/wp-content\/uploads\/200723_-Factsheet_WANDA.pdf\" target=\"_blank\" rel=\"noopener\">WANDA<\/a> steht f\u00fcr Wandlung durch digitale Anpassung. In dem Projekt wird den Teilnehmerinnen Wissen \u00fcber digital Medien und deren Anwendung vermittelt und zugleich \u00fcber die kritischen Aspekte gesprochen. Ziel des Projektes ist es, das Digital Gender Gap zu reduzieren, Frauen f\u00fcr die digitale Zukunft fit zu machen und so die Diversit\u00e4t in Unternehmen zu f\u00f6rdern. Das Projekt wird u.a. vom Hessischen Ministerium f\u00fcr Soziales und Integration, Europ\u00e4ischen Sozialfonds und der VINCI Stiftung finanziert.<\/p>\n<p>Wir von RAJA sehen in der Digitalisierung einen gro\u00dfen Zukunftszweig und freuen uns, dass der VbFF in diese Zukunft investiert. Daher begleiten wir den VbFF auch weiterhin gerne mit unserem Spendenprogramm, um so vielen Frauen R\u00fcckhalt f\u00fcr ein besseres Leben zu schenken.<\/p>\n<\/div><div class=\"su-expand-link su-expand-link-more\" style=\"text-align:left\"><a href=\"javascript:;\" style=\"color:#0088FF;border-color:#0088FF\"><i class=\"sui sui-chevron-circle-down\" style=\"\" aria-label=\"\"><\/i><span style=\"border-color:#0088FF\">Interview VbFF: Weiterlesen<\/span><\/a><\/div><div class=\"su-expand-link su-expand-link-less\" style=\"text-align:left\"><a href=\"javascript:;\" style=\"color:#0088FF;border-color:#0088FF\"><i class=\"sui sui-chevron-circle-up\" style=\"\" aria-label=\"\"><\/i><span style=\"border-color:#0088FF\">Interview VbFF: Schlie\u00dfen<\/span><\/a><\/div><\/div>\n<div class=\"su-divider su-divider-style-default\" style=\"margin:15px 0;border-width:3px;border-color:#999999\"><\/div>\n","protected":false},"excerpt":{"rendered":"<p>Mit dem Aktionsprogramm &#8222;Perspektiven f\u00fcr Frauen&#8220; engagiert sich die Rajapack GmbH f\u00fcr drei Organisationen, die sich deutschlandweit f\u00fcr die Themen Ausbildung und Chancengleichheit im Beruf, Integration von Frauen und M\u00e4dchen [&#8230;]<\/p>\n","protected":false},"author":24,"featured_media":26495,"comment_status":"open","ping_status":"closed","sticky":false,"template":"","format":"standard","meta":{"_acf_changed":false,"footnotes":""},"categories":[12],"tags":[203,135],"class_list":["post-11268","post","type-post","status-publish","format-standard","has-post-thumbnail","hentry","category-raja-insights","tag-perspektiven-fuer-frauen","tag-rajapack"],"acf":[],"yoast_head":"<!-- This site is optimized with the Yoast SEO plugin v23.0 - https:\/\/yoast.com\/wordpress\/plugins\/seo\/ -->\n<title>RAJA f\u00fcr VbFF e.V.<\/title>\n<meta name=\"description\" content=\"Im Interview mit dem VBFF konnten wir mehr \u00fcber den Verein zur beruflichen F\u00f6rderung von Frauen in Frankfurt erfahren...\" \/>\n<meta name=\"robots\" content=\"index, follow, max-snippet:-1, max-image-preview:large, max-video-preview:-1\" \/>\n<link rel=\"canonical\" href=\"https:\/\/www.rajapack.de\/verpackungsnews\/raja-fuer-vbff\" \/>\n<meta property=\"og:locale\" content=\"de_DE\" \/>\n<meta property=\"og:type\" content=\"article\" \/>\n<meta property=\"og:title\" content=\"RAJA f\u00fcr VbFF e.V.\" \/>\n<meta property=\"og:description\" content=\"Im Interview mit dem VBFF konnten wir mehr \u00fcber den Verein zur beruflichen F\u00f6rderung von Frauen in Frankfurt erfahren...\" \/>\n<meta property=\"og:url\" content=\"https:\/\/www.rajapack.de\/verpackungsnews\/raja-fuer-vbff\" \/>\n<meta property=\"og:site_name\" content=\"RAJAPACK Blog DE\" \/>\n<meta property=\"article:published_time\" content=\"2021-01-08T08:42:39+00:00\" \/>\n<meta property=\"article:modified_time\" content=\"2025-08-20T08:44:55+00:00\" \/>\n<meta property=\"og:image\" content=\"https:\/\/www.rajapack.de\/verpackungsnews\/wp-content\/uploads\/2016\/10\/VbFF-1536x585-1.png\" \/>\n\t<meta property=\"og:image:width\" content=\"1536\" \/>\n\t<meta property=\"og:image:height\" content=\"585\" \/>\n\t<meta property=\"og:image:type\" content=\"image\/png\" \/>\n<meta name=\"author\" content=\"RAJAPACK\" \/>\n<meta name=\"twitter:card\" content=\"summary_large_image\" \/>\n<meta name=\"twitter:label1\" content=\"Verfasst von\" \/>\n\t<meta name=\"twitter:data1\" content=\"RAJAPACK\" \/>\n\t<meta name=\"twitter:label2\" content=\"Gesch\u00e4tzte Lesezeit\" \/>\n\t<meta name=\"twitter:data2\" content=\"13 Minuten\" \/>\n<script type=\"application\/ld+json\" class=\"yoast-schema-graph\">{\n\t    \"@context\": \"https:\/\/schema.org\",\n\t    \"@graph\": [\n\t        {\n\t            \"@type\": \"WebPage\",\n\t            \"@id\": \"https:\/\/www.rajapack.de\/verpackungsnews\/raja-fuer-vbff\",\n\t            \"url\": \"https:\/\/www.rajapack.de\/verpackungsnews\/raja-fuer-vbff\",\n\t            \"name\": \"RAJA f\u00fcr VbFF e.V.\",\n\t            \"isPartOf\": {\n\t                \"@id\": \"https:\/\/www.rajapack.de\/verpackungsnews\/#website\"\n\t            },\n\t            \"primaryImageOfPage\": {\n\t                \"@id\": \"https:\/\/www.rajapack.de\/verpackungsnews\/raja-fuer-vbff#primaryimage\"\n\t            },\n\t            \"image\": {\n\t                \"@id\": \"https:\/\/www.rajapack.de\/verpackungsnews\/raja-fuer-vbff#primaryimage\"\n\t            },\n\t            \"thumbnailUrl\": \"https:\/\/www.rajapack.de\/verpackungsnews\/wp-content\/uploads\/2016\/10\/VbFF-1536x585-1.png\",\n\t            \"datePublished\": \"2021-01-08T08:42:39+00:00\",\n\t            \"dateModified\": \"2025-08-20T08:44:55+00:00\",\n\t            \"author\": {\n\t                \"@id\": \"https:\/\/www.rajapack.de\/verpackungsnews\/#\/schema\/person\/c6abd9a6a6c07cf31072cda42444cbec\"\n\t            },\n\t            \"description\": \"Im Interview mit dem VBFF konnten wir mehr \u00fcber den Verein zur beruflichen F\u00f6rderung von Frauen in Frankfurt erfahren...\",\n\t            \"inLanguage\": \"de-DE\",\n\t            \"potentialAction\": [\n\t                {\n\t                    \"@type\": \"ReadAction\",\n\t                    \"target\": [\n\t                        \"https:\/\/www.rajapack.de\/verpackungsnews\/raja-fuer-vbff\"\n\t                    ]\n\t                }\n\t            ]\n\t        },\n\t        {\n\t            \"@type\": \"ImageObject\",\n\t            \"inLanguage\": \"de-DE\",\n\t            \"@id\": \"https:\/\/www.rajapack.de\/verpackungsnews\/raja-fuer-vbff#primaryimage\",\n\t            \"url\": \"https:\/\/www.rajapack.de\/verpackungsnews\/wp-content\/uploads\/2016\/10\/VbFF-1536x585-1.png\",\n\t            \"contentUrl\": \"https:\/\/www.rajapack.de\/verpackungsnews\/wp-content\/uploads\/2016\/10\/VbFF-1536x585-1.png\",\n\t            \"width\": 1536,\n\t            \"height\": 585,\n\t            \"caption\": \"Interview mit dem Vbff\"\n\t        },\n\t        {\n\t            \"@type\": \"WebSite\",\n\t            \"@id\": \"https:\/\/www.rajapack.de\/verpackungsnews\/#website\",\n\t            \"url\": \"https:\/\/www.rajapack.de\/verpackungsnews\/\",\n\t            \"name\": \"RAJAPACK Blog DE\",\n\t            \"description\": \"Verpackungsnews vom Experten\",\n\t            \"potentialAction\": [\n\t                {\n\t                    \"@type\": \"SearchAction\",\n\t                    \"target\": {\n\t                        \"@type\": \"EntryPoint\",\n\t                        \"urlTemplate\": \"https:\/\/www.rajapack.de\/verpackungsnews\/?s={search_term_string}\"\n\t                    },\n\t                    \"query-input\": \"required name=search_term_string\"\n\t                }\n\t            ],\n\t            \"inLanguage\": \"de-DE\"\n\t        },\n\t        {\n\t            \"@type\": \"Person\",\n\t            \"@id\": \"https:\/\/www.rajapack.de\/verpackungsnews\/#\/schema\/person\/c6abd9a6a6c07cf31072cda42444cbec\",\n\t            \"name\": \"RAJAPACK\",\n\t            \"image\": {\n\t                \"@type\": \"ImageObject\",\n\t                \"inLanguage\": \"de-DE\",\n\t                \"@id\": \"https:\/\/www.rajapack.de\/verpackungsnews\/#\/schema\/person\/image\/\",\n\t                \"url\": \"https:\/\/secure.gravatar.com\/avatar\/4c95834f3b6420b1fbe980903e066e22?s=96&d=mm&r=g\",\n\t                \"contentUrl\": \"https:\/\/secure.gravatar.com\/avatar\/4c95834f3b6420b1fbe980903e066e22?s=96&d=mm&r=g\",\n\t                \"caption\": \"RAJAPACK\"\n\t            },\n\t            \"url\": \"https:\/\/www.rajapack.de\/verpackungsnews\/author\/rajapack\"\n\t        }\n\t    ]\n\t}<\/script>\n<!-- \/ Yoast SEO plugin. -->","yoast_head_json":{"title":"RAJA f\u00fcr VbFF e.V.","description":"Im Interview mit dem VBFF konnten wir mehr \u00fcber den Verein zur beruflichen F\u00f6rderung von Frauen in Frankfurt erfahren...","robots":{"index":"index","follow":"follow","max-snippet":"max-snippet:-1","max-image-preview":"max-image-preview:large","max-video-preview":"max-video-preview:-1"},"canonical":"https:\/\/www.rajapack.de\/verpackungsnews\/raja-fuer-vbff","og_locale":"de_DE","og_type":"article","og_title":"RAJA f\u00fcr VbFF e.V.","og_description":"Im Interview mit dem VBFF konnten wir mehr \u00fcber den Verein zur beruflichen F\u00f6rderung von Frauen in Frankfurt erfahren...","og_url":"https:\/\/www.rajapack.de\/verpackungsnews\/raja-fuer-vbff","og_site_name":"RAJAPACK Blog DE","article_published_time":"2021-01-08T08:42:39+00:00","article_modified_time":"2025-08-20T08:44:55+00:00","og_image":[{"width":1536,"height":585,"url":"https:\/\/www.rajapack.de\/verpackungsnews\/wp-content\/uploads\/2016\/10\/VbFF-1536x585-1.png","type":"image\/png"}],"author":"RAJAPACK","twitter_card":"summary_large_image","twitter_misc":{"Verfasst von":"RAJAPACK","Gesch\u00e4tzte Lesezeit":"13 Minuten"},"schema":{"@context":"https:\/\/schema.org","@graph":[{"@type":"WebPage","@id":"https:\/\/www.rajapack.de\/verpackungsnews\/raja-fuer-vbff","url":"https:\/\/www.rajapack.de\/verpackungsnews\/raja-fuer-vbff","name":"RAJA f\u00fcr VbFF e.V.","isPartOf":{"@id":"https:\/\/www.rajapack.de\/verpackungsnews\/#website"},"primaryImageOfPage":{"@id":"https:\/\/www.rajapack.de\/verpackungsnews\/raja-fuer-vbff#primaryimage"},"image":{"@id":"https:\/\/www.rajapack.de\/verpackungsnews\/raja-fuer-vbff#primaryimage"},"thumbnailUrl":"https:\/\/www.rajapack.de\/verpackungsnews\/wp-content\/uploads\/2016\/10\/VbFF-1536x585-1.png","datePublished":"2021-01-08T08:42:39+00:00","dateModified":"2025-08-20T08:44:55+00:00","author":{"@id":"https:\/\/www.rajapack.de\/verpackungsnews\/#\/schema\/person\/c6abd9a6a6c07cf31072cda42444cbec"},"description":"Im Interview mit dem VBFF konnten wir mehr \u00fcber den Verein zur beruflichen F\u00f6rderung von Frauen in Frankfurt erfahren...","inLanguage":"de-DE","potentialAction":[{"@type":"ReadAction","target":["https:\/\/www.rajapack.de\/verpackungsnews\/raja-fuer-vbff"]}]},{"@type":"ImageObject","inLanguage":"de-DE","@id":"https:\/\/www.rajapack.de\/verpackungsnews\/raja-fuer-vbff#primaryimage","url":"https:\/\/www.rajapack.de\/verpackungsnews\/wp-content\/uploads\/2016\/10\/VbFF-1536x585-1.png","contentUrl":"https:\/\/www.rajapack.de\/verpackungsnews\/wp-content\/uploads\/2016\/10\/VbFF-1536x585-1.png","width":1536,"height":585,"caption":"Interview mit dem Vbff"},{"@type":"WebSite","@id":"https:\/\/www.rajapack.de\/verpackungsnews\/#website","url":"https:\/\/www.rajapack.de\/verpackungsnews\/","name":"RAJAPACK Blog DE","description":"Verpackungsnews vom Experten","potentialAction":[{"@type":"SearchAction","target":{"@type":"EntryPoint","urlTemplate":"https:\/\/www.rajapack.de\/verpackungsnews\/?s={search_term_string}"},"query-input":"required name=search_term_string"}],"inLanguage":"de-DE"},{"@type":"Person","@id":"https:\/\/www.rajapack.de\/verpackungsnews\/#\/schema\/person\/c6abd9a6a6c07cf31072cda42444cbec","name":"RAJAPACK","image":{"@type":"ImageObject","inLanguage":"de-DE","@id":"https:\/\/www.rajapack.de\/verpackungsnews\/#\/schema\/person\/image\/","url":"https:\/\/secure.gravatar.com\/avatar\/4c95834f3b6420b1fbe980903e066e22?s=96&d=mm&r=g","contentUrl":"https:\/\/secure.gravatar.com\/avatar\/4c95834f3b6420b1fbe980903e066e22?s=96&d=mm&r=g","caption":"RAJAPACK"},"url":"https:\/\/www.rajapack.de\/verpackungsnews\/author\/rajapack"}]}},"_links":{"self":[{"href":"https:\/\/www.rajapack.de\/verpackungsnews\/wp-json\/wp\/v2\/posts\/11268"}],"collection":[{"href":"https:\/\/www.rajapack.de\/verpackungsnews\/wp-json\/wp\/v2\/posts"}],"about":[{"href":"https:\/\/www.rajapack.de\/verpackungsnews\/wp-json\/wp\/v2\/types\/post"}],"author":[{"embeddable":true,"href":"https:\/\/www.rajapack.de\/verpackungsnews\/wp-json\/wp\/v2\/users\/24"}],"replies":[{"embeddable":true,"href":"https:\/\/www.rajapack.de\/verpackungsnews\/wp-json\/wp\/v2\/comments?post=11268"}],"version-history":[{"count":2,"href":"https:\/\/www.rajapack.de\/verpackungsnews\/wp-json\/wp\/v2\/posts\/11268\/revisions"}],"predecessor-version":[{"id":31483,"href":"https:\/\/www.rajapack.de\/verpackungsnews\/wp-json\/wp\/v2\/posts\/11268\/revisions\/31483"}],"wp:featuredmedia":[{"embeddable":true,"href":"https:\/\/www.rajapack.de\/verpackungsnews\/wp-json\/wp\/v2\/media\/26495"}],"wp:attachment":[{"href":"https:\/\/www.rajapack.de\/verpackungsnews\/wp-json\/wp\/v2\/media?parent=11268"}],"wp:term":[{"taxonomy":"category","embeddable":true,"href":"https:\/\/www.rajapack.de\/verpackungsnews\/wp-json\/wp\/v2\/categories?post=11268"},{"taxonomy":"post_tag","embeddable":true,"href":"https:\/\/www.rajapack.de\/verpackungsnews\/wp-json\/wp\/v2\/tags?post=11268"}],"curies":[{"name":"wp","href":"https:\/\/api.w.org\/{rel}","templated":true}]}}